{"id":507512,"date":"2025-11-02T21:20:19","date_gmt":"2025-11-02T21:20:19","guid":{"rendered":"https:\/\/www.europesays.com\/fr\/507512\/"},"modified":"2025-11-02T21:20:19","modified_gmt":"2025-11-02T21:20:19","slug":"le-salaire-de-francis-coquelin-avec-le-fc-nantes","status":"publish","type":"post","link":"https:\/\/www.europesays.com\/fr\/507512\/","title":{"rendered":"Le salaire de Francis Coquelin avec le FC Nantes"},"content":{"rendered":"<p><img fetchpriority=\"high\" decoding=\"async\" width=\"620\" height=\"406\" src=\"https:\/\/www.europesays.com\/fr\/wp-content\/uploads\/2025\/11\/Francis-Coquelin-620x406.jpg\" alt=\"Salaire. Combien gagne Francis Coquelin avec le FC Nantes ?\" class=\"wp-image-383476\"  \/>Francis Coquelin est loin des plus hauts salaires dans le vestiaire du FC Nantes.<\/p>\n<p>S\u2019il n\u2019\u00e9tait trop souvent trahi par son corps qui ne le lui laisse que trop peu de r\u00e9pit entre deux blessures, Francis Coquelin serait peut-\u00eatre le meilleur parti du <a href=\"https:\/\/sportune.20minutes.fr\/fc-nantes\" target=\"_blank\" rel=\"noopener\">FC Nantes<\/a>. Avec son bagage d\u2019exp\u00e9rience et ses qualit\u00e9s intrins\u00e8que, le milieu de terrain r\u00e9cup\u00e9rateur est un joueur pr\u00e9cieux pour une \u00e9quipe qui joue depuis plusieurs saisons son maintien dans l\u2019\u00e9lite.<\/p>\n<p>Coquelin a son sport chevill\u00e9 au corps, au propre comme au figur\u00e9, il ne le pratique pas ou plus pour des contrats mirobolants sinon n\u2019aurait-il pas rejoint le <a href=\"https:\/\/sportune.20minutes.fr\/fc-nantes\" target=\"_blank\" rel=\"noopener\">FC Nantes<\/a> au d\u00e9but de cette ann\u00e9e, apr\u00e8s une p\u00e9riode de six mois d\u2019inactivit\u00e9. Son salaire, estim\u00e9 par <a href=\"https:\/\/www.lequipe.fr\/Football\/Actualites\/Les-salaires-de-la-ligue-1-2025-coquelin-sow-lepenant-des-recrues-low-cost-a-nantes\/1549475\" target=\"_blank\" rel=\"noopener\">L\u2019Equipe<\/a> \u00e0 30 000 euros bruts mensuels n\u2019est m\u00eame pas de moiti\u00e9 \u00e0 la moyenne du vestiaire des Canaris.<\/p>\n<p>Des efforts contractuels pour rejoindre le FC Nantes<\/p>\n<p>Il a rogn\u00e9 par pr\u00e8s de sept son salaire pr\u00e9c\u00e9demment gagn\u00e9 en Espagne quand il portait les couleurs de <a href=\"https:\/\/sportune.20minutes.fr\/villarreal-cf\" target=\"_blank\" rel=\"noopener\">Villarreal CF<\/a> (environ 3 M\u20ac bruts annuels d\u2019apr\u00e8s les estimations de la presse <a href=\"https:\/\/www.marca.com\/futbol\/villarreal\/2020\/08\/11\/5f31d3ff46163fb7078b462c.html\" target=\"_blank\" rel=\"noopener\">espagnole<\/a>). Pr\u00e9cieux, mais fragile et le temps qui avance n\u2019aide pas \u00e0 la reconstruction rapide de l\u2019organisme. A 34 ans, il a encore cette saison sous contrat avec le club de la Loire. Et plus si affinit\u00e9s, s\u2019il parvient \u00e0 s\u2019installer durablement dans le onze de Luis Castro sans avoir \u00e0 (re)passer par la case infirmerie.<\/p>\n<p>Au cr\u00e9puscule d\u2019une longue carri\u00e8re d\u2019itin\u00e9rance, le natif de Laval a fr\u00e9quent\u00e9 les plus grands championnats du foot europ\u00e9en autrement que la <a href=\"https:\/\/sportune.20minutes.fr\/ligue-1-l1\" target=\"_blank\" rel=\"noopener\">Ligue 1<\/a> : longtemps la <a href=\"https:\/\/sportune.20minutes.fr\/premier-league\" target=\"_blank\" rel=\"noopener\">Premier League<\/a> avec les Gunners d\u2019<a href=\"https:\/\/sportune.20minutes.fr\/arsenal-fc\" target=\"_blank\" rel=\"noopener\">Arsenal FC<\/a>, puis la <a href=\"https:\/\/sportune.20minutes.fr\/bundesliga\" target=\"_blank\" rel=\"noopener\">Bundesliga<\/a>, le temps d\u2019un pr\u00eat au <a href=\"https:\/\/sportune.20minutes.fr\/sc-fribourg\" target=\"_blank\" rel=\"noopener\">SC Fribourg<\/a>, suivi de la <a href=\"https:\/\/sportune.20minutes.fr\/liga\" target=\"_blank\" rel=\"noopener\">Liga<\/a>, d\u2019abord au <a href=\"https:\/\/sportune.20minutes.fr\/valence-cf\" target=\"_blank\" rel=\"noopener\">Valence CF<\/a> puis chez le Sous-marin jaune, <a href=\"https:\/\/sportune.20minutes.fr\/villarreal-cf\" target=\"_blank\" rel=\"noopener\">Villarreal CF<\/a>. La suite, on la connait\u2026<\/p>\n<p>Le salaire de Francis Coquelin avec le FC Nantes<\/p>\n<p><strong>Annuel :<\/strong> 360 000 \u20ac<br \/><strong>Mensuel :<\/strong> 30 000 \u20ac<br \/><strong>Hebdomadaire :<\/strong> 6 923 \u20ac<br \/><strong>Quotidien :<\/strong> 986 \u20ac<br \/><strong>Fin de contrat :<\/strong> 2026<\/p>\n","protected":false},"excerpt":{"rendered":"Francis Coquelin est loin des plus hauts salaires dans le vestiaire du FC Nantes. S\u2019il n\u2019\u00e9tait trop souvent&hellip;\n","protected":false},"author":2,"featured_media":507513,"comment_status":"","ping_status":"","sticky":false,"template":"","format":"standard","meta":{"footnotes":""},"categories":[2818],"tags":[1111,11,1777,674,462,1011,27,46271,766,12,2636,25,969],"class_list":{"0":"post-507512","1":"post","2":"type-post","3":"status-publish","4":"format-standard","5":"has-post-thumbnail","7":"category-nantes","8":"tag-actu","9":"tag-actualites","10":"tag-eu","11":"tag-europe","12":"tag-fc-nantes","13":"tag-fr","14":"tag-france","15":"tag-francis-coquelin","16":"tag-nantes","17":"tag-news","18":"tag-pays-de-la-loire","19":"tag-republique-francaise","20":"tag-transfert"},"share_on_mastodon":{"url":"https:\/\/pubeurope.com\/@fr\/115482201103710375","error":""},"_links":{"self":[{"href":"https:\/\/www.europesays.com\/fr\/wp-json\/wp\/v2\/posts\/507512","targetHints":{"allow":["GET"]}}],"collection":[{"href":"https:\/\/www.europesays.com\/fr\/wp-json\/wp\/v2\/posts"}],"about":[{"href":"https:\/\/www.europesays.com\/fr\/wp-json\/wp\/v2\/types\/post"}],"author":[{"embeddable":true,"href":"https:\/\/www.europesays.com\/fr\/wp-json\/wp\/v2\/users\/2"}],"replies":[{"embeddable":true,"href":"https:\/\/www.europesays.com\/fr\/wp-json\/wp\/v2\/comments?post=507512"}],"version-history":[{"count":0,"href":"https:\/\/www.europesays.com\/fr\/wp-json\/wp\/v2\/posts\/507512\/revisions"}],"wp:featuredmedia":[{"embeddable":true,"href":"https:\/\/www.europesays.com\/fr\/wp-json\/wp\/v2\/media\/507513"}],"wp:attachment":[{"href":"https:\/\/www.europesays.com\/fr\/wp-json\/wp\/v2\/media?parent=507512"}],"wp:term":[{"taxonomy":"category","embeddable":true,"href":"https:\/\/www.europesays.com\/fr\/wp-json\/wp\/v2\/categories?post=507512"},{"taxonomy":"post_tag","embeddable":true,"href":"https:\/\/www.europesays.com\/fr\/wp-json\/wp\/v2\/tags?post=507512"}],"curies":[{"name":"wp","href":"https:\/\/api.w.org\/{rel}","templated":true}]}}