{"id":507523,"date":"2025-11-02T21:27:13","date_gmt":"2025-11-02T21:27:13","guid":{"rendered":"https:\/\/www.europesays.com\/fr\/507523\/"},"modified":"2025-11-02T21:27:13","modified_gmt":"2025-11-02T21:27:13","slug":"le-maire-de-marseille-et-des-deputes-de-gauche-reclament-la-grace-presidentielle-pour-un-rescape-de-la-rue-daubagne","status":"publish","type":"post","link":"https:\/\/www.europesays.com\/fr\/507523\/","title":{"rendered":"Le maire de Marseille et des d\u00e9put\u00e9s de gauche r\u00e9clament la gr\u00e2ce pr\u00e9sidentielle pour un rescap\u00e9 de la rue d\u2019Aubagne"},"content":{"rendered":"<p class=\"rev-margin-0 rev-text-xs-normal\">Reda M., qui vivait au num\u00e9ro 65 de la rue d\u2019Aubagne, n\u2019a pu y r\u00e9chapper que gr\u00e2ce \u00e0 ses horaires de travail et \u00e0 son d\u00e9part tr\u00e8s matinal de son domicile.<\/p>\n<p class=\"rev-margin-0 rev-text-xs-bold\">\/ PHOTO ARCHIVES Fr\u00e9d\u00e9ric Speich<\/p>\n<p>Le drame de la rue d\u2019Aubagne du 5-novembre\u00a02018, continue, m\u00eame sept ann\u00e9es apr\u00e8s, \u00e0 drainer du malheur dans son sillage. Cette fois, le sort s\u2019acharne sur Reda M., 52\u00a0ans, ressortissant tunisien et habitant du 65, rue d\u2019Aubagne jusqu\u2019au matin des effondrements et <a href=\"https:\/\/www.laprovence.com\/article\/faits-divers-justice\/91484643898296\/proces-des-effondrements-de-la-rue-d-aubagne-l-audience-d-interets-civils-renvoyee\" target=\"_blank\" rel=\"noopener\">reconnu victime<\/a> par le tribunal en\u00a02023.<\/p>\n<p>Sans papiers, il a \u00e9t\u00e9 interpell\u00e9 lors d\u2019un contr\u00f4le d\u2019identit\u00e9 puis plac\u00e9 d\u00e9but septembre au centre de r\u00e9tention administrative (CRA) du Canet (14e), avant d\u2019\u00eatre expuls\u00e9 vers la Tunisie entre le 25 et le 26\u00a0octobre. \u00c0 quelques jours de la comm\u00e9moration de la septi\u00e8me ann\u00e9e du drame qui a fait huit morts, le collectif du 5-Novembre s\u2019est \u00e9mu et indign\u00e9 sur les r\u00e9seaux sociaux.<\/p>\n<p>Dans un communiqu\u00e9, ses membres demandent au pr\u00e9sident de la R\u00e9publique Emmanuel Macron une gr\u00e2ce \u00ab\u00a0au vu de la situation exceptionnelle de Reda M., de l\u2019importance du respect de toutes les victimes de la rue d\u2019Aubagne en vue de la <a href=\"https:\/\/www.laprovence.com\/article\/region\/1087268571597215\/marseille-la-rue-d-aubagne-semble-figee-dans-du-formol-les-mots-forts-dune-habitante-6-ans-apres-le-drame\" target=\"_blank\" rel=\"noopener\">r\u00e9paration morale de notre ville<\/a> et au nom du simple devoir d\u2019humanit\u00e9\u00a0\u00bb. Ils estiment cette d\u00e9cision d\u2019expulsion, motiv\u00e9e par un \u00ab\u00a0d\u00e9lit mineur\u00a0\u00bb en\u00a02023 et une peine d\u2019interdiction du territoire fran\u00e7ais (ITF) qui devait expirer dans quelques mois, \u00ab\u00a0disproportionn\u00e9e\u00a0\u00bb et en appellent \u00e0 la cl\u00e9mence.<\/p>\n<p>Pour Beno\u00eet Payan, \u00ab\u00a0Reda M. doit \u00eatre ici, \u00e0 Marseille\u00a0\u00bb<\/p>\n<p>Il \u00e9tait partie civile au <a href=\"https:\/\/www.laprovence.com\/article\/faits-divers-justice\/4197568140635\/proces-des-effondrements-de-la-rue-daubagne-la-justice-face-a-la-complexe-question-de-lindemnisation\" target=\"_blank\" rel=\"noopener\">proc\u00e8s<\/a> qui a secou\u00e9 les proches des victimes \u00e0 l\u2019automne dernier, et il devait de nouveau \u00eatre appel\u00e9 \u00e0 t\u00e9moigner lors de <a href=\"https:\/\/www.laprovence.com\/article\/faits-divers-justice\/1111906487547214\/marseille-le-proces-en-appel-des-effondrements-de-la-rue-daubagne-rejoue-du-2-novembre-au-19-decembre-2026\" target=\"_blank\" rel=\"noopener\">l\u2019audience en appel<\/a> qui doit se tenir dans plus d\u2019un an.<\/p>\n<p>Le cas de Reda M., en situation tr\u00e8s pr\u00e9caire depuis\u00a02018, a interpell\u00e9 jusqu\u2019au maire (DVG) Beno\u00eet Payan et aux parlementaires de gauche de Marseille et des Bouches-du-Rh\u00f4ne. L\u2019\u00e9dile de Marseille r\u00e9clame aussi l\u2019attention du pr\u00e9sident\u00a0: \u00ab\u00a0Reda M. doit \u00eatre ici, \u00e0 Marseille, au c\u00f4t\u00e9 des victimes du drame du 5-novembre\u00a0\u00bb, faute de quoi il ne pourrait correctement participer \u00e0 la suite de la proc\u00e9dure judiciaire. Il rappelle aussi que le quinquag\u00e9naire est en mauvaise sant\u00e9, encore traumatis\u00e9 par le drame, dans lequel il a perdu toutes ses affaires et des amis.<\/p>\n<p>L\u2019effet rebond de cette d\u00e9cision se manifeste aussi par une lettre commune sign\u00e9e par Manuel Bompard (LFI), S\u00e9bastien Delogu (LFI), Laurent Lhardit (PS), Hendrik Davi (L\u2019Apr\u00e8s) et les s\u00e9nateurs Guy Benarroche (\u00c9cologiste), Marie-Arlette Carlotti (PS) et J\u00e9r\u00e9my Bacchi (PCF). Ils s\u2019associent au collectif du 5-Novembre pour r\u00e9clamer la gr\u00e2ce pr\u00e9sidentielle. Le la lui accorder \u00ab\u00a0serait un geste fort\u00a0: celui de la r\u00e9paration d\u2019une injustice, d\u2019une reconnaissance envers une victime, qui malgr\u00e9 la souffrance, aspire simplement \u00e0 se reconstruire dignement, et un geste d\u2019humanit\u00e9 envers toutes les victimes de ces effondrements\u00a0\u00bb.<\/p>\n","protected":false},"excerpt":{"rendered":"Reda M., qui vivait au num\u00e9ro 65 de la rue d\u2019Aubagne, n\u2019a pu y r\u00e9chapper que gr\u00e2ce \u00e0&hellip;\n","protected":false},"author":2,"featured_media":507524,"comment_status":"","ping_status":"","sticky":false,"template":"","format":"standard","meta":{"footnotes":""},"categories":[2814],"tags":[17,1111,11,423,154,1777,674,1011,27,2383,4567,5107,884,12,882,22349,16,25],"class_list":{"0":"post-507523","1":"post","2":"type-post","3":"status-publish","4":"format-standard","5":"has-post-thumbnail","7":"category-marseille","8":"tag-17","9":"tag-actu","10":"tag-actualites","11":"tag-deputes","12":"tag-des","13":"tag-eu","14":"tag-europe","15":"tag-fr","16":"tag-france","17":"tag-gauche","18":"tag-grace","19":"tag-maire","20":"tag-marseille","21":"tag-news","22":"tag-provence-alpes-cote-dazur","23":"tag-reclament","24":"tag-region","25":"tag-republique-francaise"},"share_on_mastodon":{"url":"https:\/\/pubeurope.com\/@fr\/115482227236593444","error":""},"_links":{"self":[{"href":"https:\/\/www.europesays.com\/fr\/wp-json\/wp\/v2\/posts\/507523","targetHints":{"allow":["GET"]}}],"collection":[{"href":"https:\/\/www.europesays.com\/fr\/wp-json\/wp\/v2\/posts"}],"about":[{"href":"https:\/\/www.europesays.com\/fr\/wp-json\/wp\/v2\/types\/post"}],"author":[{"embeddable":true,"href":"https:\/\/www.europesays.com\/fr\/wp-json\/wp\/v2\/users\/2"}],"replies":[{"embeddable":true,"href":"https:\/\/www.europesays.com\/fr\/wp-json\/wp\/v2\/comments?post=507523"}],"version-history":[{"count":0,"href":"https:\/\/www.europesays.com\/fr\/wp-json\/wp\/v2\/posts\/507523\/revisions"}],"wp:featuredmedia":[{"embeddable":true,"href":"https:\/\/www.europesays.com\/fr\/wp-json\/wp\/v2\/media\/507524"}],"wp:attachment":[{"href":"https:\/\/www.europesays.com\/fr\/wp-json\/wp\/v2\/media?parent=507523"}],"wp:term":[{"taxonomy":"category","embeddable":true,"href":"https:\/\/www.europesays.com\/fr\/wp-json\/wp\/v2\/categories?post=507523"},{"taxonomy":"post_tag","embeddable":true,"href":"https:\/\/www.europesays.com\/fr\/wp-json\/wp\/v2\/tags?post=507523"}],"curies":[{"name":"wp","href":"https:\/\/api.w.org\/{rel}","templated":true}]}}