{"id":507525,"date":"2025-11-02T21:28:20","date_gmt":"2025-11-02T21:28:20","guid":{"rendered":"https:\/\/www.europesays.com\/fr\/507525\/"},"modified":"2025-11-02T21:28:20","modified_gmt":"2025-11-02T21:28:20","slug":"comment-obtenir-des-places-pour-le-velodrome-et-le-stade-de-france","status":"publish","type":"post","link":"https:\/\/www.europesays.com\/fr\/507525\/","title":{"rendered":"comment obtenir des places pour le V\u00e9lodrome et le Stade de France ?"},"content":{"rendered":"<p>\u00ab\u00a0Alors, on se revoit en 2026 en vrai\u2026\u00a0\u00bb, a l\u00e2ch\u00e9 <a href=\"https:\/\/www.laprovence.com\/article\/culture-loisirs\/92858543102316\/jul-bientot-en-concert-a-marseille-le-rappeur-annonce-deux-dates-au-velodrome-et-deux-au-stade-de-france\" target=\"_blank\" rel=\"noopener\">Jul <\/a>sur ses r\u00e9seaux sociaux ce dimanche 2 novembre. Le \u00ab\u00a0boss\u00a0\u00bb du rap marseillais promet un show in\u00e9dit. Les dates sont fix\u00e9es : 15 et 16 mai au Stade de France, puis 29 et 30 mai au Stade Orange V\u00e9lodrome. De quoi faire vibrer toute la France, et surtout <a href=\"https:\/\/www.laprovence.com\/region\/Edition-marseille\" target=\"_blank\" rel=\"noopener\">Marseille <\/a>!<\/p>\n<p><img alt=\"Concert du rappeur marseillais Jul au stade Orange V\u00e9lodrome \u00e0 Marseille en 2025. 2\u00e8me soir\u00e9e de concert IMPORTANT : IMAGE DISPARUE DANS FOTOSTATION , RECUPEREE DANS MELODY - JUL - 240525NVI02\" loading=\"lazy\" decoding=\"async\" data-nimg=\"fill\" class=\" TwicCore_img__i9TC1 undefined  undefined\" style=\"position:absolute;height:100%;width:100%;left:0;top:0;right:0;bottom:0;color:transparent;background-size:cover;background-position:50% 50%;background-repeat:no-repeat;background-image:url(&quot;data:image\/svg+xml;charset=utf-8,%3Csvg xmlns='http:\/\/www.w3.org\/2000\/svg' %3E%3Cfilter id='b' color-interpolation-filters='sRGB'%3E%3CfeGaussianBlur stdDeviation='20'\/%3E%3CfeColorMatrix values='1 0 0 0 0 0 1 0 0 0 0 0 1 0 0 0 0 0 100 -1' result='s'\/%3E%3CfeFlood x='0' y='0' width='100%25' height='100%25'\/%3E%3CfeComposite operator='out' in='s'\/%3E%3CfeComposite in2='SourceGraphic'\/%3E%3CfeGaussianBlur stdDeviation='20'\/%3E%3C\/filter%3E%3Cimage width='100%25' height='100%25' x='0' y='0' preserveAspectRatio='none' style='filter: url(%23b);' href='https:\/\/pictures.laprovence.com\/cdn-cgi\/image\/blur=250\/media\/melody\/2025\/11\/02\/concert-du-rappeur-marseillais-jul-au-stade-orange-velodrome-a-marseille-en-2025-2eme-soiree-de-conc-1762102741_5fbe6d2d8709653ce6d2d870947ce6v_.jpg'\/%3E%3C\/svg%3E&quot;)\"   src=\"https:\/\/www.europesays.com\/fr\/wp-content\/uploads\/2025\/11\/concert-du-rappeur-marseillais-jul-au-stade-orange-velodrome-a-marseille-en-2025-2eme-soiree-de-conc.jpeg\"\/>Concert du rappeur marseillais Jul au stade Orange V\u00e9lodrome \u00e0 Marseille en 2025. 2\u00e8me soir\u00e9e de concert IMPORTANT : IMAGE DISPARUE DANS FOTOSTATION , RECUPEREE DANS MELODY &#8211; JUL &#8211; 240525NVI02 \/ Photo Nicolas VALLAURIQuand s&rsquo;ouvrent la pr\u00e9vente et la vente officielle ?<\/p>\n<p>Pour les plus rapides, l<strong>a pr\u00e9vente exclusive ouvrira le mercredi 5 novembre \u00e0 12h, avec un pack billet + album<\/strong>. La <strong>mise en vente g\u00e9n\u00e9rale suivra le vendredi 7 novembre \u00e0 10h<\/strong>. Autant dire qu&rsquo;il faudra \u00eatre au taquet : les places risquent de partir en quelques minutes.<\/p>\n<p>C\u00f4t\u00e9 s\u00e9curit\u00e9, <a href=\"https:\/\/www.laprovence.com\/article\/culture-loisirs\/1674162091103614\/jul-annonce-la-sortie-de-son-prochain-album-tp-sur-tp-pour-le-5-novembre\" target=\"_blank\" rel=\"noopener\">Jul <\/a>tient \u00e0 pr\u00e9venir ses fans : m\u00e9fiez-vous des faux billets. Les seules plateformes officielles sont :<\/p>\n<ul>&#13;<\/p>\n<li>ticketmaster.fr<\/li>\n<p>&#13;<\/p>\n<li>stadefrance.com<\/li>\n<p>&#13;<\/p>\n<li>orangevelodrome.com<\/li>\n<p>&#13;<\/p>\n<li>adamconcerts.com<\/li>\n<p>&#13;\n<\/ul>\n<p>Pas d&rsquo;interm\u00e9diaires, pas de risques en somme. L&rsquo;Ovni veut que tout le monde profite du spectacle sans mauvaises surprises. En 2026, le J compte bien <a href=\"https:\/\/www.laprovence.com\/article\/culture-loisirs\/3082020757384214\/video-jul-au-velodrome-je-mattends-a-lun-des-plus-beaux-concerts-du-monde\" target=\"_blank\" rel=\"noopener\">\u00ab\u00a0fissurer\u00a0\u00bb les stades<\/a>. Et comme il le dit lui-m\u00eame : \u00ab\u00a0Tout pour ma team que j&rsquo;aime.\u00a0\u00bb<\/p>\n","protected":false},"excerpt":{"rendered":"\u00ab\u00a0Alors, on se revoit en 2026 en vrai\u2026\u00a0\u00bb, a l\u00e2ch\u00e9 Jul sur ses r\u00e9seaux sociaux ce dimanche 2&hellip;\n","protected":false},"author":2,"featured_media":507526,"comment_status":"","ping_status":"","sticky":false,"template":"","format":"standard","meta":{"footnotes":""},"categories":[2814],"tags":[17,1111,11,20,4156,251,1777,674,1011,27,1279,884,12,882,25,2858,957,4568],"class_list":{"0":"post-507525","1":"post","2":"type-post","3":"status-publish","4":"format-standard","5":"has-post-thumbnail","7":"category-marseille","8":"tag-17","9":"tag-actu","10":"tag-actualites","11":"tag-comment","12":"tag-concerts","13":"tag-culture","14":"tag-eu","15":"tag-europe","16":"tag-fr","17":"tag-france","18":"tag-jul","19":"tag-marseille","20":"tag-news","21":"tag-provence-alpes-cote-dazur","22":"tag-republique-francaise","23":"tag-stade","24":"tag-velodrome","25":"tag-vous"},"share_on_mastodon":{"url":"https:\/\/pubeurope.com\/@fr\/115482231809913028","error":""},"_links":{"self":[{"href":"https:\/\/www.europesays.com\/fr\/wp-json\/wp\/v2\/posts\/507525","targetHints":{"allow":["GET"]}}],"collection":[{"href":"https:\/\/www.europesays.com\/fr\/wp-json\/wp\/v2\/posts"}],"about":[{"href":"https:\/\/www.europesays.com\/fr\/wp-json\/wp\/v2\/types\/post"}],"author":[{"embeddable":true,"href":"https:\/\/www.europesays.com\/fr\/wp-json\/wp\/v2\/users\/2"}],"replies":[{"embeddable":true,"href":"https:\/\/www.europesays.com\/fr\/wp-json\/wp\/v2\/comments?post=507525"}],"version-history":[{"count":0,"href":"https:\/\/www.europesays.com\/fr\/wp-json\/wp\/v2\/posts\/507525\/revisions"}],"wp:featuredmedia":[{"embeddable":true,"href":"https:\/\/www.europesays.com\/fr\/wp-json\/wp\/v2\/media\/507526"}],"wp:attachment":[{"href":"https:\/\/www.europesays.com\/fr\/wp-json\/wp\/v2\/media?parent=507525"}],"wp:term":[{"taxonomy":"category","embeddable":true,"href":"https:\/\/www.europesays.com\/fr\/wp-json\/wp\/v2\/categories?post=507525"},{"taxonomy":"post_tag","embeddable":true,"href":"https:\/\/www.europesays.com\/fr\/wp-json\/wp\/v2\/tags?post=507525"}],"curies":[{"name":"wp","href":"https:\/\/api.w.org\/{rel}","templated":true}]}}