{"id":507527,"date":"2025-11-02T21:29:13","date_gmt":"2025-11-02T21:29:13","guid":{"rendered":"https:\/\/www.europesays.com\/fr\/507527\/"},"modified":"2025-11-02T21:29:13","modified_gmt":"2025-11-02T21:29:13","slug":"le-championnat-national-de-toilettage-attire-un-record-de-participants","status":"publish","type":"post","link":"https:\/\/www.europesays.com\/fr\/507527\/","title":{"rendered":"le championnat national de toilettage attire un record de participants"},"content":{"rendered":"<p itemprop=\"description\"><strong>Plus de 340 chiens et une trentaine de chats ont investi les salons de l\u2019h\u00f4tel Lyon Est pour le 36e championnat de France de toilettage.<\/strong><\/p>\n<p>Le championnat respecte les normes internationales, avec dix jur\u00e9s \u00e9valuant chaque coupe selon des crit\u00e8res pr\u00e9cis. Des \u00e9preuves annexes, comme le concours \u201cfigure libre\u201d et l\u2019\u00e9pilation, viennent compl\u00e9ter le programme.<\/p>\n<p>Ce week-end, Saint-Maurice-de-Beynost dans l&rsquo;Ain a accueilli la cr\u00e8me des toiletteurs fran\u00e7ais, environ 180 participants encadr\u00e9s par l\u2019\u00e9quipe locale d\u2019Anne-Marie Le Royer, pr\u00e9sidente de la SBPCC.<\/p>\n<p>Les participants, r\u00e9partis en quatre niveaux, r\u00e9alisent trois toilettes sur diff\u00e9rentes races de chiens, tandis que les caniches, stars de l\u2019\u00e9v\u00e9nement, ont cl\u00f4tur\u00e9 le championnat ce dimanche apr\u00e8s-midi.<\/p>\n","protected":false},"excerpt":{"rendered":"Plus de 340 chiens et une trentaine de chats ont investi les salons de l\u2019h\u00f4tel Lyon Est pour&hellip;\n","protected":false},"author":2,"featured_media":507528,"comment_status":"","ping_status":"","sticky":false,"template":"","format":"standard","meta":{"footnotes":""},"categories":[1889],"tags":[1111,11,2813,2190,2430,1109,251,1112,2811,1777,674,118,1011,27,1922,1110,1114,2428,2810,12,241,316,25,2812,517,800],"class_list":{"0":"post-507527","1":"post","2":"type-post","3":"status-publish","4":"format-standard","5":"has-post-thumbnail","7":"category-lyon","8":"tag-actu","9":"tag-actualites","10":"tag-article","11":"tag-asvel","12":"tag-auvergne-rhone-alpes","13":"tag-breves","14":"tag-culture","15":"tag-depeches","16":"tag-economique","17":"tag-eu","18":"tag-europe","19":"tag-faits-divers","20":"tag-fr","21":"tag-france","22":"tag-info","23":"tag-informations","24":"tag-infos","25":"tag-lyon","26":"tag-lyonmag","27":"tag-news","28":"tag-ol","29":"tag-politique","30":"tag-republique-francaise","31":"tag-sociale","32":"tag-sport","33":"tag-transports"},"share_on_mastodon":{"url":"https:\/\/pubeurope.com\/@fr\/115482235040114326","error":""},"_links":{"self":[{"href":"https:\/\/www.europesays.com\/fr\/wp-json\/wp\/v2\/posts\/507527","targetHints":{"allow":["GET"]}}],"collection":[{"href":"https:\/\/www.europesays.com\/fr\/wp-json\/wp\/v2\/posts"}],"about":[{"href":"https:\/\/www.europesays.com\/fr\/wp-json\/wp\/v2\/types\/post"}],"author":[{"embeddable":true,"href":"https:\/\/www.europesays.com\/fr\/wp-json\/wp\/v2\/users\/2"}],"replies":[{"embeddable":true,"href":"https:\/\/www.europesays.com\/fr\/wp-json\/wp\/v2\/comments?post=507527"}],"version-history":[{"count":0,"href":"https:\/\/www.europesays.com\/fr\/wp-json\/wp\/v2\/posts\/507527\/revisions"}],"wp:featuredmedia":[{"embeddable":true,"href":"https:\/\/www.europesays.com\/fr\/wp-json\/wp\/v2\/media\/507528"}],"wp:attachment":[{"href":"https:\/\/www.europesays.com\/fr\/wp-json\/wp\/v2\/media?parent=507527"}],"wp:term":[{"taxonomy":"category","embeddable":true,"href":"https:\/\/www.europesays.com\/fr\/wp-json\/wp\/v2\/categories?post=507527"},{"taxonomy":"post_tag","embeddable":true,"href":"https:\/\/www.europesays.com\/fr\/wp-json\/wp\/v2\/tags?post=507527"}],"curies":[{"name":"wp","href":"https:\/\/api.w.org\/{rel}","templated":true}]}}