{"id":507557,"date":"2025-11-02T21:50:15","date_gmt":"2025-11-02T21:50:15","guid":{"rendered":"https:\/\/www.europesays.com\/fr\/507557\/"},"modified":"2025-11-02T21:50:15","modified_gmt":"2025-11-02T21:50:15","slug":"rolex-grand-final-mory-6e-charmasson-promu","status":"publish","type":"post","link":"https:\/\/www.europesays.com\/fr\/507557\/","title":{"rendered":"Rolex Grand Final\u00a0: Mory 6e, Charmasson promu"},"content":{"rendered":"<p>La famille <strong>Mory <\/strong>aura \u00e9galement de quoi c\u00e9l\u00e9brer la belle saison de <strong>F\u00e9lix<\/strong>, lorsque ce dernier sera de retour dans la m\u00e9tropole lilloise. Le Nordiste de 31 ans \u00e9tait d\u00e9j\u00e0 assur\u00e9 de sa promotion sur le <strong>DP World Tour<\/strong> en arrivant cette semaine, et il a conclu sa saison par une belle 6e place. \u00c0 -12 total apr\u00e8s 11 trous ce dimanche, gr\u00e2ce \u00e0 quatre birdies, il s&rsquo;est m\u00eame offert de r\u00eaver \u00e0 la victoire dans le tournoi, ne comptant, \u00e0 ce moment-l\u00e0, qu&rsquo;une seule longueur de retard sur la t\u00eate. Mais des bogeys au 12 et au 18 l&rsquo;ont fait reculer \u00e0 un total final de -10, en 6e position. Tout le paradoxe est de voir son 5e top 10 de la saison sur l&rsquo;<strong>HotelPlanner Tour<\/strong>, et son troisi\u00e8me cons\u00e9cutif, le faire perdre deux places au classement final de la <strong>Road to Mallorca <\/strong>(12e). Tout simplement, trois joueurs du podium final de ce <strong>Rolex Grand Final <\/strong>(<strong>James Morrison<\/strong>, <strong>Stefano Mazzoli<\/strong>, seul 2e, et <strong>Daniel Van Tonder<\/strong>, 3e ex \u00e6quo), lui sont pass\u00e9s devant sur le fil, pour quelques petits coups. L&rsquo;important est ailleurs, par exemple dans le fait de voir son niveau de performance, alors que les premiers tournois de la prochaine saison du <strong>DP World Tour <\/strong>auront lieu d\u00e8s la fin de ce mois de novembre.<\/p>\n","protected":false},"excerpt":{"rendered":"La famille Mory aura \u00e9galement de quoi c\u00e9l\u00e9brer la belle saison de F\u00e9lix, lorsque ce dernier sera de&hellip;\n","protected":false},"author":2,"featured_media":507558,"comment_status":"","ping_status":"","sticky":false,"template":"","format":"standard","meta":{"footnotes":""},"categories":[1418],"tags":[1011,27,1472,60],"class_list":{"0":"post-507557","1":"post","2":"type-post","3":"status-publish","4":"format-standard","5":"has-post-thumbnail","7":"category-golf","8":"tag-fr","9":"tag-france","10":"tag-golf","11":"tag-sports"},"share_on_mastodon":{"url":"https:\/\/pubeurope.com\/@fr\/115482317558646685","error":""},"_links":{"self":[{"href":"https:\/\/www.europesays.com\/fr\/wp-json\/wp\/v2\/posts\/507557","targetHints":{"allow":["GET"]}}],"collection":[{"href":"https:\/\/www.europesays.com\/fr\/wp-json\/wp\/v2\/posts"}],"about":[{"href":"https:\/\/www.europesays.com\/fr\/wp-json\/wp\/v2\/types\/post"}],"author":[{"embeddable":true,"href":"https:\/\/www.europesays.com\/fr\/wp-json\/wp\/v2\/users\/2"}],"replies":[{"embeddable":true,"href":"https:\/\/www.europesays.com\/fr\/wp-json\/wp\/v2\/comments?post=507557"}],"version-history":[{"count":0,"href":"https:\/\/www.europesays.com\/fr\/wp-json\/wp\/v2\/posts\/507557\/revisions"}],"wp:featuredmedia":[{"embeddable":true,"href":"https:\/\/www.europesays.com\/fr\/wp-json\/wp\/v2\/media\/507558"}],"wp:attachment":[{"href":"https:\/\/www.europesays.com\/fr\/wp-json\/wp\/v2\/media?parent=507557"}],"wp:term":[{"taxonomy":"category","embeddable":true,"href":"https:\/\/www.europesays.com\/fr\/wp-json\/wp\/v2\/categories?post=507557"},{"taxonomy":"post_tag","embeddable":true,"href":"https:\/\/www.europesays.com\/fr\/wp-json\/wp\/v2\/tags?post=507557"}],"curies":[{"name":"wp","href":"https:\/\/api.w.org\/{rel}","templated":true}]}}