{"id":507563,"date":"2025-11-02T21:53:11","date_gmt":"2025-11-02T21:53:11","guid":{"rendered":"https:\/\/www.europesays.com\/fr\/507563\/"},"modified":"2025-11-02T21:53:11","modified_gmt":"2025-11-02T21:53:11","slug":"mirra-andreeva-evoque-lerreur-qui-lui-a-coute-une-place-aux-wta-finals","status":"publish","type":"post","link":"https:\/\/www.europesays.com\/fr\/507563\/","title":{"rendered":"Mirra Andreeva \u00e9voque l\u2019erreur qui lui a co\u00fbt\u00e9 une place aux WTA Finals"},"content":{"rendered":"<p>                <img decoding=\"async\" src=\"https:\/\/www.europesays.com\/fr\/wp-content\/uploads\/2025\/11\/nY2k.jpg\" fetchpriority=\"high\" alt=\"\u00ab C\u2019\u00e9tait une mauvaise d\u00e9cision \u00bb : Mirra Andreeva \u00e9voque l\u2019erreur qui lui a co\u00fbt\u00e9 une place aux WTA Finals\"\/><\/p>\n<p>\u00c9limin\u00e9e de justesse de la course aux WTA Finals, Mirra Andreeva a tenu \u00e0 mettre les choses au clair. Non, son absence \u00e0 Tokyo n\u2019\u00e9tait pas li\u00e9e \u00e0 un probl\u00e8me de visa, mais \u00e0 une d\u00e9cision prise avec son \u00e9quipe.<\/p>\n<p>\u00c0 18 ans, Mirra Andreeva a marqu\u00e9 de son empreinte la saison 2025 en remportant cons\u00e9cutivement deux WTA 1000 (Duba\u00ef et Indian Wells), tout en faisant son entr\u00e9e dans le top 5 au mois de juillet.<\/p>\n<p>La deuxi\u00e8me partie de saison a toutefois \u00e9t\u00e9 plus compliqu\u00e9e pour la jeune Russe, qui a multipli\u00e9 les sorties pr\u00e9coces durant la tourn\u00e9e asiatique (huiti\u00e8me de finale \u00e0 P\u00e9kin, \u00e9liminations au deuxi\u00e8me tour \u00e0 Wuhan et Ningbo).<\/p>\n<p>Par cons\u00e9quent, Andreeva a manqu\u00e9 de peu une premi\u00e8re qualification pour Riyad, d\u00e9pass\u00e9e in extremis par Elena Rybakina \u00e0 Tokyo. Inscrite initialement pour le tournoi japonais, la Russe se serait retir\u00e9e pour des raisons de visa.<\/p>\n<p><strong>Elle a d\u00e9menti cette rumeur dans une interview accord\u00e9e \u00e0 Arab News :<\/strong><\/p>\n<p>\u00ab Avec mon \u00e9quipe, nous avions pris la d\u00e9cision de ne pas participer au tournoi. Au final, c\u2019\u00e9tait une mauvaise d\u00e9cision. Nous continuons d\u2019apprendre. Ce n\u2019est que ma deuxi\u00e8me saison compl\u00e8te sur le circuit WTA, donc nous allons en tirer les le\u00e7ons pour avoir plus d\u2019exp\u00e9rience et ne pas r\u00e9p\u00e9ter cette erreur. \u00bb<\/p>\n<p>Andreeva a tout de m\u00eame fait le voyage jusqu\u2019en Arabie saoudite pour disputer l\u2019\u00e9preuve en double, o\u00f9 elle est associ\u00e9e \u00e0 sa compatriote Diana Shnaider.<\/p>\n","protected":false},"excerpt":{"rendered":"\u00c9limin\u00e9e de justesse de la course aux WTA Finals, Mirra Andreeva a tenu \u00e0 mettre les choses au&hellip;\n","protected":false},"author":2,"featured_media":507564,"comment_status":"","ping_status":"","sticky":false,"template":"","format":"standard","meta":{"footnotes":""},"categories":[1415],"tags":[1011,27,60,1467],"class_list":{"0":"post-507563","1":"post","2":"type-post","3":"status-publish","4":"format-standard","5":"has-post-thumbnail","7":"category-tennis","8":"tag-fr","9":"tag-france","10":"tag-sports","11":"tag-tennis"},"share_on_mastodon":{"url":"https:\/\/pubeurope.com\/@fr\/115482329943347212","error":""},"_links":{"self":[{"href":"https:\/\/www.europesays.com\/fr\/wp-json\/wp\/v2\/posts\/507563","targetHints":{"allow":["GET"]}}],"collection":[{"href":"https:\/\/www.europesays.com\/fr\/wp-json\/wp\/v2\/posts"}],"about":[{"href":"https:\/\/www.europesays.com\/fr\/wp-json\/wp\/v2\/types\/post"}],"author":[{"embeddable":true,"href":"https:\/\/www.europesays.com\/fr\/wp-json\/wp\/v2\/users\/2"}],"replies":[{"embeddable":true,"href":"https:\/\/www.europesays.com\/fr\/wp-json\/wp\/v2\/comments?post=507563"}],"version-history":[{"count":0,"href":"https:\/\/www.europesays.com\/fr\/wp-json\/wp\/v2\/posts\/507563\/revisions"}],"wp:featuredmedia":[{"embeddable":true,"href":"https:\/\/www.europesays.com\/fr\/wp-json\/wp\/v2\/media\/507564"}],"wp:attachment":[{"href":"https:\/\/www.europesays.com\/fr\/wp-json\/wp\/v2\/media?parent=507563"}],"wp:term":[{"taxonomy":"category","embeddable":true,"href":"https:\/\/www.europesays.com\/fr\/wp-json\/wp\/v2\/categories?post=507563"},{"taxonomy":"post_tag","embeddable":true,"href":"https:\/\/www.europesays.com\/fr\/wp-json\/wp\/v2\/tags?post=507563"}],"curies":[{"name":"wp","href":"https:\/\/api.w.org\/{rel}","templated":true}]}}