{"id":507573,"date":"2025-11-02T22:02:18","date_gmt":"2025-11-02T22:02:18","guid":{"rendered":"https:\/\/www.europesays.com\/fr\/507573\/"},"modified":"2025-11-02T22:02:18","modified_gmt":"2025-11-02T22:02:18","slug":"dorian-louvet-ancien-candidat-de-koh-lanta-entre-au-livre-des-records-apres-cet-exploit-au-marathon","status":"publish","type":"post","link":"https:\/\/www.europesays.com\/fr\/507573\/","title":{"rendered":"Dorian Louvet, ancien candidat de \u00ab\u00a0Koh-Lanta\u00a0\u00bb, entre au \u00ab\u00a0Livre des Records\u00a0\u00bb apr\u00e8s cet exploit au marathon"},"content":{"rendered":"<p>        <img decoding=\"async\" loading=\"lazy\" src=\"https:\/\/www.europesays.com\/fr\/wp-content\/uploads\/2025\/11\/f037e0b_upload-1-fj7lptzvpup0-afp-20251102-82rz79j-v1-highres-athleticsnewyorkmarathon.jpg\"  width=\"728\" height=\"409\" alt=\"Lors du marathon de New York, le 2\u00a0novembre 2025.\"\/>  <\/p>\n<p>ANGELA WEISS \/ AFP<\/p>\n<p>Lors du marathon de New York, le 2\u00a0novembre 2025.<\/p>\n<p class=\"asset asset-text\">SPORT &#8211; Si la meilleure performance fran\u00e7aise, au marathon de <a href=\"https:\/\/www.huffingtonpost.fr\/international\/article\/cet-appel-entre-mamdani-et-obama-a-trois-jours-des-municipales-de-new-york-veut-dire-beaucoup_256676.html\" target=\"_blank\" rel=\"noopener\">New York<\/a> ce dimanche 2\u00a0novembre, est \u00e0 mettre au cr\u00e9dit d\u2019Emmanuel Levisse (16e en 2h13\u201905), ce n\u2019est pas le concurrent tricolore que l\u2019on retient de cette journ\u00e9e.<\/p>\n<p class=\"asset asset-text\">Le Normand Dorian Louvet, \u00e2g\u00e9 de 36\u00a0ans, est bien la vedette du jour. En bouclant l\u2019\u00e9preuve new-yorkaise en 2h27\u201909, il est entr\u00e9 dans le Livre Guinness des Records apr\u00e8s avoir couru les sept marathons majeurs de l\u2019ann\u00e9e 2025\u00a0avec un temps moyen de moins de 2h30.<\/p>\n<p class=\"asset asset-text\">Avant cela, celui qui avait particip\u00e9 \u00e0 <a href=\"https:\/\/www.huffingtonpost.fr\/divertissement\/article\/on-sait-qui-est-le-grand-gagnant-de-koh-lanta-la-revanche-des-4-terres-a-l-issue-de-la-finale_251746.html\" target=\"_blank\" rel=\"noopener\">Koh-Lanta<\/a> en 2020, et avait \u00e9t\u00e9 \u00e9limin\u00e9 lors de l\u2019\u00e9preuve d\u2019orientation, avait termin\u00e9 les six premiers marathons avec une moyenne de 2h28\u00a0: Tokyo (2h18\u201956), Boston (2h33\u201941), Londres (2h33\u201923), Sydney (2h28\u201908), Berlin (2h28\u201924) et Chicago (2h25\u201927).<\/p>\n<p> La lecture de ce contenu est susceptible d\u2019entra\u00eener un d\u00e9p\u00f4t de cookies de la part de l\u2019op\u00e9rateur tiers qui l\u2019h\u00e9berge. Compte-tenu des choix que vous avez exprim\u00e9s en mati\u00e8re de d\u00e9p\u00f4t de cookies, nous avons bloqu\u00e9 l\u2019affichage de ce contenu. Si vous souhaitez y acc\u00e9der, vous devez accepter la cat\u00e9gorie de cookies \u201cContenus tiers\u201d en cliquant sur le bouton ci-dessous. <\/p>\n<p> Lire la Vid\u00e9o        <\/p>\n<p class=\"asset asset-text\">Sur ses r\u00e9seaux sociaux, Dorian Louvet donnait r\u00e9guli\u00e8rement des nouvelles de son projet baptis\u00e9 \u00ab\u00a0Miles of Discovery\u00a0\u00bb, dont il va en tirer un documentaire.<\/p>\n<p>                     Un documentaire    <\/p>\n<p class=\"asset asset-text\">\u00ab\u00a0J\u2019ai tout donn\u00e9, corps et \u00e2me, pour conserver ce chrono\u00a0\u00bb, a-t-il r\u00e9agi apr\u00e8s l\u2019arriv\u00e9e, <a href=\"https:\/\/www.lequipe.fr\/Athletisme\/Actualites\/Les-7-marathons-majeurs-de-l-annee-et-en-moins-de-2-h-30-de-moyenne-dorian-louvet-decroche-le-record-du-monde\/1606677\" target=\"_blank\" rel=\"noopener\" title=\"Nouvelle fen\u00eatre\">comme le rapporte L\u2019\u00c9quipe<\/a>. \u00ab\u00a0Aujourd\u2019hui, j\u2019ai couru avec audace et panache, sans rien garder sous le pied. J\u2019ai tout l\u00e2ch\u00e9 sur les deux derniers kilom\u00e8tres, en me faisant mal, pour mieux savourer chaque seconde de la fin.\u00a0\u00bb<\/p>\n<p class=\"asset asset-text\">\u00ab\u00a0Ce projet est une r\u00e9ussite totale, une aventure humaine dont je me souviendrai toute ma vie. Je ne remercierai jamais assez toutes celles et ceux qui m\u2019ont soutenu tout au long de cette ann\u00e9e\u00a0\u00bb, a-t-il comment\u00e9 \u00e0 propos de son projet global. \u00ab\u00a0J\u2019ai maintenant h\u00e2te que le documentaire sorte, pour vous montrer \u00e0 quel point on n\u2019a rien trich\u00e9, que tout ce qu\u2019on a fait, on l\u2019a fait avec le c\u0153ur.\u00a0\u00bb<\/p>\n<p class=\"asset asset-text\">\u00c0 noter que dans le m\u00eame style de d\u00e9fi, <a href=\"https:\/\/www.huffingtonpost.fr\/sport\/article\/eliud-kipchoge-court-un-marathon-sous-les-2-heures_153372.html\" target=\"_blank\" rel=\"noopener\">le K\u00e9nyan Eliud Kipchoge<\/a> va lui disputer sept marathons sur sept continents lors des deux prochaines ann\u00e9es, ont annonc\u00e9 ses agents ce dimanche apr\u00e8s son arriv\u00e9e au marathon de New York.<\/p>\n<p class=\"asset asset-text\">Le plus grand marathonien de l\u2019histoire, double champion olympique et ex-d\u00e9tenteur du record du monde, va lancer le \u00ab\u00a0Eliud Kipchoge World Tour\u00a0\u00bb afin de r\u00e9colter des fonds pour sa fondation soutenant des projets dans \u00ab\u00a0l\u2019\u00e9ducation et l\u2019environnement\u00a0\u00bb, tout en continuant de courir en tant qu\u2019athl\u00e8te professionnel.<\/p>\n","protected":false},"excerpt":{"rendered":"ANGELA WEISS \/ AFP Lors du marathon de New York, le 2\u00a0novembre 2025. SPORT &#8211; Si la meilleure&hellip;\n","protected":false},"author":2,"featured_media":507574,"comment_status":"","ping_status":"","sticky":false,"template":"","format":"standard","meta":{"footnotes":""},"categories":[1356],"tags":[7712,58,59,1011,27,7178,415,517,252,1364],"class_list":{"0":"post-507573","1":"post","2":"type-post","3":"status-publish","4":"format-standard","5":"has-post-thumbnail","7":"category-television","8":"tag-course-a-pied","9":"tag-divertissement","10":"tag-entertainment","11":"tag-fr","12":"tag-france","13":"tag-marathon","14":"tag-new-york","15":"tag-sport","16":"tag-television","17":"tag-tv"},"share_on_mastodon":{"url":"https:\/\/pubeurope.com\/@fr\/115482365654677806","error":""},"_links":{"self":[{"href":"https:\/\/www.europesays.com\/fr\/wp-json\/wp\/v2\/posts\/507573","targetHints":{"allow":["GET"]}}],"collection":[{"href":"https:\/\/www.europesays.com\/fr\/wp-json\/wp\/v2\/posts"}],"about":[{"href":"https:\/\/www.europesays.com\/fr\/wp-json\/wp\/v2\/types\/post"}],"author":[{"embeddable":true,"href":"https:\/\/www.europesays.com\/fr\/wp-json\/wp\/v2\/users\/2"}],"replies":[{"embeddable":true,"href":"https:\/\/www.europesays.com\/fr\/wp-json\/wp\/v2\/comments?post=507573"}],"version-history":[{"count":0,"href":"https:\/\/www.europesays.com\/fr\/wp-json\/wp\/v2\/posts\/507573\/revisions"}],"wp:featuredmedia":[{"embeddable":true,"href":"https:\/\/www.europesays.com\/fr\/wp-json\/wp\/v2\/media\/507574"}],"wp:attachment":[{"href":"https:\/\/www.europesays.com\/fr\/wp-json\/wp\/v2\/media?parent=507573"}],"wp:term":[{"taxonomy":"category","embeddable":true,"href":"https:\/\/www.europesays.com\/fr\/wp-json\/wp\/v2\/categories?post=507573"},{"taxonomy":"post_tag","embeddable":true,"href":"https:\/\/www.europesays.com\/fr\/wp-json\/wp\/v2\/tags?post=507573"}],"curies":[{"name":"wp","href":"https:\/\/api.w.org\/{rel}","templated":true}]}}