{"id":507578,"date":"2025-11-02T22:05:13","date_gmt":"2025-11-02T22:05:13","guid":{"rendered":"https:\/\/www.europesays.com\/fr\/507578\/"},"modified":"2025-11-02T22:05:13","modified_gmt":"2025-11-02T22:05:13","slug":"maladie-dalzheimer-les-aliments-les-plus-nocifs-pour-la-sante-du-cerveau-identifies","status":"publish","type":"post","link":"https:\/\/www.europesays.com\/fr\/507578\/","title":{"rendered":"Maladie d&rsquo;Alzheimer : les aliments les plus nocifs pour la sant\u00e9 du cerveau identifi\u00e9s"},"content":{"rendered":"<p>\n                    Publi\u00e9 le                 02\/11\/2025 &#8211; 16:47 UTC+1<br \/>\n                \u2022Mis \u00e0 jour<br \/>\n                                     17:14\n                                        <\/p>\n<p>Selon une nouvelle \u00e9tude am\u00e9ricaine, les viandes ultra-transform\u00e9es et les boissons sucr\u00e9es sont les aliments les plus nocifs pour la sant\u00e9 du cerveau.<\/p>\n<p>D&rsquo;apr\u00e8s les chercheurs de l&rsquo;universit\u00e9 Virginia Tech, les personnes qui en consomment une quantit\u00e9 importante par jour pr\u00e9sentent un risque nettement plus \u00e9lev\u00e9 de troubles cognitifs, y compris des formes de d\u00e9mence telles que la maladie d&rsquo;Alzheimer.<\/p>\n<p>Produits carn\u00e9s et boissons sucr\u00e9es<\/p>\n<p>En utilisant les donn\u00e9es de l&rsquo;\u00e9tude sur la sant\u00e9 et la retraite de l&rsquo;universit\u00e9 du Michigan, les chercheurs ont suivi 4 750 participants am\u00e9ricains \u00e2g\u00e9s de 55 ans et plus pendant 7 ans. L&rsquo;\u00e9tat cognitif des participants a \u00e9t\u00e9 \u00e9valu\u00e9 tous les deux ans entre 2014 et 2020.<\/p>\n<p>Selon les r\u00e9sultats, le risque de d\u00e9ficience cognitive a augment\u00e9 de 17 % chez les personnes qui consommaient une portion suppl\u00e9mentaire de produits animaux ultra-transform\u00e9s (par exemple, saucisses, salami, pizzas \u00e0 la viande pr\u00eates \u00e0 consommer) par jour.<\/p>\n<p>Bien que ce taux soit l\u00e9g\u00e8rement inf\u00e9rieur pour les boissons sucr\u00e9es (sodas, th\u00e9s glac\u00e9s sucr\u00e9s, boissons aromatis\u00e9es aux fruits), le risque augmente tout de m\u00eame de 6 % chez ceux qui en boivent une portion suppl\u00e9mentaire par jour.<\/p>\n<p>L&rsquo;\u00e9tude a \u00e9galement produit un r\u00e9sultat int\u00e9ressant : la consommation totale d&rsquo;aliments ultra-transform\u00e9s n&rsquo;\u00e9tait pas associ\u00e9e de mani\u00e8re significative aux troubles cognitifs en g\u00e9n\u00e9ral. <\/p>\n<p>SI les viandes transform\u00e9es et les boissons en particulier semblent avoir l&rsquo;impact le plus n\u00e9gatif sur la sant\u00e9 du cerveau, aucune association similaire n&rsquo;a \u00e9t\u00e9 trouv\u00e9e pour les sucreries, les snacks, les c\u00e9r\u00e9ales ou les aliments de commodit\u00e9 \u00e0 base de produits laitiers.<\/p>\n<p>Un changement est possible<\/p>\n<p>Brenda Davy, co-autrice de l&rsquo;\u00e9tude et professeure de nutrition \u00e0 Virginia Tech, souligne l&rsquo;importance d&rsquo;une alimentation \u00e9quilibr\u00e9e.<\/p>\n<p>\u00ab\u00a0Il est possible de changer certaines choses. L&rsquo;important, c&rsquo;est la mod\u00e9ration et un comportement raisonnable et \u00e9quilibr\u00e9 dans les choix alimentaires\u00a0\u00bb, explique-t-elle.<\/p>\n<p>Selon l&rsquo;\u00e9tude, 65 % des aliments et 38 % des boissons achet\u00e9s par les m\u00e9nages am\u00e9ricains en 2020 sont des produits ultra-transform\u00e9s. En outre, tant les jeunes que les adultes plus \u00e2g\u00e9s tirent plus de la moiti\u00e9 de leur apport calorique quotidien de ces produits.<\/p>\n<p>Ben Katz, expert en d\u00e9veloppement humain \u00e0 Virginia Tech, ajoute que les comp\u00e9tences culinaires peuvent \u00eatre un outil essentiel d&rsquo;intervention en mati\u00e8re de sant\u00e9.<\/p>\n<p>\u00ab\u00a0C&rsquo;est une chose de suivre un r\u00e9gime, mais c&rsquo;en est une autre de donner aux gens les comp\u00e9tences n\u00e9cessaires pour pr\u00e9parer ce r\u00e9gime\u00a0\u00bb, d\u00e9clare-t-il.<\/p>\n<p>Selon les experts, limiter la consommation des viandes ultra-transform\u00e9es et des boissons sucr\u00e9es est l&rsquo;une des mesures les plus simples et les plus efficaces pour prot\u00e9ger la sant\u00e9 du cerveau.<\/p>\n<p>Les r\u00e9sultats de l&rsquo;\u00e9tude ont \u00e9t\u00e9 publi\u00e9s dans <a href=\"https:\/\/ajcn.nutrition.org\/\" target=\"_blank\" rel=\"noreferrer noopener\"><strong>l&rsquo;American Journal of Clinical Nutrition<\/strong><\/a>.<\/p>\n","protected":false},"excerpt":{"rendered":"Publi\u00e9 le 02\/11\/2025 &#8211; 16:47 UTC+1 \u2022Mis \u00e0 jour 17:14 Selon une nouvelle \u00e9tude am\u00e9ricaine, les viandes ultra-transform\u00e9es&hellip;\n","protected":false},"author":2,"featured_media":507579,"comment_status":"","ping_status":"","sticky":false,"template":"","format":"standard","meta":{"footnotes":""},"categories":[10],"tags":[258,231,281,1011,27,72,277,71],"class_list":{"0":"post-507578","1":"post","2":"type-post","3":"status-publish","4":"format-standard","5":"has-post-thumbnail","7":"category-sante","8":"tag-alimentation","9":"tag-cerveau","10":"tag-demence","11":"tag-fr","12":"tag-france","13":"tag-health","14":"tag-maladie-dalzheimer","15":"tag-sante"},"share_on_mastodon":{"url":"https:\/\/pubeurope.com\/@fr\/115482376633247475","error":""},"_links":{"self":[{"href":"https:\/\/www.europesays.com\/fr\/wp-json\/wp\/v2\/posts\/507578","targetHints":{"allow":["GET"]}}],"collection":[{"href":"https:\/\/www.europesays.com\/fr\/wp-json\/wp\/v2\/posts"}],"about":[{"href":"https:\/\/www.europesays.com\/fr\/wp-json\/wp\/v2\/types\/post"}],"author":[{"embeddable":true,"href":"https:\/\/www.europesays.com\/fr\/wp-json\/wp\/v2\/users\/2"}],"replies":[{"embeddable":true,"href":"https:\/\/www.europesays.com\/fr\/wp-json\/wp\/v2\/comments?post=507578"}],"version-history":[{"count":0,"href":"https:\/\/www.europesays.com\/fr\/wp-json\/wp\/v2\/posts\/507578\/revisions"}],"wp:featuredmedia":[{"embeddable":true,"href":"https:\/\/www.europesays.com\/fr\/wp-json\/wp\/v2\/media\/507579"}],"wp:attachment":[{"href":"https:\/\/www.europesays.com\/fr\/wp-json\/wp\/v2\/media?parent=507578"}],"wp:term":[{"taxonomy":"category","embeddable":true,"href":"https:\/\/www.europesays.com\/fr\/wp-json\/wp\/v2\/categories?post=507578"},{"taxonomy":"post_tag","embeddable":true,"href":"https:\/\/www.europesays.com\/fr\/wp-json\/wp\/v2\/tags?post=507578"}],"curies":[{"name":"wp","href":"https:\/\/api.w.org\/{rel}","templated":true}]}}