{"id":507582,"date":"2025-11-02T22:07:14","date_gmt":"2025-11-02T22:07:14","guid":{"rendered":"https:\/\/www.europesays.com\/fr\/507582\/"},"modified":"2025-11-02T22:07:14","modified_gmt":"2025-11-02T22:07:14","slug":"michel-sardou-sort-de-sa-retraite-ca-ne-ma-pas-plu-quon-mette-en-prison-le-president-de-la-republique","status":"publish","type":"post","link":"https:\/\/www.europesays.com\/fr\/507582\/","title":{"rendered":"Michel Sardou sort de sa retraite\u00a0: \u00ab\u00a0\u00c7a ne m\u2019a pas plu qu\u2019on mette en prison le pr\u00e9sident de la R\u00e9publique\u00a0\u00bb"},"content":{"rendered":"<p class=\"paragraph text_align_left lp-f-body-02\">Michel Sardou sort de <a href=\"https:\/\/www.leparisien.fr\/culture-loisirs\/musique\/michel-sardou-cette-fois-je-suis-a-la-retraite-13-03-2024-NS4BZAMTQNEFDF2OQAPHYWV4SQ.php\" target=\"_self\" rel=\"nofollow noopener\">sa retraite<\/a>. Un an et demi apr\u00e8s avoir d\u00e9m\u00e9nag\u00e9 \u00e0 Bormes-les-Mimosas (Var), deux ans apr\u00e8s avoir donn\u00e9 son ultime concert, le chanteur revient dans la lumi\u00e8re pour c\u00e9l\u00e9brer ses 60 ans de carri\u00e8re. Deux gros livres, une compilation de ses 60 plus grands succ\u00e8s et un documentaire lui sont consacr\u00e9s en novembre. Et il faut bien en faire la promotion\u2026<\/p>\n<p class=\"paragraph text_align_left lp-f-body-02\">Lui qui veut se faire oublier a finalement accept\u00e9 d\u2019accorder trois interviews. La premi\u00e8re, d\u2019une douzaine de minutes, est sign\u00e9e <a href=\"https:\/\/www.leparisien.fr\/culture-loisirs\/tv\/audrey-crespo-mara-se-confie-pour-la-premiere-fois-je-veux-faire-en-sorte-que-thierry-continue-detre-fier-de-moi-29-08-2025-YWZ4RQSM35DWDEPSYXHIQSQSVY.php\" target=\"_self\" rel=\"nofollow noopener\">Audrey Crespo-Mara<\/a> pour le magazine \u00ab Sept \u00e0 huit \u00bb, ce dimanche sur TF 1. Et fid\u00e8le \u00e0 sa l\u00e9gende, il y est aussi franc du collier que dr\u00f4le, un rien cabot, sur sa nouvelle vie dans le Sud comme sur l\u2019actualit\u00e9 du monde, qu\u2019elle concerne son ami Nicolas Sarkozy ou le f\u00e9minisme.<\/p>\n<p>Sa r\u00e9ponse aux f\u00e9ministes<\/p>\n<p class=\"paragraph text_align_left lp-f-body-02\">Sur ce terrain min\u00e9, o\u00f9 il a \u00e9t\u00e9 maintes fois attaqu\u00e9 pour ses chansons et ses d\u00e9clarations, il ne bouge pas d\u2019un iota : \u00ab Les f\u00e9ministes ont toujours tort, clame-t-il. Je dis une chose sur sc\u00e8ne, mais c\u2019est comme une pi\u00e8ce de th\u00e9\u00e2tre, je joue un r\u00f4le (\u2026) C\u2019est un m\u00e9tier de menteur. <a href=\"https:\/\/www.leparisien.fr\/culture-loisirs\/musique\/le-1er-avril-cetait-il-y-a-8-jours-la-future-decoration-de-sardou-par-macron-provoque-un-tolle-chez-les-feministes-10-04-2024-52LYV2IUQ5DFPOSJNX56C6DYLU.php\" target=\"_self\" rel=\"nofollow noopener\">Les f\u00e9ministes<\/a> qui prennent \u00e7a au pied de la lettre, ce sont des connes ! \u00bb Carr\u00e9ment ? \u00ab Carr\u00e9ment. \u00bb<\/p>\n<p class=\"paragraph text_align_left lp-f-body-02\">Interrog\u00e9 sur une prise de parole sur le consentement qui avait fait <a href=\"https:\/\/www.leparisien.fr\/culture-loisirs\/musique\/michel-sardou-a-paris-la-defense-arena-je-vais-vous-chanter-une-chanson-quon-ne-pourrait-plus-ecrire-17-03-2024-KURWSZ3ZARFTXBIDPYF2BLQJ34.php\" target=\"_self\" rel=\"nofollow noopener\">pol\u00e9mique lors de sa derni\u00e8re tourn\u00e9e<\/a>, il en remet une couche sur l\u2019\u00e9cologiste Sandrine Rousseau, qu\u2019il vilipendait d\u00e9j\u00e0 sur sc\u00e8ne. \u00ab On peut rire de tout, estime-t-il. Je trouve qu\u2019il y a un d\u00e9rapage du f\u00e9minisme Rousseauin (sic), qui m\u2019\u00e9nerve. \u00c7a coupe la vie en deux. Une femme, c\u2019est ravissant, c\u2019est aussi un copain, une amie. Ce n\u2019est pas seulement ses fesses qui m\u2019int\u00e9ressent. \u00bb<\/p>\n<p class=\"paragraph text_align_left lp-f-body-02\">Il est moins agac\u00e9 par Marine Le Pen. \u00ab Elle dit souvent des conneries, mais elle pla\u00eet beaucoup au peuple \u00bb analyse-t-il. Il d\u00e9couvre qu\u2019elle utilise \u00ab Les Lacs du Connemara \u00bb dans ses meetings. Mais ne la condamne pas. \u00ab Elle n\u2019a pas \u00e0 me demander mon autorisation \u00bb, assure-t-il. Les extr\u00eames ? Il rappelle qu\u2019il est \u00ab gaulliste \u00bb mais est certain que \u00ab si on continue \u00e0 \u00eatre m\u00e9contents comme \u00e7a, on accouchera d\u2019un extr\u00eame \u00bb.<\/p>\n<p>\u00ab De tout mon c\u0153ur \u00bb avec celui qui l\u2019a mari\u00e9 \u00e0 Neuilly<\/p>\n<p class=\"paragraph text_align_left lp-f-body-02\">Il est beaucoup plus bienveillant avec <a href=\"https:\/\/www.leparisien.fr\/politique\/nicolas-sarkozy\/\" target=\"_self\" rel=\"nofollow noopener\">Nicolas Sarkozy<\/a>, condamn\u00e9 et incarc\u00e9r\u00e9. L\u2019ancien maire de Neuilly-sur-Seine (Hauts-de-Seine) l\u2019a mari\u00e9 en octobre 1999 avec Anne-Marie P\u00e9rier. L\u2019un des plus beaux moments de sa vie. \u00ab L\u2019avez-vous soutenu ? \u00bb demande la journaliste. \u00ab Je l\u2019ai eu au t\u00e9l\u00e9phone, j\u2019ai eu un homme qui voulait se battre, r\u00e9pond-il. Je peux vous faire un aveu ? \u00c7a ne m\u2019a pas plu du tout qu\u2019on mette en prison le pr\u00e9sident de la R\u00e9publique, \u00e7a ne se fait pas. \u00bb<\/p>\n<p class=\"paragraph text_align_left lp-f-body-02\">Il ne remet pas en cause le jugement. \u00ab Que ce soit clair, la justice fait son boulot, qu\u2019elle ait raison ou tort, je ne suis pas comp\u00e9tent, pr\u00e9cise-t-il. Mais int\u00e9rieurement, \u00e7a m\u2019a g\u00ean\u00e9, \u00e7a m\u2019a fait de la peine. Je me suis dit on est mal barr\u00e9 l\u00e0 si on commence \u00e0 mettre un pr\u00e9sident en prison. Mais je ne lui ai pas dit \u00e7a (\u00e0 Nicolas Sarkozy). Je lui ai dit je suis avec toi de tout mon c\u0153ur. \u00bb<\/p>\n<p class=\"paragraph text_align_left lp-f-body-02\">C\u00f4t\u00e9 priv\u00e9, il ne se donne pas toujours le beau r\u00f4le. Il reconna\u00eet avoir \u00e9t\u00e9 avec ses quatre enfants un \u00ab p\u00e8re absent, peu d\u00e9monstratif mais cl\u00e9ment \u00bb. Quant au grand-p\u00e8re\u2026 <a href=\"https:\/\/www.leparisien.fr\/societe\/famille\/les-grands-parents-ne-sont-plus-corveables-a-merci-comment-les-seniors-bousculent-les-codes-familiaux-31-10-2025-UXHILD3NPRGGVIQPZ3BYVPY7MQ.php\" target=\"_self\" rel=\"nofollow noopener\">Pas question de garder son petit-fils<\/a> de 18 mois, qu\u2019il d\u00e9crit \u00ab tr\u00e8s marrant et vif \u00bb. Il raconte : \u00ab La derni\u00e8re fois, ses parents s\u2019en vont. Je leur ai dit : Ne me le laissez pas, je ne sais pas m\u2019y prendre avec un enfant, je ne sais pas le nourrir avec un petit pot, je n\u2019ai jamais fait \u00e7a. \u00bb<\/p>\n<p class=\"paragraph text_align_left lp-f-body-02\">Sinon, quoi de neuf dans sa villa varoise ? \u00ab Je ne fais rien, absolument rien, avoue le retrait\u00e9. Je n\u2019ai jamais \u00e9t\u00e9 aussi bien. Je ne vois personne, je suis un loup solitaire, cach\u00e9 dans la montagne. Enfin j\u2019exag\u00e8re un peu, je vois la famille. Mais je ne m\u2019ennuie jamais seul. \u00bb Et la mort ? Il n\u2019en a pas peur. \u00ab Ce que je ne veux pas devenir, c\u2019est un l\u00e9gume \u00e0 la charge de ma femme, de mes enfants \u00bb, annonce celui qui ne porte pas une croix chr\u00e9tienne mais un cercle de vie tib\u00e9tain. Il rit : \u00ab \u00c7a me donne le moral. \u00bb<\/p>\n","protected":false},"excerpt":{"rendered":"Michel Sardou sort de sa retraite. Un an et demi apr\u00e8s avoir d\u00e9m\u00e9nag\u00e9 \u00e0 Bormes-les-Mimosas (Var), deux ans&hellip;\n","protected":false},"author":2,"featured_media":507583,"comment_status":"","ping_status":"","sticky":false,"template":"","format":"standard","meta":{"footnotes":""},"categories":[8],"tags":[872,58,59,1011,27,873],"class_list":{"0":"post-507582","1":"post","2":"type-post","3":"status-publish","4":"format-standard","5":"has-post-thumbnail","7":"category-divertissement","8":"tag-culture-et-loisirs","9":"tag-divertissement","10":"tag-entertainment","11":"tag-fr","12":"tag-france","13":"tag-musique"},"share_on_mastodon":{"url":"https:\/\/pubeurope.com\/@fr\/115482384849785116","error":""},"_links":{"self":[{"href":"https:\/\/www.europesays.com\/fr\/wp-json\/wp\/v2\/posts\/507582","targetHints":{"allow":["GET"]}}],"collection":[{"href":"https:\/\/www.europesays.com\/fr\/wp-json\/wp\/v2\/posts"}],"about":[{"href":"https:\/\/www.europesays.com\/fr\/wp-json\/wp\/v2\/types\/post"}],"author":[{"embeddable":true,"href":"https:\/\/www.europesays.com\/fr\/wp-json\/wp\/v2\/users\/2"}],"replies":[{"embeddable":true,"href":"https:\/\/www.europesays.com\/fr\/wp-json\/wp\/v2\/comments?post=507582"}],"version-history":[{"count":0,"href":"https:\/\/www.europesays.com\/fr\/wp-json\/wp\/v2\/posts\/507582\/revisions"}],"wp:featuredmedia":[{"embeddable":true,"href":"https:\/\/www.europesays.com\/fr\/wp-json\/wp\/v2\/media\/507583"}],"wp:attachment":[{"href":"https:\/\/www.europesays.com\/fr\/wp-json\/wp\/v2\/media?parent=507582"}],"wp:term":[{"taxonomy":"category","embeddable":true,"href":"https:\/\/www.europesays.com\/fr\/wp-json\/wp\/v2\/categories?post=507582"},{"taxonomy":"post_tag","embeddable":true,"href":"https:\/\/www.europesays.com\/fr\/wp-json\/wp\/v2\/tags?post=507582"}],"curies":[{"name":"wp","href":"https:\/\/api.w.org\/{rel}","templated":true}]}}