{"id":507588,"date":"2025-11-02T22:10:12","date_gmt":"2025-11-02T22:10:12","guid":{"rendered":"https:\/\/www.europesays.com\/fr\/507588\/"},"modified":"2025-11-02T22:10:12","modified_gmt":"2025-11-02T22:10:12","slug":"le-hamas-annonce-quil-va-rendre-les-corps-de-trois-otages-israeliens","status":"publish","type":"post","link":"https:\/\/www.europesays.com\/fr\/507588\/","title":{"rendered":"Le Hamas annonce qu\u2019il va rendre les corps de trois otages isra\u00e9liens"},"content":{"rendered":"<p>Les corps de trois nouveaux otages vont \u00eatre rendus \u00e0 <a href=\"https:\/\/www.20minutes.fr\/monde\/israel\/\" class=\"c-link c-link--is-underlined\" target=\"_blank\" rel=\"noopener\">Isra\u00ebl<\/a>. La branche militaire du <a href=\"https:\/\/www.20minutes.fr\/monde\/hamas\/\" class=\"c-link c-link--is-underlined\" target=\"_blank\" rel=\"noopener\">Hamas<\/a> l\u2019a annonc\u00e9 dimanche dans un communiqu\u00e9. Une d\u00e9cision qui entre dans le cadre de l\u2019accord de cessez-le-feu entre Isra\u00ebl et le Hamas qui pr\u00e9voit des \u00e9changes de d\u00e9pouilles. Les Brigades Ezzedine al-Qassam ont affirm\u00e9 que \u00ab\u00a0les corps de trois soldats isra\u00e9liens captur\u00e9s, retrouv\u00e9s plus t\u00f4t dans la journ\u00e9e sur le trac\u00e9 de l\u2019un des tunnels du sud de la bande de <a href=\"https:\/\/www.20minutes.fr\/monde\/gaza\/\" class=\"c-link c-link--is-underlined\" target=\"_blank\" rel=\"noopener\">Gaza<\/a>\u00a0\u00bb seront remis dans le cadre de l\u2019accord d\u2019\u00e9change de \u00ab\u00a0prisonniers\u00a0\u00bb.<\/p>\n<\/p>\n<p>Le mouvement islamiste palestinien a jusqu\u2019\u00e0 pr\u00e9sent restitu\u00e9 les restes de 17 des 28 corps qui se trouvaient encore \u00e0 Gaza et auraient d\u00fb \u00eatre rendus au d\u00e9but de la tr\u00eave, assurant que localiser les d\u00e9pouilles est \u00ab\u00a0complexe et difficile\u00a0\u00bb dans le territoire en ruines.<\/p>\n<p>Col\u00e8re du c\u00f4t\u00e9 d\u2019Isra\u00ebl<\/p>\n<p>Les retards successifs dans la remise des corps des otages ont provoqu\u00e9 la col\u00e8re du gouvernement isra\u00e9lien.<\/p>\n<p>Le Forum des familles d\u2019otages a exig\u00e9 dimanche dans un post sur X que \u00ab\u00a0le Premier ministre agisse avec d\u00e9termination et fermet\u00e9 afin d\u2019assurer la mise en \u0153uvre imm\u00e9diate des engagements du Hamas dans le cadre de l\u2019accord et rapatrier en Isra\u00ebl tous les otages d\u00e9c\u00e9d\u00e9s\u00a0\u00bb.<\/p>\n","protected":false},"excerpt":{"rendered":"Les corps de trois nouveaux otages vont \u00eatre rendus \u00e0 Isra\u00ebl. La branche militaire du Hamas l\u2019a annonc\u00e9&hellip;\n","protected":false},"author":2,"featured_media":507589,"comment_status":"","ping_status":"","sticky":false,"template":"","format":"standard","meta":{"footnotes":""},"categories":[5],"tags":[11,7613,1011,27,665,1146,3519,14,664,74,12,28],"class_list":{"0":"post-507588","1":"post","2":"type-post","3":"status-publish","4":"format-standard","5":"has-post-thumbnail","7":"category-international","8":"tag-actualites","9":"tag-conflit-au-proche-orient","10":"tag-fr","11":"tag-france","12":"tag-gaza","13":"tag-guerre","14":"tag-hamas","15":"tag-international","16":"tag-israel","17":"tag-monde","18":"tag-news","19":"tag-world"},"share_on_mastodon":{"url":"https:\/\/pubeurope.com\/@fr\/115482396238858585","error":""},"_links":{"self":[{"href":"https:\/\/www.europesays.com\/fr\/wp-json\/wp\/v2\/posts\/507588","targetHints":{"allow":["GET"]}}],"collection":[{"href":"https:\/\/www.europesays.com\/fr\/wp-json\/wp\/v2\/posts"}],"about":[{"href":"https:\/\/www.europesays.com\/fr\/wp-json\/wp\/v2\/types\/post"}],"author":[{"embeddable":true,"href":"https:\/\/www.europesays.com\/fr\/wp-json\/wp\/v2\/users\/2"}],"replies":[{"embeddable":true,"href":"https:\/\/www.europesays.com\/fr\/wp-json\/wp\/v2\/comments?post=507588"}],"version-history":[{"count":0,"href":"https:\/\/www.europesays.com\/fr\/wp-json\/wp\/v2\/posts\/507588\/revisions"}],"wp:featuredmedia":[{"embeddable":true,"href":"https:\/\/www.europesays.com\/fr\/wp-json\/wp\/v2\/media\/507589"}],"wp:attachment":[{"href":"https:\/\/www.europesays.com\/fr\/wp-json\/wp\/v2\/media?parent=507588"}],"wp:term":[{"taxonomy":"category","embeddable":true,"href":"https:\/\/www.europesays.com\/fr\/wp-json\/wp\/v2\/categories?post=507588"},{"taxonomy":"post_tag","embeddable":true,"href":"https:\/\/www.europesays.com\/fr\/wp-json\/wp\/v2\/tags?post=507588"}],"curies":[{"name":"wp","href":"https:\/\/api.w.org\/{rel}","templated":true}]}}