{"id":507602,"date":"2025-11-02T22:21:11","date_gmt":"2025-11-02T22:21:11","guid":{"rendered":"https:\/\/www.europesays.com\/fr\/507602\/"},"modified":"2025-11-02T22:21:11","modified_gmt":"2025-11-02T22:21:11","slug":"alexis-lebrun-sarrete-avant-la-finale-a-montpellier","status":"publish","type":"post","link":"https:\/\/www.europesays.com\/fr\/507602\/","title":{"rendered":"Alexis Lebrun s&rsquo;arr\u00eate avant la finale \u00e0 Montpellier"},"content":{"rendered":"<p class=\"mb-4 text-lg md:leading-8 break-words\">Malgr\u00e9 le soutien du public de la Sud de France Arena, Alexis Lebrun n&rsquo;a pas r\u00e9ussi \u00e0 atteindre la finale du WTT Champions de Montpellier, sa ville natale, s&rsquo;inclinant nettement en demi-finale dimanche face au Su\u00e9dois Truls Moregard, qui a remport\u00e9 le tournoi.<\/p>\n<p class=\"mb-4 text-lg md:leading-8 break-words\">Moregard, 5e joueur mondial et vice-champion olympique l&rsquo;ann\u00e9e derni\u00e8re \u00e0 Paris, s&rsquo;est impos\u00e9 quatre sets \u00e0 un contre le Fran\u00e7ais 12-10, 11-7, 13-15, 11-4, 11-5.<\/p>\n<p class=\"mb-4 text-lg md:leading-8 break-words\">Il a ensuite battu en finale le Japonais Sora Matsushima (15e mondial) quatre sets \u00e0 z\u00e9ro (11-9, 11-8, 11-7, 11-9), remportant \u00e0 23 ans son premier titre dans la cat\u00e9gorie WTT Champions, r\u00e9serv\u00e9 aux 32 meilleurs joueurs et joueuses du monde.<\/p>\n<p class=\"mb-4 text-lg md:leading-8 break-words\">En demi-finale, dans une ambiance bruyante mais qui s&rsquo;est petit \u00e0 petit \u00e9teinte au fil de la domination du Su\u00e9dois, l&rsquo;a\u00een\u00e9 des fr\u00e8res Lebrun a couru apr\u00e8s le score tout au long du match, malgr\u00e9 un beau sursaut dans la troisi\u00e8me manche.<\/p>\n<p class=\"mb-4 text-lg md:leading-8 break-words\">Vendredi, il avait pourtant r\u00e9ussi un superbe exploit pour battre le Japonais Tomokazu Harimoto, N.4 mondial, apr\u00e8s avoir \u00e9t\u00e9 men\u00e9 deux sets \u00e0 z\u00e9ro. \u00ab\u00a0\u00c7a avait bascul\u00e9 contre Harimoto, mais \u00e7a ne marche pas \u00e0 chaque fois\u00a0\u00bb, a-t-il souri dimanche, apr\u00e8s un match o\u00f9 la sup\u00e9riorit\u00e9 du Su\u00e9dois a \u00e9t\u00e9 manifeste d&rsquo;entr\u00e9e.<\/p>\n<p class=\"mb-4 text-lg md:leading-8 break-words\">\u00ab\u00a0C&rsquo;est dur de se sentir domin\u00e9 pendant cinq sets, c&rsquo;est long&#8230; J&rsquo;ai l\u2019impression qu&rsquo;il \u00e9t\u00e9 bien meilleur que moi. Il est vraiment en confiance et il joue un tr\u00e8s bon ping. Ca montre qu&rsquo;il y a encore du chemin sur les tout meilleurs, m\u00eame si je fais un super tournoi\u00a0\u00bb, a ensuite d\u00e9clar\u00e9 le Fran\u00e7ais en zone mixte.<\/p>\n<p class=\"mb-4 text-lg md:leading-8 break-words\">&#8211; \u00ab\u00a0Combat de boxe\u00a0\u00bb &#8211;<\/p>\n<p class=\"mb-4 text-lg md:leading-8 break-words\">\u00ab\u00a0Dans le jeu, j&rsquo;ai \u00e9t\u00e9 domin\u00e9. Je sais que le ping peut se jouer sur deux points et qu&rsquo;on peut gratter un set qui fait tourner. C&rsquo;est pour \u00e7a que je ne l\u00e2che pas et que je me dis +pourquoi pas+ \u00e0 2-1. Mais derri\u00e8re, il fait un set de malade et moi je ne joue pas tr\u00e8s bien. C&rsquo;est mon petit regret. Mais sur la globalit\u00e9 du match, il est au-dessus\u00a0\u00bb, a-t-il ajout\u00e9.<\/p>\n<p class=\"mb-4 text-lg md:leading-8 break-words\">\u00ab\u00a0C&rsquo;est long, c&rsquo;est \u00e9prouvant. On a l&rsquo;impression d&rsquo;\u00eatre dans un combat de boxe o\u00f9 on prend beaucoup de coups sans en donner beaucoup. Je suis un peu d\u00e9\u00e7u mais je sais que c&rsquo;est bien de faire une demi-finale. C&rsquo;est la premi\u00e8re fois depuis mon retour de blessure que je joue \u00e0 ce niveau\u00a0\u00bb, a conclu le Fran\u00e7ais.<\/p>\n<p class=\"mb-4 text-lg md:leading-8 break-words\">Alexis Lebrun n&rsquo;a donc pas r\u00e9ussi \u00e0 faire aussi bien que son jeune fr\u00e8re F\u00e9lix, qui s&rsquo;\u00e9tait impos\u00e9 l&rsquo;ann\u00e9e derni\u00e8re \u00e0 Montpellier pour ce qui reste la seule victoire fran\u00e7aise en WTT Champions, le deuxi\u00e8me niveau du circuit international. Cette ann\u00e9e, F\u00e9lix Lebrun a \u00e9t\u00e9 \u00e9limin\u00e9 d\u00e8s le deuxi\u00e8me tour par un autre Fran\u00e7ais, Simon Gauzy.<\/p>\n<p class=\"mb-4 text-lg md:leading-8 break-words\">stt\/cpb\/chc\/hpa<\/p>\n","protected":false},"excerpt":{"rendered":"Malgr\u00e9 le soutien du public de la Sud de France Arena, Alexis Lebrun n&rsquo;a pas r\u00e9ussi \u00e0 atteindre&hellip;\n","protected":false},"author":2,"featured_media":507603,"comment_status":"","ping_status":"","sticky":false,"template":"","format":"standard","meta":{"footnotes":""},"categories":[9599],"tags":[1111,11,49130,40087,11170,1777,674,1011,27,24558,2208,12,2680,25,62918],"class_list":{"0":"post-507602","1":"post","2":"type-post","3":"status-publish","4":"format-standard","5":"has-post-thumbnail","7":"category-montpellier","8":"tag-actu","9":"tag-actualites","10":"tag-alexis-lebrun","11":"tag-combat-de-boxe","12":"tag-demi-finale","13":"tag-eu","14":"tag-europe","15":"tag-fr","16":"tag-france","17":"tag-le-francais","18":"tag-montpellier","19":"tag-news","20":"tag-occitanie","21":"tag-republique-francaise","22":"tag-suedois"},"share_on_mastodon":{"url":"https:\/\/pubeurope.com\/@fr\/115482439366009791","error":""},"_links":{"self":[{"href":"https:\/\/www.europesays.com\/fr\/wp-json\/wp\/v2\/posts\/507602","targetHints":{"allow":["GET"]}}],"collection":[{"href":"https:\/\/www.europesays.com\/fr\/wp-json\/wp\/v2\/posts"}],"about":[{"href":"https:\/\/www.europesays.com\/fr\/wp-json\/wp\/v2\/types\/post"}],"author":[{"embeddable":true,"href":"https:\/\/www.europesays.com\/fr\/wp-json\/wp\/v2\/users\/2"}],"replies":[{"embeddable":true,"href":"https:\/\/www.europesays.com\/fr\/wp-json\/wp\/v2\/comments?post=507602"}],"version-history":[{"count":0,"href":"https:\/\/www.europesays.com\/fr\/wp-json\/wp\/v2\/posts\/507602\/revisions"}],"wp:featuredmedia":[{"embeddable":true,"href":"https:\/\/www.europesays.com\/fr\/wp-json\/wp\/v2\/media\/507603"}],"wp:attachment":[{"href":"https:\/\/www.europesays.com\/fr\/wp-json\/wp\/v2\/media?parent=507602"}],"wp:term":[{"taxonomy":"category","embeddable":true,"href":"https:\/\/www.europesays.com\/fr\/wp-json\/wp\/v2\/categories?post=507602"},{"taxonomy":"post_tag","embeddable":true,"href":"https:\/\/www.europesays.com\/fr\/wp-json\/wp\/v2\/tags?post=507602"}],"curies":[{"name":"wp","href":"https:\/\/api.w.org\/{rel}","templated":true}]}}