{"id":507605,"date":"2025-11-02T22:24:32","date_gmt":"2025-11-02T22:24:32","guid":{"rendered":"https:\/\/www.europesays.com\/fr\/507605\/"},"modified":"2025-11-02T22:24:32","modified_gmt":"2025-11-02T22:24:32","slug":"saint-egreve-cafe-culturel-ce-vendredi-avec-nicolas-julo","status":"publish","type":"post","link":"https:\/\/www.europesays.com\/fr\/507605\/","title":{"rendered":"Saint-\u00c9gr\u00e8ve. Caf\u00e9 culturel ce vendredi avec Nicolas Julo"},"content":{"rendered":"<p>L\u2019association Culture &amp; Nous, bas\u00e9e \u00e0 Saint-\u00c9gr\u00e8ve, organise un caf\u00e9 culturel ce vendredi 7\u00a0novembre \u00e0 partir de 19 heures \u00e0 la Vence Sc\u00e8ne. Cette soir\u00e9e sp\u00e9ciale bande dessin\u00e9e aura pour invit\u00e9 Nicolas Julo \u00e0 qui l\u2019on doit notamment, la s\u00e9rie d\u2019albums Aventures en Chartreuse. Il partagera avec nous sa passion pour le dessin et la cr\u00e9ation de planches de BD et nous fera d\u00e9couvrir son m\u00e9tier. Des d\u00e9dicaces seront possibles.<\/p>\n<p class=\"note\">Pour de plus amples informations, contacter V\u00e9ronique Charreyron : cafeculturel.se@gmail.com<\/p>\n","protected":false},"excerpt":{"rendered":"L\u2019association Culture &amp; Nous, bas\u00e9e \u00e0 Saint-\u00c9gr\u00e8ve, organise un caf\u00e9 culturel ce vendredi 7\u00a0novembre \u00e0 partir de 19&hellip;\n","protected":false},"author":2,"featured_media":507606,"comment_status":"","ping_status":"","sticky":false,"template":"","format":"standard","meta":{"footnotes":""},"categories":[9566],"tags":[1111,11,2430,6211,1687,112,1777,674,1011,27,2731,12,5486,25,275,276],"class_list":{"0":"post-507605","1":"post","2":"type-post","3":"status-publish","4":"format-standard","5":"has-post-thumbnail","7":"category-grenoble","8":"tag-actu","9":"tag-actualites","10":"tag-auvergne-rhone-alpes","11":"tag-conference","12":"tag-culture-loisirs","13":"tag-edition-grenoble-agglomeration","14":"tag-eu","15":"tag-europe","16":"tag-fr","17":"tag-france","18":"tag-grenoble","19":"tag-news","20":"tag-rencontre","21":"tag-republique-francaise","22":"tag-saint-egreve","23":"tag-saint-egreve-et-autour"},"share_on_mastodon":{"url":"https:\/\/pubeurope.com\/@fr\/115482451531678516","error":""},"_links":{"self":[{"href":"https:\/\/www.europesays.com\/fr\/wp-json\/wp\/v2\/posts\/507605","targetHints":{"allow":["GET"]}}],"collection":[{"href":"https:\/\/www.europesays.com\/fr\/wp-json\/wp\/v2\/posts"}],"about":[{"href":"https:\/\/www.europesays.com\/fr\/wp-json\/wp\/v2\/types\/post"}],"author":[{"embeddable":true,"href":"https:\/\/www.europesays.com\/fr\/wp-json\/wp\/v2\/users\/2"}],"replies":[{"embeddable":true,"href":"https:\/\/www.europesays.com\/fr\/wp-json\/wp\/v2\/comments?post=507605"}],"version-history":[{"count":0,"href":"https:\/\/www.europesays.com\/fr\/wp-json\/wp\/v2\/posts\/507605\/revisions"}],"wp:featuredmedia":[{"embeddable":true,"href":"https:\/\/www.europesays.com\/fr\/wp-json\/wp\/v2\/media\/507606"}],"wp:attachment":[{"href":"https:\/\/www.europesays.com\/fr\/wp-json\/wp\/v2\/media?parent=507605"}],"wp:term":[{"taxonomy":"category","embeddable":true,"href":"https:\/\/www.europesays.com\/fr\/wp-json\/wp\/v2\/categories?post=507605"},{"taxonomy":"post_tag","embeddable":true,"href":"https:\/\/www.europesays.com\/fr\/wp-json\/wp\/v2\/tags?post=507605"}],"curies":[{"name":"wp","href":"https:\/\/api.w.org\/{rel}","templated":true}]}}