{"id":507609,"date":"2025-11-02T22:27:40","date_gmt":"2025-11-02T22:27:40","guid":{"rendered":"https:\/\/www.europesays.com\/fr\/507609\/"},"modified":"2025-11-02T22:27:40","modified_gmt":"2025-11-02T22:27:40","slug":"un-camion-transportant-27-tonnes-de-pommes-se-renverse-en-ille-et-vilaine-3","status":"publish","type":"post","link":"https:\/\/www.europesays.com\/fr\/507609\/","title":{"rendered":"Un camion transportant 27\u00a0tonnes de pommes se renverse en Ille-et-Vilaine"},"content":{"rendered":"<p>Plus de peur que de mal pour ce chauffeur poids lourd. Jeudi 30\u00a0octobre 2025, au matin, un camion de transport s\u2019est couch\u00e9 sur la route, dans la commune de <a href=\"https:\/\/www.ouest-france.fr\/bretagne\/la-bouexiere-35340\/\" rel=\"nofollow noopener\" target=\"_blank\">La Bou\u00ebxi\u00e8re<\/a> (<a href=\"https:\/\/www.ouest-france.fr\/bretagne\/ille-et-vilaine\/\" rel=\"nofollow noopener\" target=\"_blank\">Ille-et-Vilaine<\/a>).<\/p>\n<p>Sa cargaison \u2013 27\u00a0tonnes de pommes \u2013 s\u2019est en partie renvers\u00e9e sur le chauss\u00e9. Le jardin d\u2019un particulier a \u00e9t\u00e9 envahi par les fruits.<\/p>\n<p>\t<img decoding=\"async\" src=\"https:\/\/www.europesays.com\/fr\/wp-content\/uploads\/2025\/11\/P35555693D7045131G_px_640_.jpg\" alt=\"photo l\u2019accident n\u2019a pas fait de bless\u00e9.  \u00a9  photo transmise par un t\u00e9moin\" width=\"640\" title=\" L\u2019accident n\u2019a pas fait de bless\u00e9.   Photo transmise par un t\u00e9moin \"\/><\/p>\n<p class=\"elmt-legende\"> L\u2019accident n\u2019a pas fait de bless\u00e9.   Photo transmise par un t\u00e9moin <\/p>\n<p>L\u2019accident n\u2019a pas fait de bless\u00e9. Le conducteur, n\u00e9gatif aux tests d\u2019alcool\u00e9mie et de stup\u00e9fiants, a certainement perdu le contr\u00f4le de son v\u00e9hicule. Le poids lourd a \u00e9t\u00e9 \u00e9vacu\u00e9 par un d\u00e9panneur et la route a pu \u00eatre rouverte \u00e0 la circulation.<\/p>\n<p>\u00a0<\/p>\n","protected":false},"excerpt":{"rendered":"Plus de peur que de mal pour ce chauffeur poids lourd. Jeudi 30\u00a0octobre 2025, au matin, un camion&hellip;\n","protected":false},"author":2,"featured_media":504826,"comment_status":"","ping_status":"","sticky":false,"template":"","format":"standard","meta":{"footnotes":""},"categories":[2821],"tags":[14016,1111,11,14015,829,660,1777,674,1011,27,848,12,62651,584,23717,25,10901,16449],"class_list":{"0":"post-507609","1":"post","2":"type-post","3":"status-publish","4":"format-standard","5":"has-post-thumbnail","7":"category-rennes","8":"tag-14016","9":"tag-actu","10":"tag-actualites","11":"tag-alencon","12":"tag-bretagne","13":"tag-camion","14":"tag-eu","15":"tag-europe","16":"tag-fr","17":"tag-france","18":"tag-ille-et-vilaine","19":"tag-news","20":"tag-pommes","21":"tag-rennes","22":"tag-renverse","23":"tag-republique-francaise","24":"tag-tonnes","25":"tag-transportant"},"share_on_mastodon":{"url":"https:\/\/pubeurope.com\/@fr\/115482463240963495","error":""},"_links":{"self":[{"href":"https:\/\/www.europesays.com\/fr\/wp-json\/wp\/v2\/posts\/507609","targetHints":{"allow":["GET"]}}],"collection":[{"href":"https:\/\/www.europesays.com\/fr\/wp-json\/wp\/v2\/posts"}],"about":[{"href":"https:\/\/www.europesays.com\/fr\/wp-json\/wp\/v2\/types\/post"}],"author":[{"embeddable":true,"href":"https:\/\/www.europesays.com\/fr\/wp-json\/wp\/v2\/users\/2"}],"replies":[{"embeddable":true,"href":"https:\/\/www.europesays.com\/fr\/wp-json\/wp\/v2\/comments?post=507609"}],"version-history":[{"count":0,"href":"https:\/\/www.europesays.com\/fr\/wp-json\/wp\/v2\/posts\/507609\/revisions"}],"wp:featuredmedia":[{"embeddable":true,"href":"https:\/\/www.europesays.com\/fr\/wp-json\/wp\/v2\/media\/504826"}],"wp:attachment":[{"href":"https:\/\/www.europesays.com\/fr\/wp-json\/wp\/v2\/media?parent=507609"}],"wp:term":[{"taxonomy":"category","embeddable":true,"href":"https:\/\/www.europesays.com\/fr\/wp-json\/wp\/v2\/categories?post=507609"},{"taxonomy":"post_tag","embeddable":true,"href":"https:\/\/www.europesays.com\/fr\/wp-json\/wp\/v2\/tags?post=507609"}],"curies":[{"name":"wp","href":"https:\/\/api.w.org\/{rel}","templated":true}]}}