{"id":50763,"date":"2025-04-25T03:24:15","date_gmt":"2025-04-25T03:24:15","guid":{"rendered":"https:\/\/www.europesays.com\/fr\/50763\/"},"modified":"2025-04-25T03:24:15","modified_gmt":"2025-04-25T03:24:15","slug":"la-pression-monte-pour-interdire-les-vols-de-nuit-a-bordeaux-2","status":"publish","type":"post","link":"https:\/\/www.europesays.com\/fr\/50763\/","title":{"rendered":"La pression monte pour interdire les vols de nuit \u00e0 Bordeaux"},"content":{"rendered":"<p>La mobilisation pour l&rsquo;interdiction des vols de nuit continue \u00e0 prendre de l&rsquo;ampleur dans les rares a\u00e9roports r\u00e9gionaux encore d\u00e9pourvus de r\u00e8gles en la mati\u00e8re. Le bras de fer entre riverains et compagnies a\u00e9riennes se poursuit<a href=\"https:\/\/toulouse.latribune.fr\/economie\/developpement-economique\/2025-03-14\/aeroport-toulouse-blagnac-bras-de-fer-pour-reguler-les-vols-de-nuit-1020350.html\" rel=\"nofollow noopener\" target=\"_blank\"> \u00e0 l&rsquo;a\u00e9roport de Toulouse-Blagnac<\/a> tandis que les 188 \u00e9lus de la m\u00e9tropole lilloise ont vot\u00e9 \u00e0 l&rsquo;unanimit\u00e9 le 28 f\u00e9vrier dernier une demande de couvre-feu entre 23\u00a0heures et 6\u00a0heures pour pr\u00e9server la sant\u00e9 des riverains.<\/p>\n<p>La d\u00e9cision revient n\u00e9anmoins \u00e0 l&rsquo;\u00c9tat qui m\u00e8ne, dans chaque territoire, des \u00ab \u00e9tudes d&rsquo;impact selon l&rsquo;approche \u00e9quilibr\u00e9e \u00bb visant \u00e0 trouver des compromis entre les int\u00e9r\u00eats \u00e9conomiques et environnementaux. \u00c0 Bordeaux, le pr\u00e9fet a ainsi choisi, fin janvier, d&rsquo;\u00e9carter le sc\u00e9nario du couvre-feu au profit d&rsquo;une r\u00e9duction th\u00e9orique de 75 % des mouvements d&rsquo;avions entre minuit et 6\u00a0heures, alors m\u00eame que les 70 % des vols nocturnes interviennent entre 22\u00a0heures et minuit.<\/p>\n","protected":false},"excerpt":{"rendered":"La mobilisation pour l&rsquo;interdiction des vols de nuit continue \u00e0 prendre de l&rsquo;ampleur dans les rares a\u00e9roports r\u00e9gionaux&hellip;\n","protected":false},"author":2,"featured_media":50764,"comment_status":"","ping_status":"","sticky":false,"template":"","format":"standard","meta":{"footnotes":""},"categories":[2817],"tags":[17,1111,11,1997,13459,1777,674,1011,27,14364,151,7636,12,2219,293,471,14363,25,2692],"class_list":{"0":"post-50763","1":"post","2":"type-post","3":"status-publish","4":"format-standard","5":"has-post-thumbnail","7":"category-bordeaux","8":"tag-17","9":"tag-actu","10":"tag-actualites","11":"tag-bordeaux","12":"tag-business-la-tribune-bordeaux","13":"tag-eu","14":"tag-europe","15":"tag-fr","16":"tag-france","17":"tag-interdire","18":"tag-les","19":"tag-monte","20":"tag-news","21":"tag-nouvelle-aquitaine","22":"tag-nuit","23":"tag-pour","24":"tag-pression","25":"tag-republique-francaise","26":"tag-vols"},"share_on_mastodon":{"url":"https:\/\/pubeurope.com\/@fr\/114396467328496024","error":""},"_links":{"self":[{"href":"https:\/\/www.europesays.com\/fr\/wp-json\/wp\/v2\/posts\/50763","targetHints":{"allow":["GET"]}}],"collection":[{"href":"https:\/\/www.europesays.com\/fr\/wp-json\/wp\/v2\/posts"}],"about":[{"href":"https:\/\/www.europesays.com\/fr\/wp-json\/wp\/v2\/types\/post"}],"author":[{"embeddable":true,"href":"https:\/\/www.europesays.com\/fr\/wp-json\/wp\/v2\/users\/2"}],"replies":[{"embeddable":true,"href":"https:\/\/www.europesays.com\/fr\/wp-json\/wp\/v2\/comments?post=50763"}],"version-history":[{"count":0,"href":"https:\/\/www.europesays.com\/fr\/wp-json\/wp\/v2\/posts\/50763\/revisions"}],"wp:featuredmedia":[{"embeddable":true,"href":"https:\/\/www.europesays.com\/fr\/wp-json\/wp\/v2\/media\/50764"}],"wp:attachment":[{"href":"https:\/\/www.europesays.com\/fr\/wp-json\/wp\/v2\/media?parent=50763"}],"wp:term":[{"taxonomy":"category","embeddable":true,"href":"https:\/\/www.europesays.com\/fr\/wp-json\/wp\/v2\/categories?post=50763"},{"taxonomy":"post_tag","embeddable":true,"href":"https:\/\/www.europesays.com\/fr\/wp-json\/wp\/v2\/tags?post=50763"}],"curies":[{"name":"wp","href":"https:\/\/api.w.org\/{rel}","templated":true}]}}