{"id":507631,"date":"2025-11-02T22:43:21","date_gmt":"2025-11-02T22:43:21","guid":{"rendered":"https:\/\/www.europesays.com\/fr\/507631\/"},"modified":"2025-11-02T22:43:21","modified_gmt":"2025-11-02T22:43:21","slug":"agressions-au-couteau-en-serie-a-marseille-et-arles-pendant-ce-week-end-de-la-toussaint","status":"publish","type":"post","link":"https:\/\/www.europesays.com\/fr\/507631\/","title":{"rendered":"Agressions au couteau en s\u00e9rie \u00e0 Marseille et Arles pendant ce week-end de la Toussaint"},"content":{"rendered":"<p class=\"rev-margin-0 rev-text-xs-normal\">Les agressions \u00e0 l&rsquo;arme blanche se sont succ\u00e9d\u00e9 dans la nuit du 31 octobre au 1er novembre dans plusieurs arrondissements de Marseille et jusqu&rsquo;\u00e0 Arles.<\/p>\n<p class=\"rev-margin-0 rev-text-xs-bold\">\/ photo d&rsquo;illustration Val\u00e9rie FARINE<\/p>\n<p>10\u00a0397 attaques \u00e0 l\u2019arme blanche ont \u00e9t\u00e9 recens\u00e9es en France en\u00a02024. Un chiffre inqui\u00e9tant qui ne cesse d\u2019augmenter ces derni\u00e8res ann\u00e9es et dont les illustrations se sont multipli\u00e9es \u00e0 Marseille et dans les Bouches-du-Rh\u00f4ne en ce week-end de la <a href=\"https:\/\/www.laprovence.com\/article\/societe\/7802959316348114\/a-marseille-pour-la-toussaint-apres-un-uber-des-cimetieres-des-voiturettes-de-golf\" target=\"_blank\" rel=\"noopener\">Toussaint<\/a> comme une norme de r\u00e9solution des conflits.<\/p>\n<p>Dans la cit\u00e9 phoc\u00e9enne, pour la seule nuit du 31\u00a0octobre au 1er\u00a0novembre, quatre victimes d\u2019agressions \u00e0 l\u2019arme blanche ont \u00e9t\u00e9 transport\u00e9es \u00e0 l\u2019h\u00f4pital, tandis qu\u2019une cinqui\u00e8me \u00e9tait signal\u00e9e \u00e0 <a href=\"https:\/\/www.laprovence.com\/article\/region\/3264001168361715\/a-arles-un-homme-de-85-ans-agresse-par-trois-individus-en-ouvrant-son-courrier-avec-son-couteau\" target=\"_blank\" rel=\"noopener\">Arles<\/a>. Si leur pronostic vital n\u2019\u00e9tait pas engag\u00e9, l\u2019une d\u2019entre elles risque n\u00e9anmoins d\u2019\u00eatre d\u00e9figur\u00e9e par une large plaie au visage allant de la bouche \u00e0 l\u2019oreille.<\/p>\n<p>Une plaie de la bouche \u00e0 l\u2019oreille<\/p>\n<p>Les motifs de ces coups de couteau qui ont taill\u00e9 des mains, \u00e9chancr\u00e9 un front, balafr\u00e9 des dos et des abdomens, mobilis\u00e9 marins-pompiers et policiers dans quatre arrondissements de Marseille et aux abords du <a href=\"https:\/\/www.laprovence.com\/article\/region\/73279634113362\/arles-l-hypermarche-casino-de-fourchon-rachete-par-auchan\" target=\"_blank\" rel=\"noopener\">centre commercial Fourchon<\/a> \u00e0 Arles\u00a0? Un diff\u00e9rend familial entre deux cousins dans le 14e, un conflit entre une prostitu\u00e9e, son client et les \u00ab\u00a0protecteurs\u00a0\u00bb de la premi\u00e8re sur le boulevard Chave dans le 5e, une \u00ab\u00a0embrouille\u00a0\u00bb au cours d\u2019une soir\u00e9e dans le m\u00eame arrondissement, mais cette fois-ci rue Horace Bertin, qui s\u2019est sold\u00e9e par 5 coups de couteau, un r\u00e8glement de comptes sur fond de trafic de stup\u00e9fiants sur la <a href=\"https:\/\/www.laprovence.com\/article\/region\/70310918292962\/effondrements-rue-de-tivoli-a-marseille-de-la-tragedie-de-la-place-des-marseillaises-a-sanary-les-precedents-drames\" target=\"_blank\" rel=\"noopener\">place des Marseillaises<\/a> dans le 1er arrondissement, un affrontement entre bandes rivales \u00e0 Arles qui s\u2019\u00e9taient donn\u00e9 rendez-vous \u00e0 Pont-de-Crau pour un match retour o\u00f9 l\u2019usage du couteau le disputait \u00e0 celui de la barre de fer\u2026<\/p>\n<p>Le couteau sous la gorge pour une veste<\/p>\n<p>\u00c0 l\u2019arr\u00eat de tramway des <a href=\"https:\/\/www.laprovence.com\/article\/region\/7645061213737914\/proces-des-fausses-procurations-ils-etaient-les-monstres-des-procus-des-caillols\" target=\"_blank\" rel=\"noopener\">Caillols<\/a>, dans le 11e arrondissement, vendredi soir dernier, c\u2019est un jeune homme qui a subi un vol sous la menace d\u2019une arme blanche, assailli par une dizaine d\u2019individus qui lui auraient mis un couteau sous la gorge pour s\u2019emparer de sa veste.<\/p>\n<p>Ces agressions confirment le ph\u00e9nom\u00e8ne de multiplication des blessures au couteau\u00a0: une arme blanche de plus en plus couramment r\u00e9pandue \u00e0 Marseille, y compris chez les plus jeunes pour lesquels avoir un couteau dans son sac \u00e0 dos ou sa sacoche semble s\u2019\u00eatre banalis\u00e9. D\u2019autant que se procurer une arme blanche est devenu tr\u00e8s facile\u00a0: en quelques clics sur TikTok ou autre <a href=\"https:\/\/www.laprovence.com\/article\/france-monde\/26827831800236\/reseaux-sociaux-et-effet-de-groupe-aux-racines-du-fleau-des-couteaux-chez-les-jeunes\" target=\"_blank\" rel=\"noopener\">r\u00e9seau social<\/a>, on a acc\u00e8s \u00e0 des boutiques en ligne de lames l\u00e9tales sans v\u00e9rification d\u2019\u00e2ge, pour quelques dizaines d\u2019euros.<\/p>\n<p><strong>\u00ab\u00a0Un ph\u00e9nom\u00e8ne qui concerne n\u2019importe quel territoire et des profils vari\u00e9s\u00a0\u00bb<\/strong><\/p>\n<p>Apr\u00e8s la mort fin avril dernier d\u2019une lyc\u00e9enne de 15\u00a0ans dans une attaque au couteau dans un <a href=\"https:\/\/www.laprovence.com\/article\/france-monde\/3405762941291114\/lyceenne-tuee-a-coups-de-couteau-a-nantes-le-profil-de-lagresseur-au-centre-de-lenquete\" target=\"_blank\" rel=\"noopener\">lyc\u00e9e de Nantes<\/a>, la d\u00e9put\u00e9e Horizons <a href=\"https:\/\/www.laprovence.com\/article\/faits-divers-justice\/1024421752961315\/interdiction-de-vente-de-couteaux-aux-mineurs-portiques-les-reponses-de-lexecutif-apres-la-mort-dune-surveillante-de-college\" target=\"_blank\" rel=\"noopener\">Na\u00efma Moutchou<\/a> avait \u00e9t\u00e9 missionn\u00e9e par le Premier ministre d\u2019alors, Fran\u00e7ois Bayrou, pour r\u00e9diger un rapport sur les armes blanches. Remis fin mai, le rapport \u00e9difiant relevait que la d\u00e9tention d\u2019armes blanches par des mineurs est devenue \u00ab\u00a0un ph\u00e9nom\u00e8ne\u00a0\u00bb en France qui concerne \u00ab\u00a0n\u2019importe quel territoire\u00a0\u00bb et des profils vari\u00e9s.<\/p>\n","protected":false},"excerpt":{"rendered":"Les agressions \u00e0 l&rsquo;arme blanche se sont succ\u00e9d\u00e9 dans la nuit du 31 octobre au 1er novembre dans&hellip;\n","protected":false},"author":2,"featured_media":507632,"comment_status":"","ping_status":"","sticky":false,"template":"","format":"standard","meta":{"footnotes":""},"categories":[2814],"tags":[17,1111,11,11211,9417,5264,1777,674,274,1011,27,884,12,6202,882,25,521,4064],"class_list":{"0":"post-507631","1":"post","2":"type-post","3":"status-publish","4":"format-standard","5":"has-post-thumbnail","7":"category-marseille","8":"tag-17","9":"tag-actu","10":"tag-actualites","11":"tag-agressions","12":"tag-arles","13":"tag-couteau","14":"tag-eu","15":"tag-europe","16":"tag-faits-divers-justice","17":"tag-fr","18":"tag-france","19":"tag-marseille","20":"tag-news","21":"tag-pendant","22":"tag-provence-alpes-cote-dazur","23":"tag-republique-francaise","24":"tag-serie","25":"tag-week-end"},"share_on_mastodon":{"url":"https:\/\/pubeurope.com\/@fr\/115482526007670263","error":""},"_links":{"self":[{"href":"https:\/\/www.europesays.com\/fr\/wp-json\/wp\/v2\/posts\/507631","targetHints":{"allow":["GET"]}}],"collection":[{"href":"https:\/\/www.europesays.com\/fr\/wp-json\/wp\/v2\/posts"}],"about":[{"href":"https:\/\/www.europesays.com\/fr\/wp-json\/wp\/v2\/types\/post"}],"author":[{"embeddable":true,"href":"https:\/\/www.europesays.com\/fr\/wp-json\/wp\/v2\/users\/2"}],"replies":[{"embeddable":true,"href":"https:\/\/www.europesays.com\/fr\/wp-json\/wp\/v2\/comments?post=507631"}],"version-history":[{"count":0,"href":"https:\/\/www.europesays.com\/fr\/wp-json\/wp\/v2\/posts\/507631\/revisions"}],"wp:featuredmedia":[{"embeddable":true,"href":"https:\/\/www.europesays.com\/fr\/wp-json\/wp\/v2\/media\/507632"}],"wp:attachment":[{"href":"https:\/\/www.europesays.com\/fr\/wp-json\/wp\/v2\/media?parent=507631"}],"wp:term":[{"taxonomy":"category","embeddable":true,"href":"https:\/\/www.europesays.com\/fr\/wp-json\/wp\/v2\/categories?post=507631"},{"taxonomy":"post_tag","embeddable":true,"href":"https:\/\/www.europesays.com\/fr\/wp-json\/wp\/v2\/tags?post=507631"}],"curies":[{"name":"wp","href":"https:\/\/api.w.org\/{rel}","templated":true}]}}