{"id":507633,"date":"2025-11-02T22:44:24","date_gmt":"2025-11-02T22:44:24","guid":{"rendered":"https:\/\/www.europesays.com\/fr\/507633\/"},"modified":"2025-11-02T22:44:24","modified_gmt":"2025-11-02T22:44:24","slug":"en-bravant-linterdit-cette-superette-pres-de-bellecour-agace-les-riverains","status":"publish","type":"post","link":"https:\/\/www.europesays.com\/fr\/507633\/","title":{"rendered":"en bravant l\u2019interdit, cette sup\u00e9rette pr\u00e8s de Bellecour agace les riverains"},"content":{"rendered":"<p>La sup\u00e9rette Vival de la rue de la Barre (2 e ), situ\u00e9e \u00e0 deux pas de la place Bellecour \u00e0 Lyon, est-elle devenue le point de ravitaillement des f\u00eatards du centre-ville\u00a0? C\u2019est, en tout cas, ce que d\u00e9noncent certains riverains, exc\u00e9d\u00e9s depuis \u00ab\u00a0trop longtemps\u00a0\u00bb par des \u00ab\u00a0nuisances nocturnes\u00a0\u00bb &#8211; attroupement, salet\u00e9 &#8211; autour de l\u2019\u00e9tablissement.<\/p>\n<p>Selon le proche voisinage, ces d\u00e9sagr\u00e9ments sont surtout li\u00e9s \u00e0 la vente de boissons alcoolis\u00e9es au sein du Vival, y compris apr\u00e8s 21 heures. Une pratique commerciale pourtant interdite sur le territoire lyonnais, comme le mentionne une affichette placard\u00e9e\u2026 sur la devanture de la sup\u00e9rette.<\/p>\n<p><strong>&gt;&gt; <a href=\"https:\/\/www.leprogres.fr\/economie\/2025\/07\/04\/vente-d-alcool-la-nuit-et-travail-dissimule-la-prefecture-ferme-deux-commerces\" target=\"_blank\" rel=\"nofollow noopener\">Vente d\u2019alcool la nuit et travail dissimul\u00e9\u00a0: la pr\u00e9fecture ferme deux commerces<\/a><\/strong><\/p>\n<p>Dans un courrier adress\u00e9 \u00e0 la&#8230;<\/p>\n","protected":false},"excerpt":{"rendered":"La sup\u00e9rette Vival de la rue de la Barre (2 e ), situ\u00e9e \u00e0 deux pas de la&hellip;\n","protected":false},"author":2,"featured_media":507634,"comment_status":"","ping_status":"","sticky":false,"template":"","format":"standard","meta":{"footnotes":""},"categories":[1889],"tags":[1111,11,2430,2757,1777,674,274,1011,27,2428,2756,12,25,2429,3151],"class_list":{"0":"post-507633","1":"post","2":"type-post","3":"status-publish","4":"format-standard","5":"has-post-thumbnail","7":"category-lyon","8":"tag-actu","9":"tag-actualites","10":"tag-auvergne-rhone-alpes","11":"tag-edition-lyon-villeurbanne","12":"tag-eu","13":"tag-europe","14":"tag-faits-divers-justice","15":"tag-fr","16":"tag-france","17":"tag-lyon","18":"tag-lyon-bassin","19":"tag-news","20":"tag-republique-francaise","21":"tag-rhone","22":"tag-selection-de-la-redaction-69"},"share_on_mastodon":{"url":"https:\/\/pubeurope.com\/@fr\/115482529970474087","error":""},"_links":{"self":[{"href":"https:\/\/www.europesays.com\/fr\/wp-json\/wp\/v2\/posts\/507633","targetHints":{"allow":["GET"]}}],"collection":[{"href":"https:\/\/www.europesays.com\/fr\/wp-json\/wp\/v2\/posts"}],"about":[{"href":"https:\/\/www.europesays.com\/fr\/wp-json\/wp\/v2\/types\/post"}],"author":[{"embeddable":true,"href":"https:\/\/www.europesays.com\/fr\/wp-json\/wp\/v2\/users\/2"}],"replies":[{"embeddable":true,"href":"https:\/\/www.europesays.com\/fr\/wp-json\/wp\/v2\/comments?post=507633"}],"version-history":[{"count":0,"href":"https:\/\/www.europesays.com\/fr\/wp-json\/wp\/v2\/posts\/507633\/revisions"}],"wp:featuredmedia":[{"embeddable":true,"href":"https:\/\/www.europesays.com\/fr\/wp-json\/wp\/v2\/media\/507634"}],"wp:attachment":[{"href":"https:\/\/www.europesays.com\/fr\/wp-json\/wp\/v2\/media?parent=507633"}],"wp:term":[{"taxonomy":"category","embeddable":true,"href":"https:\/\/www.europesays.com\/fr\/wp-json\/wp\/v2\/categories?post=507633"},{"taxonomy":"post_tag","embeddable":true,"href":"https:\/\/www.europesays.com\/fr\/wp-json\/wp\/v2\/tags?post=507633"}],"curies":[{"name":"wp","href":"https:\/\/api.w.org\/{rel}","templated":true}]}}