{"id":507646,"date":"2025-11-02T22:52:19","date_gmt":"2025-11-02T22:52:19","guid":{"rendered":"https:\/\/www.europesays.com\/fr\/507646\/"},"modified":"2025-11-02T22:52:19","modified_gmt":"2025-11-02T22:52:19","slug":"un-chameau-utilise-par-larmee-russe-aurait-ete-secouru-par-des-militaires-ukrainiens","status":"publish","type":"post","link":"https:\/\/www.europesays.com\/fr\/507646\/","title":{"rendered":"un chameau utilis\u00e9 par l\u2019arm\u00e9e russe aurait \u00e9t\u00e9 secouru par des militaires ukrainiens"},"content":{"rendered":"<p>\n    La vid\u00e9o d\u2019un chameau de Bactriane, esp\u00e8ce originaire de Mongolie, attach\u00e9 \u00e0 un pick-up de l\u2019arm\u00e9e ukrainienne a fait le tour des r\u00e9seaux sociaux. Moscou utiliserait de plus en plus d\u2019animaux pour transporter son mat\u00e9riel de guerre.<\/p>\n<p class=\"fig-paragraph\">Des images insolites. Depuis quelques jours, une vid\u00e9o publi\u00e9e le 16 octobre dernier fait le tour des r\u00e9seaux sociaux. On y voit un chameau de Bactriane, esp\u00e8ce originaire de Mongolie, attach\u00e9 \u00e0 un pick-up blanc empli de\u00a0<a href=\"http:\/\/www.lefigaro.fr\/international\/guerre-en-ukraine-kiev-envoie-des-forces-speciales-pour-chasser-des-russes-infiltres-a-pokrovsk-20251101\" target=\"_blank\" data-fig-type=\"NewsFlash\" rel=\"noopener nofollow\" data-gtm-custom-categorie=\"navigation\" data-gtm-custom-action=\"crossclick\" data-gtm-custom-label=\"Contextuel\" data-gtm-event=\"customEventSPE\" data-fig-domain=\"LEFIGARO\">soldats ukrainiens<\/a>\u00a0souriants, marchant au pas sur une route goudronn\u00e9e. <strong>L<\/strong>e soldat ukrainien qui aurait capt\u00e9 l\u2019extrait \u00e9tait, lui, en train de r\u00e9parer, avec son \u00e9quipe, un v\u00e9hicule blind\u00e9 endommag\u00e9. Il a capt\u00e9 l\u2019arriv\u00e9e de l\u2019animal de deux m\u00e8tres pr\u00e9c\u00e9d\u00e9 par une voiture blanche.<\/p>\n<p class=\"fig-paragraph\">Si la vid\u00e9o n\u2019a pu \u00eatre authentifi\u00e9e par Le Figaro,\u00a0<a href=\"https:\/\/www.telegraph.co.uk\/world-news\/2025\/10\/30\/ukraine-rescues-camel-used-by-russian-military\/?ICID=continue_without_subscribing_reg_first\" target=\"_blank\" rel=\"sponsored noopener nofollow\" data-gtm-custom-categorie=\"navigation\" data-gtm-custom-action=\"crossclick\" data-gtm-custom-label=\"Contextuel\" data-gtm-event=\"customEventSPE\">le Telegraph<\/a> \u00a0reprend la localisation de l\u2019extrait ainsi que le compte identifi\u00e9 et affirme que l\u2019animal \u00e0 double bosse a \u00e9t\u00e9 captur\u00e9 par\u00a0les troupes ukrainiennes\u00a0apr\u00e8s qu\u2019elles ont pris d\u2019assaut une position russe pr\u00e8s de\u00a0<a href=\"http:\/\/www.lefigaro.fr\/international\/guerre-en-ukraine-des-frappes-nocturnes-russes-font-deux-morts-dans-le-sud-du-pays-20250923\" target=\"_blank\" data-fig-type=\"NewsFlash\" rel=\"noopener nofollow\" data-gtm-custom-categorie=\"navigation\" data-gtm-custom-action=\"crossclick\" data-gtm-custom-label=\"Contextuel\" data-gtm-event=\"customEventSPE\" data-fig-domain=\"LEFIGARO\">Kharkiv<\/a>, dans le nord-est de l\u2019Ukraine. Le chameau mongol, errant, aurait \u00e9t\u00e9 secouru par une unit\u00e9 au sein des forces sp\u00e9ciales ukrainiennes. Cette derni\u00e8re l\u2019aurait ensuite conduit \u00e0 l\u2019\u00e9coparc Feldman, situ\u00e9 \u00e0 l\u2019ext\u00e9rieur de la ville. Contact\u00e9 par le Telegraph, le parc qui dispose d\u2019un centre de r\u00e9habilitation pour les animaux n\u2019a pas confirm\u00e9 l\u2019information.<\/p>\n<p>                                    <a class=\"fig-a11y-skip a11y-hidden\" href=\"#fig-a11y-skip-main-inarticle\"><br \/>\n        Passer la publicit\u00e9<br \/>\n    <\/a><\/p>\n<p>\u00c2nes, chevaux, et chameaux\u00a0?<\/p>\n<p class=\"fig-paragraph\">L\u2019arm\u00e9e russe aurait recours depuis plusieurs mois \u00e0 des animaux traditionnellement utilis\u00e9s pour transporter de lourdes charges, comme des chevaux et des \u00e2nes. D\u2019autres images de ces b\u00eates avaient m\u00eame fait le tour des r\u00e9seaux sociaux au cours de l\u2019hiver, provoquant l\u2019hilarit\u00e9 de certains utilisateurs. Celle d\u2019un chameau mont\u00e9 par un soldat arm\u00e9 d\u2019une kalachnikov et entour\u00e9 de deux fantassins avait m\u00eame \u00e9t\u00e9 publi\u00e9e, mais n\u2019avait pu \u00eatre authentifi\u00e9e.<\/p>\n<p class=\"fig-paragraph\">L\u2019ancien g\u00e9n\u00e9ral Viktor Sobolev, d\u00e9put\u00e9 et membre de la commission de d\u00e9fense de la Douma russe, avait alors assum\u00e9 ce choix, reconnaissant \u00abde grandes difficult\u00e9s pour approvisionner les unit\u00e9s et les divisions en munitions, en mat\u00e9riel militaire et en nourriture\u00bb. Cit\u00e9 l\u2019hiver dernier par le journal russe Gazeta, il avait d\u00e9clar\u00e9\u00a0: \u00abSi des moyens tels que des \u00e2nes, des chevaux, etc. sont utilis\u00e9s pour livrer des munitions et d\u2019autres fournitures sur la ligne de front, c\u2019est normal. Il vaut mieux qu\u2019un \u00e2ne soit tu\u00e9 que deux personnes transportant du mat\u00e9riel dans un v\u00e9hicule\u00bb.<\/p>\n<p class=\"fig-body-link\">\n            \u00c0 lire aussi<br \/>\n        <a class=\"fig-body-link__link\" href=\"http:\/\/www.lefigaro.fr\/international\/guerre-en-ukraine-pour-sa-logistique-l-armee-russe-reintroduit-des-anes-voire-des-chameaux-20250211\" target=\"_blank\" data-fig-type=\"NewsFlash\" rel=\"noopener nofollow\" data-gtm-custom-categorie=\"navigation\" data-gtm-custom-action=\"crossclick\" data-gtm-custom-label=\"Contextuel\" data-gtm-event=\"customEventSPE\" data-fig-domain=\"LEFIGARO\"><\/p>\n<p>        Guerre en Ukraine\u00a0: l\u2019arm\u00e9e russe r\u00e9introduit&#8230; des \u00e2nes, voire des chameaux<br \/>\n    <\/a>\n<\/p>\n<p>Unit\u00e9s \u00e0 cheval<\/p>\n<p class=\"fig-paragraph\">De plus, la grande r\u00e9sistance aux conditions extr\u00eames des chameaux &#8211; ils peuvent survivre sans eau pendant un mois et porter de lourdes charges sur de longues distances &#8211; ainsi que l\u2019instinct des chevaux sont valoris\u00e9s par Moscou. Au cours de l\u2019\u00e9t\u00e9, le commandant de l\u2019unit\u00e9 \u00abTemp\u00eate\u00bb de la 9e brigade russe de la 51e arm\u00e9e, qui op\u00e8re dans la r\u00e9gion de Donetsk, a indiqu\u00e9 qu\u2019il commen\u00e7ait \u00e0 former des \u00e9quipes d\u2019assaut \u00e0 cheval. Des images\u00a0avaient d\u2019ailleurs \u00e9t\u00e9 partag\u00e9es sur Telegram.<\/p>\n<p class=\"fig-paragraph\">Dans certaines d\u2019entre elles, on peut voir des bin\u00f4mes mont\u00e9s sur des chevaux galopant dans un champ. L\u2019un se concentre sur la monture et l\u2019autre sur l\u2019offensive. Ils sont accompagn\u00e9s de drones t\u00e9l\u00e9command\u00e9s qui volent \u00e0 leurs c\u00f4t\u00e9s \u00e0 travers le terrain.<\/p>\n<p class=\"fig-paragraph\">\u00abLes chevaux voient bien la nuit, n\u2019ont pas besoin des routes pour acc\u00e9l\u00e9rer \u00e0 l\u2019approche finale et leur instinct peut, semble-t-il, les aider \u00e0 \u00e9viter les mines\u00bb, avait r\u00e9agi le blogueur pro-Kremlin WarGonzo, qui a partag\u00e9 la vid\u00e9o sur Telegram. \u00abJe suis s\u00fbr que nous assisterons bient\u00f4t au retour historique de la cavalerie russe dans les rangs.\u00bb<\/p>\n","protected":false},"excerpt":{"rendered":"La vid\u00e9o d\u2019un chameau de Bactriane, esp\u00e8ce originaire de Mongolie, attach\u00e9 \u00e0 un pick-up de l\u2019arm\u00e9e ukrainienne a&hellip;\n","protected":false},"author":2,"featured_media":507647,"comment_status":"","ping_status":"","sticky":false,"template":"","format":"standard","meta":{"footnotes":""},"categories":[1591],"tags":[11,1887,131,12,1885,1886,132],"class_list":{"0":"post-507646","1":"post","2":"type-post","3":"status-publish","4":"format-standard","5":"has-post-thumbnail","7":"category-russie","8":"tag-actualites","9":"tag-federation-de-russie","10":"tag-guerre-en-ukraine","11":"tag-news","12":"tag-russia","13":"tag-russian-federation","14":"tag-russie"},"share_on_mastodon":{"url":"https:\/\/pubeurope.com\/@fr\/115482561372812044","error":""},"_links":{"self":[{"href":"https:\/\/www.europesays.com\/fr\/wp-json\/wp\/v2\/posts\/507646","targetHints":{"allow":["GET"]}}],"collection":[{"href":"https:\/\/www.europesays.com\/fr\/wp-json\/wp\/v2\/posts"}],"about":[{"href":"https:\/\/www.europesays.com\/fr\/wp-json\/wp\/v2\/types\/post"}],"author":[{"embeddable":true,"href":"https:\/\/www.europesays.com\/fr\/wp-json\/wp\/v2\/users\/2"}],"replies":[{"embeddable":true,"href":"https:\/\/www.europesays.com\/fr\/wp-json\/wp\/v2\/comments?post=507646"}],"version-history":[{"count":0,"href":"https:\/\/www.europesays.com\/fr\/wp-json\/wp\/v2\/posts\/507646\/revisions"}],"wp:featuredmedia":[{"embeddable":true,"href":"https:\/\/www.europesays.com\/fr\/wp-json\/wp\/v2\/media\/507647"}],"wp:attachment":[{"href":"https:\/\/www.europesays.com\/fr\/wp-json\/wp\/v2\/media?parent=507646"}],"wp:term":[{"taxonomy":"category","embeddable":true,"href":"https:\/\/www.europesays.com\/fr\/wp-json\/wp\/v2\/categories?post=507646"},{"taxonomy":"post_tag","embeddable":true,"href":"https:\/\/www.europesays.com\/fr\/wp-json\/wp\/v2\/tags?post=507646"}],"curies":[{"name":"wp","href":"https:\/\/api.w.org\/{rel}","templated":true}]}}