{"id":507652,"date":"2025-11-02T22:55:15","date_gmt":"2025-11-02T22:55:15","guid":{"rendered":"https:\/\/www.europesays.com\/fr\/507652\/"},"modified":"2025-11-02T22:55:15","modified_gmt":"2025-11-02T22:55:15","slug":"replay-attaque-au-couteau-dans-un-train-au-royaume-uni-un-seul-homme-considere-suspect-par-la-police-deux-personnes-en-urgence-absolue","status":"publish","type":"post","link":"https:\/\/www.europesays.com\/fr\/507652\/","title":{"rendered":"REPLAY. Attaque au couteau dans un train au Royaume-Uni\u00a0: un seul homme consid\u00e9r\u00e9 suspect par la police, deux personnes en urgence absolue"},"content":{"rendered":"<p>22h45.<\/p>\n<p>Ce direct est termin\u00e9, merci de l&rsquo;avoir suivi<\/p>\n<p>19h45.Un seul homme consid\u00e9r\u00e9 suspect par la police<\/p>\n<p class=\"live-post__amorce\">Un seul des deux hommes interpell\u00e9s apr\u00e8s l&rsquo;attaque \u00e0 l&rsquo;arme blanche ayant fait au moins dix bless\u00e9s dans un train en direction de Londres, dans l&rsquo;est de l&rsquo;Angleterre, est d\u00e9sormais consid\u00e9r\u00e9 comme suspect, a d\u00e9clar\u00e9 la police dimanche 2 novembre. Les enqu\u00eateurs \u00ab\u00a0peuvent confirmer qu&rsquo;un homme de 32 ans, qui avait \u00e9t\u00e9 arr\u00eat\u00e9, est d\u00e9sormais consid\u00e9r\u00e9 comme le seul suspect\u00a0\u00bb de l&rsquo;attaque, tandis que le second, un homme de 35 ans, a \u00e9t\u00e9 rel\u00e2ch\u00e9, a affirm\u00e9 la British Transport Police dans un communiqu\u00e9. Un peu plus t\u00f4t, la police britannique avait affirm\u00e9 \u00e9carter, \u00ab\u00a0\u00e0 ce stade\u00a0\u00bb de l&rsquo;enqu\u00eate, un acte terroriste. Selon le superintendant de la police des transports, John Loveless, deux personnes restaient en urgence absolue sur les dix personnes hospitalis\u00e9es. Dans la nuit, les autorit\u00e9s avaient fait \u00e9tat de neuf personnes en urgence absolue. John Loveless a pr\u00e9cis\u00e9 que quatre d&rsquo;entre elles avaient d\u00e9sormais quitt\u00e9 l&rsquo;h\u00f4pital.<\/p>\n<p>16h49.\u00a0\u00bbDu sang partout sur les si\u00e8ges\u00a0\u00bb : le r\u00e9cit du drame minute par minute<\/p>\n<p class=\"live-post__amorce\">Le d\u00e9roul\u00e9 de l&rsquo;attaque au couteau, qui a profond\u00e9ment affect\u00e9 le Royaume-Uni, \u00e0 lire dans  <a href=\"https:\/\/www.ladepeche.fr\/2025\/11\/02\/du-sang-partout-sur-les-sieges-le-recit-minute-par-minute-de-lhorrifiante-attaque-au-couteau-survenue-dans-un-train-au-royaume-uni-13028926.php\" target=\"_blank\" rel=\"noopener noreferrer nofollow\" class=\"\">notre article<\/a> .<\/p>\n<p class=\"std-elt__inline\">\n        <strong>\u00c0 lire aussi :<\/strong><br \/>\n        <a href=\"https:\/\/www.ladepeche.fr\/2025\/11\/02\/du-sang-partout-sur-les-sieges-le-recit-minute-par-minute-de-lhorrifiante-attaque-au-couteau-survenue-dans-un-train-au-royaume-uni-13028926.php\" rel=\"nofollow noopener\" target=\"_blank\">\u00ab\u00a0Du sang partout sur les\u00a0si\u00e8ges\u00a0\u00bb\u00a0: le r\u00e9cit minute par minute de l\u2019horrifiante attaque au couteau survenue dans un train au Royaume-Uni<\/a>\n    <\/p>\n<p>12h45.\u00a0\u00bbRien ne sugg\u00e8re qu&rsquo;il s&rsquo;agisse d&rsquo;un incident terroriste\u00a0\u00bb<\/p>\n<p class=\"live-post__amorce\">\u00ab\u00a0A ce stade, rien ne sugg\u00e8re qu&rsquo;il s&rsquo;agisse d&rsquo;un incident terroriste\u00a0\u00bb, a d\u00e9clar\u00e9 un responsable de la British Transport Police, le superintendant John Loveless lors d&rsquo;un bref point presse.<\/p>\n<p class=\"live-post__amorce\">Il a \u00e9galement pr\u00e9cis\u00e9 que les deux personnes interpell\u00e9es pour \u00ab\u00a0suspicion de tentative de meurtre\u00a0\u00bb, sont \u00ab\u00a0un homme noir de 32 ans, de nationalit\u00e9 britannique, et un homme de 35 ans, de nationalit\u00e9 britannique et d&rsquo;origine carib\u00e9enne\u00a0\u00bb.<\/p>\n<p>12h42.Le roi Charles III \u00ab\u00a0absolument horrifi\u00e9 et choqu\u00e9\u00a0\u00bb<\/p>\n<p class=\"live-post__amorce\">Dans un communiqu\u00e9 publi\u00e9 sur X, le monarque britannique a fait part de sa vive \u00e9motion.<\/p>\n<p>12h34.Dix personnes hospitalis\u00e9es dans la nuit de samedi \u00e0 dimanche<\/p>\n<p class=\"live-post__amorce\">Apr\u00e8s l&rsquo;attaque, ce sont dix personnes qui ont \u00e9t\u00e9 hospitalis\u00e9es, dont neuf dans un \u00e9tat tr\u00e8s grave. Dimanche matin, quatre d&rsquo;entre elles ont quitt\u00e9 l&rsquo;h\u00f4pital, et le pronostic vital de deux autres reste engag\u00e9, a indiqu\u00e9 un responsable de la BTP, le superintendant John Loveless, lors d&rsquo;un point presse.<\/p>\n<p>12h33.<\/p>\n<p>Bonjour et bienvenue dans ce direct.<\/p>\n<p>11h20.Deux individus arr\u00eat\u00e9s, police antiterroriste, dix bless\u00e9s\u2026 Ce que l\u2019on sait apr\u00e8s le chaos \u00e0 bord d\u2019un train<\/p>\n<p class=\"live-post__amorce\">L\u2019attaque au couteau dans un train britannique dans la soir\u00e9e du samedi 1er novembre a fait dix bless\u00e9s. Une enqu\u00eate antiterroriste a \u00e9t\u00e9 ouverte et tente de d\u00e9terminer les motifs de l\u2019incident. Lire  <a href=\"https:\/\/www.ladepeche.fr\/2025\/11\/02\/attaque-au-couteau-au-royaume-uni-deux-individus-arretes-alerte-terroriste-dix-blesses-ce-que-lon-sait-apres-le-chaos-a-bord-dun-train-13028749.php\" target=\"_blank\" rel=\"noopener noreferrer nofollow\" class=\"\">notre article<\/a> .<\/p>\n<p>09h24.\u00a0\u00bbFuyez ! Il y a un type qui poignarde tout le monde\u00a0\u00bb\u2026 Neuf personnes gravement bless\u00e9es dans un train<\/p>\n<p class=\"live-post__amorce\">Dans l\u2019est de l\u2019Angleterre, dans un train en direction de la capitale Londres, un homme a attaqu\u00e9 \u00e0 l\u2019arme blanche plusieurs personnes ce samedi 1er\u00a0novembre. Lire  <a href=\"https:\/\/www.ladepeche.fr\/2025\/11\/02\/attaque-au-couteau-au-royaume-uni-fuyez-il-y-a-un-type-qui-poignarde-tout-le-monde-neuf-personnes-gravement-blessees-dans-un-train-13028721.php\" target=\"_blank\" rel=\"noopener noreferrer nofollow\" class=\"\">notre article<\/a> .<\/p>\n","protected":false},"excerpt":{"rendered":"22h45. Ce direct est termin\u00e9, merci de l&rsquo;avoir suivi 19h45.Un seul homme consid\u00e9r\u00e9 suspect par la police Un&hellip;\n","protected":false},"author":2,"featured_media":507653,"comment_status":"","ping_status":"","sticky":false,"template":"","format":"standard","meta":{"footnotes":""},"categories":[1588],"tags":[11,1777,674,12,473,1853,1851,1850,1852],"class_list":{"0":"post-507652","1":"post","2":"type-post","3":"status-publish","4":"format-standard","5":"has-post-thumbnail","7":"category-royaume-uni","8":"tag-actualites","9":"tag-eu","10":"tag-europe","11":"tag-news","12":"tag-royaume-uni","13":"tag-royaume-uni-de-grande-bretagne-et-dirlande-du-nord","14":"tag-uk","15":"tag-united-kingdom","16":"tag-united-kingdom-of-great-britain-and-northern-ireland"},"share_on_mastodon":{"url":"https:\/\/pubeurope.com\/@fr\/115482573066488023","error":""},"_links":{"self":[{"href":"https:\/\/www.europesays.com\/fr\/wp-json\/wp\/v2\/posts\/507652","targetHints":{"allow":["GET"]}}],"collection":[{"href":"https:\/\/www.europesays.com\/fr\/wp-json\/wp\/v2\/posts"}],"about":[{"href":"https:\/\/www.europesays.com\/fr\/wp-json\/wp\/v2\/types\/post"}],"author":[{"embeddable":true,"href":"https:\/\/www.europesays.com\/fr\/wp-json\/wp\/v2\/users\/2"}],"replies":[{"embeddable":true,"href":"https:\/\/www.europesays.com\/fr\/wp-json\/wp\/v2\/comments?post=507652"}],"version-history":[{"count":0,"href":"https:\/\/www.europesays.com\/fr\/wp-json\/wp\/v2\/posts\/507652\/revisions"}],"wp:featuredmedia":[{"embeddable":true,"href":"https:\/\/www.europesays.com\/fr\/wp-json\/wp\/v2\/media\/507653"}],"wp:attachment":[{"href":"https:\/\/www.europesays.com\/fr\/wp-json\/wp\/v2\/media?parent=507652"}],"wp:term":[{"taxonomy":"category","embeddable":true,"href":"https:\/\/www.europesays.com\/fr\/wp-json\/wp\/v2\/categories?post=507652"},{"taxonomy":"post_tag","embeddable":true,"href":"https:\/\/www.europesays.com\/fr\/wp-json\/wp\/v2\/tags?post=507652"}],"curies":[{"name":"wp","href":"https:\/\/api.w.org\/{rel}","templated":true}]}}