{"id":507654,"date":"2025-11-02T22:57:02","date_gmt":"2025-11-02T22:57:02","guid":{"rendered":"https:\/\/www.europesays.com\/fr\/507654\/"},"modified":"2025-11-02T22:57:02","modified_gmt":"2025-11-02T22:57:02","slug":"un-choc-entre-dortmund-et-leverkusen-en-huitiemes-de-finale","status":"publish","type":"post","link":"https:\/\/www.europesays.com\/fr\/507654\/","title":{"rendered":"un choc entre Dortmund et Leverkusen en huiti\u00e8mes de finale"},"content":{"rendered":"<p>\n    Le tirage au sort des huiti\u00e8mes de finale de la Coupe d\u2019Allemagne a \u00e9t\u00e9 r\u00e9alis\u00e9. Le Borussia Dortmund affrontera le Bayer Leverkusen tandis que le Bayern Munich se d\u00e9placera \u00e0 Berlin.<\/p>\n<p class=\"fig-paragraph\">Le\u00a0<a href=\"http:\/\/www.lefigaro.fr\/sports\/football\/allemagne\/foot-une-affaire-de-violences-sexuelles-presumees-touche-le-borussia-dortmund-20251013\" target=\"_blank\" data-fig-type=\"NewsFlash\" rel=\"nofollow noopener\" data-gtm-custom-categorie=\"navigation\" data-gtm-custom-action=\"crossclick\" data-gtm-custom-label=\"Contextuel\" data-gtm-event=\"customEventSPE\" data-fig-domain=\"LEFIGARO\">Borussia Dortmun<\/a>d, 3e de Bundesliga, recevra le\u00a0<a href=\"https:\/\/video.lefigaro.fr\/figaro\/sports\/ligue-des-champions-le-psg-poursuit-son-sans-faute-en-ecrasant-le-bayer-leverkusen-20251022\" target=\"_blank\" data-fig-type=\"Video\" rel=\"nofollow noopener\" data-gtm-custom-categorie=\"navigation\" data-gtm-custom-action=\"crossclick\" data-gtm-custom-label=\"Contextuel\" data-gtm-event=\"customEventSPE\" data-fig-domain=\"LEFIGARO\">Bayer Leverkusen<\/a>, 5e, pour l&rsquo;affiche des huiti\u00e8mes de finale de la Coupe d&rsquo;Allemagne d\u00e9but d\u00e9cembre, alors que le\u00a0<a href=\"http:\/\/www.lefigaro.fr\/sports\/football\/allemagne\/bayern-munich-le-president-herbert-hainer-reelu-pour-trois-ans-20251102\" target=\"_blank\" data-fig-type=\"NewsFlash\" rel=\"nofollow noopener\" data-gtm-custom-categorie=\"navigation\" data-gtm-custom-action=\"crossclick\" data-gtm-custom-label=\"Contextuel\" data-gtm-event=\"customEventSPE\" data-fig-domain=\"LEFIGARO\">Bayern<\/a>\u00a0se d\u00e9placera sur la pelouse de\u00a0<a href=\"http:\/\/www.lefigaro.fr\/sports\/football\/allemagne\/bundesliga-francfort-chute-a-domicile-face-a-l-union-berlin-20250921\" target=\"_blank\" data-fig-type=\"NewsFlash\" rel=\"nofollow noopener\" data-gtm-custom-categorie=\"navigation\" data-gtm-custom-action=\"crossclick\" data-gtm-custom-label=\"Contextuel\" data-gtm-event=\"customEventSPE\" data-fig-domain=\"LEFIGARO\">l&rsquo;Union Berlin<\/a>, d&rsquo;apr\u00e8s le tirage effectu\u00e9 dimanche. Dortmund a pein\u00e9 pour se d\u00e9faire de l&rsquo;Eintracht en 16es de finale, avec un succ\u00e8s aux tirs au but \u00e0 Francfort, alors que le Bayer Leverkusen a eu besoin de la prolongation pour \u00e9liminer Paderborn, pensionnaire de 2e division.<\/p>\n<p class=\"fig-paragraph\">Vainqueur \u00e0 l&rsquo;ext\u00e9rieur du FC Cologne (4-1), le Bayern devra une nouvelle fois se d\u00e9placer, \u00e0 Berlin face \u00e0 l&rsquo;Union, pour poursuivre sa mission de reconqu\u00eate de la Coupe, alors qu&rsquo;il n&rsquo;a plus atteint le dernier carr\u00e9 de la comp\u00e9tition depuis son 20e et dernier sacre (un record) en 2020. Les huiti\u00e8mes de finale sont programm\u00e9s les 2 et 3 d\u00e9cembre.<\/p>\n<p>                                    <a class=\"fig-a11y-skip a11y-hidden\" href=\"#fig-a11y-skip-main-inarticle\"><br \/>\n        Passer la publicit\u00e9<br \/>\n    <\/a><\/p>\n<p>Le programme<\/p>\n<p class=\"fig-paragraph\">Borussia Dortmund (D1) &#8211; Bayer Leverkusen (D1)<\/p>\n<p class=\"fig-paragraph\">Hambourg SV (D1) &#8211; Kiel (D2)<\/p>\n<p class=\"fig-paragraph\">Union Berlin (D1) &#8211; Bayern Munich (D1)<\/p>\n<p class=\"fig-paragraph\">Bochum (D2) &#8211; Stuttgart (D1)<\/p>\n<p class=\"fig-paragraph\">Hertha Berlin (D2) &#8211; Kaiserslautern (D2)<\/p>\n<p>                                    <a class=\"fig-a11y-skip a11y-hidden\" href=\"#fig-a11y-skip-main-inarticle_mtf\"><br \/>\n        Passer la publicit\u00e9<br \/>\n    <\/a><\/p>\n<p class=\"fig-paragraph\">Fribourg (D1) &#8211; Darmstadt (D2)<\/p>\n<p class=\"fig-paragraph\">Borussia M\u00f6nchengladbach (D1) &#8211; St. Pauli (D1)<\/p>\n<p class=\"fig-paragraph\">RB Leipzig (D1) &#8211; Magdebourg (D2)<\/p>\n","protected":false},"excerpt":{"rendered":"Le tirage au sort des huiti\u00e8mes de finale de la Coupe d\u2019Allemagne a \u00e9t\u00e9 r\u00e9alis\u00e9. Le Borussia Dortmund&hellip;\n","protected":false},"author":2,"featured_media":507655,"comment_status":"","ping_status":"","sticky":false,"template":"","format":"standard","meta":{"footnotes":""},"categories":[1587],"tags":[11,672,11005,4782,5696,1804,1805,1803,1777,674,1801,12,1802],"class_list":{"0":"post-507654","1":"post","2":"type-post","3":"status-publish","4":"format-standard","5":"has-post-thumbnail","7":"category-allemagne","8":"tag-actualites","9":"tag-allemagne","10":"tag-bayer-leverkusen","11":"tag-bayern-munich","12":"tag-borussia-dortmund","13":"tag-bundesrepublik-deutschland","14":"tag-de","15":"tag-deutschland","16":"tag-eu","17":"tag-europe","18":"tag-germany","19":"tag-news","20":"tag-republique-federale-dallemagne"},"share_on_mastodon":{"url":"https:\/\/pubeurope.com\/@fr\/115482581095020414","error":""},"_links":{"self":[{"href":"https:\/\/www.europesays.com\/fr\/wp-json\/wp\/v2\/posts\/507654","targetHints":{"allow":["GET"]}}],"collection":[{"href":"https:\/\/www.europesays.com\/fr\/wp-json\/wp\/v2\/posts"}],"about":[{"href":"https:\/\/www.europesays.com\/fr\/wp-json\/wp\/v2\/types\/post"}],"author":[{"embeddable":true,"href":"https:\/\/www.europesays.com\/fr\/wp-json\/wp\/v2\/users\/2"}],"replies":[{"embeddable":true,"href":"https:\/\/www.europesays.com\/fr\/wp-json\/wp\/v2\/comments?post=507654"}],"version-history":[{"count":0,"href":"https:\/\/www.europesays.com\/fr\/wp-json\/wp\/v2\/posts\/507654\/revisions"}],"wp:featuredmedia":[{"embeddable":true,"href":"https:\/\/www.europesays.com\/fr\/wp-json\/wp\/v2\/media\/507655"}],"wp:attachment":[{"href":"https:\/\/www.europesays.com\/fr\/wp-json\/wp\/v2\/media?parent=507654"}],"wp:term":[{"taxonomy":"category","embeddable":true,"href":"https:\/\/www.europesays.com\/fr\/wp-json\/wp\/v2\/categories?post=507654"},{"taxonomy":"post_tag","embeddable":true,"href":"https:\/\/www.europesays.com\/fr\/wp-json\/wp\/v2\/tags?post=507654"}],"curies":[{"name":"wp","href":"https:\/\/api.w.org\/{rel}","templated":true}]}}