{"id":507663,"date":"2025-11-02T23:02:17","date_gmt":"2025-11-02T23:02:17","guid":{"rendered":"https:\/\/www.europesays.com\/fr\/507663\/"},"modified":"2025-11-02T23:02:17","modified_gmt":"2025-11-02T23:02:17","slug":"emmanuel-macron-organise-un-choose-france-pour-les-entreprises-tricolores","status":"publish","type":"post","link":"https:\/\/www.europesays.com\/fr\/507663\/","title":{"rendered":"Emmanuel Macron organise un Choose France pour les entreprises tricolores"},"content":{"rendered":"<p>\n    <strong>INFO LE FIGARO &#8211; <\/strong>L\u2019\u00e9dition fran\u00e7aise de cet \u00e9v\u00e9nement destin\u00e9 \u00e0 attirer les investissements dans le pays aura lieu le lundi 17\u00a0novembre \u00e0 la Maison de la chimie, \u00e0 Paris.<\/p>\n<p class=\"fig-paragraph\">Alors que les doutes se multiplient sur la persistance de l\u2019attractivit\u00e9 de la France aupr\u00e8s des investisseurs depuis qu\u2019<a href=\"http:\/\/www.lefigaro.fr\/vox\/politique\/l-un-des-objectifs-de-la-dissolution-etait-de-placer-le-rn-au-pouvoir-wally-bordas-leve-le-voile-sur-les-coulisses-de-l-assemblee-nationale-20250918\" data-fig-type=\"Article\" data-gtm-custom-categorie=\"navigation\" data-gtm-custom-action=\"crossclick\" data-gtm-custom-label=\"Contextuel\" data-gtm-event=\"customEventSPE\" data-fig-domain=\"LEFIGARO\" target=\"_blank\" rel=\"noopener\">il a dissous l\u2019Assembl\u00e9e nationale<\/a>, le 9\u00a0juin 2024, Emmanuel Macron est d\u00e9cid\u00e9 \u00e0 prouver que rien n\u2019a chang\u00e9. Quelques mois apr\u00e8s\u00a0<a href=\"http:\/\/www.lefigaro.fr\/conjoncture\/ia-decarbonation-transports-decouvrez-le-detail-des-40-milliards-d-euros-d-investissements-annonces-a-choose-france-20250519\" data-fig-type=\"Article\" data-gtm-custom-categorie=\"navigation\" data-gtm-custom-action=\"crossclick\" data-gtm-custom-label=\"Contextuel\" data-gtm-event=\"customEventSPE\" data-fig-domain=\"LEFIGARO\" target=\"_blank\" rel=\"noopener\">la 7e\u00a0\u00e9dition de Choose France<\/a>, le pr\u00e9sident de la R\u00e9publique en organise une nouvelle, le lundi 17\u00a0novembre prochain, r\u00e9serv\u00e9e aux entreprises et aux investisseurs tricolores. Contrairement \u00e0 leurs homologues internationaux, \u00e0 qui les pr\u00e9c\u00e9dents Choose France \u00e9taient r\u00e9serv\u00e9s, ces derniers n\u2019auront pas droit aux ors du ch\u00e2teau de Versailles. Ils se contenteront de la\u00a0<a href=\"https:\/\/video.lefigaro.fr\/figaro\/politique\/le-ps-fait-sa-rentree-a-la-maison-de-la-chimie-20170827\" data-fig-type=\"Video\" data-gtm-custom-categorie=\"navigation\" data-gtm-custom-action=\"crossclick\" data-gtm-custom-label=\"Contextuel\" data-gtm-event=\"customEventSPE\" data-fig-domain=\"LEFIGARO\" target=\"_blank\" rel=\"noopener\">Maison de la chimie<\/a>, un centre de conf\u00e9rence b\u00e2ti \u00e0 un jet d\u2019amendements du Palais Bourbon. Apr\u00e8s une journ\u00e9e de tables rondes et de rencontres bilat\u00e9rales avec des ministres ou des dirigeants d\u2019administration centrale, les plus chanceux d\u00eeneront \u00e0 l\u2019\u00c9lys\u00e9e.<\/p>\n<p class=\"fig-paragraph\">\u00ab\u00a0Dans un contexte mondial tr\u00e8s compliqu\u00e9, l\u2019\u00e9conomie fran\u00e7aise est plut\u00f4t r\u00e9siliente, rappelle-t-on dans l\u2019entourage du\u2026<\/p>\n<p class=\"fig-premium-paywall__infos\">\n        Cet article est r\u00e9serv\u00e9 aux abonn\u00e9s.        Il vous reste 67% \u00e0 d\u00e9couvrir.\n    <\/p>\n<p>                <img  data- alt=\"Le Figaro\" class=\"fig-img--complete fig-img\"\/><\/p>\n<p class=\"fig-premium-paywall__title\">Vous avez envie de lire la suite ?<\/p>\n<p class=\"fig-premium-paywall__subtitle\">D\u00e9bloquez tous les articles imm\u00e9diatement.<\/p>\n<p class=\"fig-premium-paywall__connect\">\n                D\u00e9j\u00e0 abonn\u00e9\u00a0?                <a class=\"fig-premium-paywall__connect-link\" href=\"https:\/\/connect.lefigaro.fr\/login?client=horizon_web&amp;type=main&amp;redirect_uri=https%3A%2F%2Fwww.lefigaro.fr%2Fsocietes%2Femmanuel-macron-organise-un-choose-france-pour-les-entreprises-tricolores-20251102\" data-js-gtm=\"{&quot;customCategorie&quot;: &quot;conversion&quot;, &quot;customAction&quot;: &quot;before_Landing_Connexion_paywall_auto&quot;, &quot;customLabel&quot;: &quot;bGVmaWdhcm8uZnJfXzFmMGI3YjgzLTcyYjAtNjQwMC1hNDZlLWFkZTk4NjYzNTE3Nl9fTmV3c0ZsYXNo_Emmanuel Macron organise un Choose France pour les entreprises tricolores_120&quot;, &quot;customIDSPE&quot;: &quot;bGVmaWdhcm8uZnJfXzFmMGI3YjgzLTcyYjAtNjQwMC1hNDZlLWFkZTk4NjYzNTE3Nl9fTmV3c0ZsYXNo&quot;, &quot;event&quot;: &quot;customEventSPE&quot;}\" target=\"_blank\" rel=\"noopener\"><br \/>\n                    Connectez-vous<br \/>\n                <\/a>\n            <\/p>\n","protected":false},"excerpt":{"rendered":"INFO LE FIGARO &#8211; L\u2019\u00e9dition fran\u00e7aise de cet \u00e9v\u00e9nement destin\u00e9 \u00e0 attirer les investissements dans le pays aura&hellip;\n","protected":false},"author":2,"featured_media":507664,"comment_status":"","ping_status":"","sticky":false,"template":"","format":"standard","meta":{"footnotes":""},"categories":[4],"tags":[11,21601,913,1073,1011,27,399,12,25],"class_list":{"0":"post-507663","1":"post","2":"type-post","3":"status-publish","4":"format-standard","5":"has-post-thumbnail","7":"category-france","8":"tag-actualites","9":"tag-choose-france","10":"tag-croissance","11":"tag-emmanuel-macron","12":"tag-fr","13":"tag-france","14":"tag-investissement","15":"tag-news","16":"tag-republique-francaise"},"share_on_mastodon":{"url":"https:\/\/pubeurope.com\/@fr\/115482600689019199","error":""},"_links":{"self":[{"href":"https:\/\/www.europesays.com\/fr\/wp-json\/wp\/v2\/posts\/507663","targetHints":{"allow":["GET"]}}],"collection":[{"href":"https:\/\/www.europesays.com\/fr\/wp-json\/wp\/v2\/posts"}],"about":[{"href":"https:\/\/www.europesays.com\/fr\/wp-json\/wp\/v2\/types\/post"}],"author":[{"embeddable":true,"href":"https:\/\/www.europesays.com\/fr\/wp-json\/wp\/v2\/users\/2"}],"replies":[{"embeddable":true,"href":"https:\/\/www.europesays.com\/fr\/wp-json\/wp\/v2\/comments?post=507663"}],"version-history":[{"count":0,"href":"https:\/\/www.europesays.com\/fr\/wp-json\/wp\/v2\/posts\/507663\/revisions"}],"wp:featuredmedia":[{"embeddable":true,"href":"https:\/\/www.europesays.com\/fr\/wp-json\/wp\/v2\/media\/507664"}],"wp:attachment":[{"href":"https:\/\/www.europesays.com\/fr\/wp-json\/wp\/v2\/media?parent=507663"}],"wp:term":[{"taxonomy":"category","embeddable":true,"href":"https:\/\/www.europesays.com\/fr\/wp-json\/wp\/v2\/categories?post=507663"},{"taxonomy":"post_tag","embeddable":true,"href":"https:\/\/www.europesays.com\/fr\/wp-json\/wp\/v2\/tags?post=507663"}],"curies":[{"name":"wp","href":"https:\/\/api.w.org\/{rel}","templated":true}]}}