{"id":50767,"date":"2025-04-25T03:26:10","date_gmt":"2025-04-25T03:26:10","guid":{"rendered":"https:\/\/www.europesays.com\/fr\/50767\/"},"modified":"2025-04-25T03:26:10","modified_gmt":"2025-04-25T03:26:10","slug":"meteo-entre-des-episodes-pluvieux-le-soleil-fait-son-grand-retour-a-toulouse-et-en-occitanie","status":"publish","type":"post","link":"https:\/\/www.europesays.com\/fr\/50767\/","title":{"rendered":"M\u00e9t\u00e9o. Entre des \u00e9pisodes pluvieux, le soleil fait son grand retour \u00e0 Toulouse et en Occitanie"},"content":{"rendered":"<p>            Par<br \/>\n        <strong><br \/>\n            <a href=\"https:\/\/actu.fr\/auteur\/marie-lamarque\" title=\"Consulter tous les articles de Marie Lamarque\" rel=\"nofollow noopener\" target=\"_blank\">Marie Lamarque<\/a><br \/>\n        <\/strong><\/p>\n<p>        Publi\u00e9 le<\/p>\n<p>            25 avr. 2025 \u00e0 5h20        <\/p>\n<p>Apr\u00e8s plusieurs journ\u00e9es de grisaille et de pluie <a href=\"https:\/\/actu.fr\/toulouse\/\" rel=\"nofollow noopener\" target=\"_blank\">dans la Ville rose<\/a> et en Occitanie, le soleil devrait enfin repointer le bout de ses rayons ce vendredi 25 avril 2025 selon <a href=\"https:\/\/meteofrance.com\/previsions-meteo-france\/toulouse\/31000\" rel=\"nofollow noopener\" target=\"_blank\">les pr\u00e9visions de M\u00e9t\u00e9o-France<\/a>. <strong>Un beau ciel bleu s\u2019annonce<\/strong>, avec <strong>des temp\u00e9ratures en hausse<\/strong>. De quoi donner le sourire avant le dernier week-end de vacances qui s\u2019annonce \u00e0 nouveau plus maussade\u2026<\/p>\n<p>Les pr\u00e9visions \u00e0 Toulouse\u2026<\/p>\n<p class=\" wall-content\">A Toulouse,<strong> le soleil devrait s\u2019imposer tout au long de la journ\u00e9e<\/strong> de ce vendredi, avec <strong>15\u00b0C attendus le matin et 21\u00b0C l\u2019apr\u00e8s-midi<\/strong>. Les minimales seront bien sup\u00e9rieures aux normales de saison. De quoi r\u00e9chauffer les habitants avant le retour de la pluie d\u00e9j\u00e0 annonc\u00e9e par M\u00e9t\u00e9o-France pour ce week-end.<\/p>\n<p>      <img   decoding=\"async\" loading=\"lazy\" src=\"https:\/\/www.europesays.com\/fr\/wp-content\/uploads\/2025\/04\/meteo-toulouse-previsions-960x640.png\" alt=\"Les pr\u00e9visions \u00e0 Toulouse pour ce vendredi 25 avril 2025.\" width=\"960\" height=\"640\"\/><br \/>\n    Les pr\u00e9visions \u00e0 Toulouse pour ce vendredi 25 avril 2025. (\u00a9Capture d\u2019\u00e9cran \/ M\u00e9t\u00e9o-France)\u2026et en Occitanie<\/p>\n<p class=\" wall-content\">Ailleurs en Occitanie, le soleil devrait \u00e9galement s\u2019imposer dans tous les d\u00e9partements. L\u00e0 aussi, le thermom\u00e8tre va grimper et va m\u00eame atteindre les<strong> 24\u00b0C \u00e0 B\u00e9ziers, dans l\u2019H\u00e9rault. Il fera aussi 22\u00b0C \u00e0 Cahors, N\u00eemes ou encore Carcassonne<\/strong>. M\u00e9t\u00e9o-France annonce <strong>18\u00b0C \u00e0 Rodez, 20\u00b0C \u00e0 Saint-C\u00e9r\u00e9 ou encore 21\u00b0C \u00e0 Tarbes<\/strong>.<\/p>\n<p>      <img   decoding=\"async\" loading=\"lazy\" src=\"https:\/\/www.europesays.com\/fr\/wp-content\/uploads\/2025\/04\/meteo-occitanie-previsions-960x640.png\" alt=\"Les pr\u00e9visions en Occitanie pour ce vendredi 25 avril 2025.\" width=\"960\" height=\"640\"\/><br \/>\n    Les pr\u00e9visions en Occitanie pour ce vendredi 25 avril 2025. (\u00a9Capture d\u2019\u00e9cran \/ M\u00e9t\u00e9o-France)Vid\u00e9os : en ce moment sur Actu<\/p>\n<p class=\" wall-content\">Une tr\u00eave ensoleill\u00e9e dont il faudra profiter dans la r\u00e9gion o\u00f9 le retour de la pluie est pr\u00e9vu d\u00e8s samedi matin.<\/p>\n<p class=\" wall-content\">Suivez toute l\u2019actualit\u00e9 de vos villes et m\u00e9dias favoris en vous inscrivant \u00e0 <a href=\"https:\/\/moncompte.actu.fr\" title=\"D\u00e9couvez Mon Actu\" rel=\"nofollow noopener\" data-trk=\"{&quot;cta&quot;:{&quot;action&quot;:&quot;https:\\\/\\\/moncompte.actu.fr&quot;,&quot;category&quot;:&quot;mon compte&quot;,&quot;from&quot;:&quot;article footer&quot;,&quot;name&quot;:&quot;Mon actu&quot;,&quot;type&quot;:&quot;cta&quot;}}\" target=\"_blank\">Mon Actu<\/a>.<\/p>\n","protected":false},"excerpt":{"rendered":"Par Marie Lamarque Publi\u00e9 le 25 avr. 2025 \u00e0 5h20 Apr\u00e8s plusieurs journ\u00e9es de grisaille et de pluie&hellip;\n","protected":false},"author":2,"featured_media":50768,"comment_status":"","ping_status":"","sticky":false,"template":"","format":"standard","meta":{"footnotes":""},"categories":[2816],"tags":[1111,11,1777,674,1011,27,2487,2357,12,2680,25,2312],"class_list":{"0":"post-50767","1":"post","2":"type-post","3":"status-publish","4":"format-standard","5":"has-post-thumbnail","7":"category-toulouse","8":"tag-actu","9":"tag-actualites","10":"tag-eu","11":"tag-europe","12":"tag-fr","13":"tag-france","14":"tag-meteo","15":"tag-meteo-france","16":"tag-news","17":"tag-occitanie","18":"tag-republique-francaise","19":"tag-toulouse"},"share_on_mastodon":{"url":"https:\/\/pubeurope.com\/@fr\/114396475160084343","error":""},"_links":{"self":[{"href":"https:\/\/www.europesays.com\/fr\/wp-json\/wp\/v2\/posts\/50767","targetHints":{"allow":["GET"]}}],"collection":[{"href":"https:\/\/www.europesays.com\/fr\/wp-json\/wp\/v2\/posts"}],"about":[{"href":"https:\/\/www.europesays.com\/fr\/wp-json\/wp\/v2\/types\/post"}],"author":[{"embeddable":true,"href":"https:\/\/www.europesays.com\/fr\/wp-json\/wp\/v2\/users\/2"}],"replies":[{"embeddable":true,"href":"https:\/\/www.europesays.com\/fr\/wp-json\/wp\/v2\/comments?post=50767"}],"version-history":[{"count":0,"href":"https:\/\/www.europesays.com\/fr\/wp-json\/wp\/v2\/posts\/50767\/revisions"}],"wp:featuredmedia":[{"embeddable":true,"href":"https:\/\/www.europesays.com\/fr\/wp-json\/wp\/v2\/media\/50768"}],"wp:attachment":[{"href":"https:\/\/www.europesays.com\/fr\/wp-json\/wp\/v2\/media?parent=50767"}],"wp:term":[{"taxonomy":"category","embeddable":true,"href":"https:\/\/www.europesays.com\/fr\/wp-json\/wp\/v2\/categories?post=50767"},{"taxonomy":"post_tag","embeddable":true,"href":"https:\/\/www.europesays.com\/fr\/wp-json\/wp\/v2\/tags?post=50767"}],"curies":[{"name":"wp","href":"https:\/\/api.w.org\/{rel}","templated":true}]}}