{"id":507671,"date":"2025-11-02T23:06:17","date_gmt":"2025-11-02T23:06:17","guid":{"rendered":"https:\/\/www.europesays.com\/fr\/507671\/"},"modified":"2025-11-02T23:06:17","modified_gmt":"2025-11-02T23:06:17","slug":"aliassime-musetti-un-duel-a-distance-pour-decrocher-le-dernier-billet-du-masters","status":"publish","type":"post","link":"https:\/\/www.europesays.com\/fr\/507671\/","title":{"rendered":"Aliassime &#8211; Musetti : un duel \u00e0 distance pour d\u00e9crocher le dernier billet du Masters"},"content":{"rendered":"<p>                <img decoding=\"async\" src=\"https:\/\/www.europesays.com\/fr\/wp-content\/uploads\/2025\/11\/lwPs.jpg\" fetchpriority=\"high\" alt=\"Auger-Aliassime - Musetti : un duel \u00e0 distance pour d\u00e9crocher le dernier billet du Masters\"\/><\/p>\n<p>Tout se jouera entre Metz et Ath\u00e8nes : F\u00e9lix Auger-Aliassime et Lorenzo Musetti vont vivre un duel \u00e0 suspense pour d\u00e9crocher le dernier billet du Masters. Une lutte \u00e0 distance o\u00f9 chaque point comptera\u2026 et o\u00f9 le forfait d\u2019un certain Novak Djokovic pourrait tout bouleverser.<\/p>\n<p>La course au Masters conna\u00eetra son d\u00e9nouement lors des deux derniers tournois de la saison, \u00e0 Metz et \u00e0 Ath\u00e8nes. Cette ann\u00e9e, le suspense se jouera \u00e0 distance entre F\u00e9lix Auger-Aliassime, 8e \u00e0 la Race apr\u00e8s sa finale au Rolex Paris Masters, et Lorenzo Musetti, 9e.<\/p>\n<p><strong>Le Canadien dispose d\u2019une courte avance sur l\u2019Italien, avec respectivement 3845 points contre 3685.<\/strong><\/p>\n<p>Les deux joueurs visent une premi\u00e8re qualification pour les ATP Finals, mais le chemin s\u2019annonce plus compliqu\u00e9 pour Musetti. L\u2019Italien devra imp\u00e9rativement remporter le tournoi d\u2019Ath\u00e8nes tout en esp\u00e9rant qu\u2019Auger-Aliassime ne rejoigne pas le dernier carr\u00e9 \u00e0 Metz.<\/p>\n<p>Si le Canadien atteint les demi-finales du Moselle Open, il validera automatiquement son ticket pour Turin. Une d\u00e9faite de Musetti en finale ou avant \u00e0 Ath\u00e8nes lui suffirait \u00e9galement pour sceller sa qualification.<\/p>\n<p>\u00c9videmment, l\u2019incertitude autour de la participation de Novak Djokovic pourrait rebattre les cartes, puisqu\u2019en cas de forfait du Serbe, les deux joueurs obtiendraient automatiquement leur place pour le Masters.<\/p>\n","protected":false},"excerpt":{"rendered":"Tout se jouera entre Metz et Ath\u00e8nes : F\u00e9lix Auger-Aliassime et Lorenzo Musetti vont vivre un duel \u00e0&hellip;\n","protected":false},"author":2,"featured_media":507672,"comment_status":"","ping_status":"","sticky":false,"template":"","format":"standard","meta":{"footnotes":""},"categories":[1415],"tags":[1011,27,60,1467],"class_list":{"0":"post-507671","1":"post","2":"type-post","3":"status-publish","4":"format-standard","5":"has-post-thumbnail","7":"category-tennis","8":"tag-fr","9":"tag-france","10":"tag-sports","11":"tag-tennis"},"share_on_mastodon":{"url":"https:\/\/pubeurope.com\/@fr\/115482616836542366","error":""},"_links":{"self":[{"href":"https:\/\/www.europesays.com\/fr\/wp-json\/wp\/v2\/posts\/507671","targetHints":{"allow":["GET"]}}],"collection":[{"href":"https:\/\/www.europesays.com\/fr\/wp-json\/wp\/v2\/posts"}],"about":[{"href":"https:\/\/www.europesays.com\/fr\/wp-json\/wp\/v2\/types\/post"}],"author":[{"embeddable":true,"href":"https:\/\/www.europesays.com\/fr\/wp-json\/wp\/v2\/users\/2"}],"replies":[{"embeddable":true,"href":"https:\/\/www.europesays.com\/fr\/wp-json\/wp\/v2\/comments?post=507671"}],"version-history":[{"count":0,"href":"https:\/\/www.europesays.com\/fr\/wp-json\/wp\/v2\/posts\/507671\/revisions"}],"wp:featuredmedia":[{"embeddable":true,"href":"https:\/\/www.europesays.com\/fr\/wp-json\/wp\/v2\/media\/507672"}],"wp:attachment":[{"href":"https:\/\/www.europesays.com\/fr\/wp-json\/wp\/v2\/media?parent=507671"}],"wp:term":[{"taxonomy":"category","embeddable":true,"href":"https:\/\/www.europesays.com\/fr\/wp-json\/wp\/v2\/categories?post=507671"},{"taxonomy":"post_tag","embeddable":true,"href":"https:\/\/www.europesays.com\/fr\/wp-json\/wp\/v2\/tags?post=507671"}],"curies":[{"name":"wp","href":"https:\/\/api.w.org\/{rel}","templated":true}]}}