{"id":507677,"date":"2025-11-02T23:12:14","date_gmt":"2025-11-02T23:12:14","guid":{"rendered":"https:\/\/www.europesays.com\/fr\/507677\/"},"modified":"2025-11-02T23:12:14","modified_gmt":"2025-11-02T23:12:14","slug":"les-mots-forts-de-gregory-alldritt-apres-son-declassement-en-bleu","status":"publish","type":"post","link":"https:\/\/www.europesays.com\/fr\/507677\/","title":{"rendered":"les mots forts de Gr\u00e9gory Alldritt apr\u00e8s son d\u00e9classement en bleu"},"content":{"rendered":"<p>\n    Lib\u00e9r\u00e9 cette semaine par Fabien Galthi\u00e9, l\u2019ancien capitaine du XV de France a r\u00e9pondu sur le terrain avec le Stade Rochelais ce dimanche soir. L\u2019\u00e9pisode l\u2019a bless\u00e9 mais sa motivation est intacte.<\/p>\n<p class=\"fig-paragraph\">On attendait sa r\u00e9action apr\u00e8s n\u2019avoir\u00a0<a href=\"http:\/\/www.lefigaro.fr\/sports\/rugby\/top-14\/top-14-gregory-alldritt-un-declassement-qui-interroge-et-un-sursaut-d-orgueil-attendu-20251102\" data-fig-type=\"NewsFlash\" data-gtm-custom-categorie=\"navigation\" data-gtm-custom-action=\"crossclick\" data-gtm-custom-label=\"Contextuel\" data-gtm-event=\"customEventSPE\" data-fig-domain=\"LEFIGARO\" target=\"_blank\" rel=\"noopener\">pas \u00e9t\u00e9 plac\u00e9 sur la liste des 23 Bleus prot\u00e9g\u00e9s<\/a>\u00a0en vue du choc entre le XV de France et l\u2019Afrique du Sud, samedi prochain au Stade de France. Sur le terrain, elle a \u00e9t\u00e9 tonitruante. Gr\u00e9gory Alldritt a port\u00e9 le Stade Rochelais face au Racing 92. Tranchant en d\u00e9fense (13 plaquages), saignant balle en mains, et un essai pour lancer les siens\u00a0<a href=\"https:\/\/www.lefigaro.fr\/sports\/rugby\/live\/top-14\/2026\/947985\/la-rochelle-racing\" data-fig-type=\"Live\" data-gtm-custom-categorie=\"navigation\" data-gtm-custom-action=\"crossclick\" data-gtm-custom-label=\"Contextuel\" data-gtm-event=\"customEventSPE\" data-fig-domain=\"LEFIGARO\" target=\"_blank\" rel=\"noopener\">vers la victoire (33-6).<\/a><\/p>\n<p class=\"fig-paragraph\">Ses mots ont \u00e9t\u00e9 tout aussi forts apr\u00e8s la rencontre. Au micro de Canal +, l\u2019ex-capitaine du XV de France a jou\u00e9 la carte de la sinc\u00e9rit\u00e9. Son d\u00e9classement au sein du groupe France (au profit du Lyonnais Micka\u00ebl Guillard)\u00a0? \u00abIl y a eu pas mal de rebondissements, beaucoup de d\u00e9ception et j\u2019avais besoin d\u2019un petit peu d\u2019amour. Que ce soit l\u2019\u00e9quipe ou le stade, ils m\u2019en ont donn\u00e9 \u00e9norm\u00e9ment aujourd\u2019hui. C\u2019est une soir\u00e9e sp\u00e9ciale\u00bb, a confi\u00e9 le troisi\u00e8me-ligne centre, les yeux brillant de bonheur sous les ovations des supporters maritimes c\u00e9l\u00e9brant leur capitaine qui disputait son 150e match avec la Caravelle sur le c\u0153ur.<\/p>\n<p>\u00ab Mon \u00e9tat d\u2019esprit est tr\u00e8s simple. J\u2019adore mon pays et j\u2019ai envie de tout faire pour cette \u00e9quipe de France. Quel que soit le r\u00f4le que le staff me donnera.\u00a0\u00bb<\/p>\n<p>                                    <a class=\"fig-a11y-skip a11y-hidden\" href=\"#fig-a11y-skip-main-inarticle\"><br \/>\n        Passer la publicit\u00e9<br \/>\n    <\/a><\/p>\n<p class=\"fig-paragraph\">Il met les choses au point. Non il n\u2019\u00e9tait pas bless\u00e9. \u00abBeaucoup de choses ont \u00e9t\u00e9 dites, mais c\u2019\u00e9tait une simple g\u00eane aux cervicales, rien de plus. Il y a eu un choix sportif qui a \u00e9t\u00e9 fait (par Fabien Galthi\u00e9, NDLR). Je le respecte et je voulais me donner \u00e0 300% pour ce club. Comme je l\u2019ai dit, j\u2019ai re\u00e7u \u00e9norm\u00e9ment d\u2019amour et \u00e7a donne \u00e9norm\u00e9ment de sens au pourquoi je joue ici, pourquoi j\u2019ai fait 150 matchs ici et pourquoi j\u2019ai envie d\u2019en faire encore beaucoup plus ici. C\u2019est pour \u00e7a qu\u2019on fait ce sport, c\u2019est pour \u00e7a que je joue dans ce club, c\u2019est pour \u00e7a que j\u2019ai envie de continuer \u00e0 jouer tr\u00e8s longtemps dans ce club.\u00bb<\/p>\n<p class=\"fig-paragraph\">Une d\u00e9claration d\u2019amour en retour. Qui ne l\u2019emp\u00eache pas de se projeter sur son retour \u00e0 Marcoussis d\u00e8s ce lundi. Avec quelle motivation\u00a0? \u00abMon \u00e9tat d\u2019esprit est tr\u00e8s simple. J\u2019adore mon pays et j\u2019ai envie de tout faire pour cette \u00e9quipe de France. Quel que soit le r\u00f4le que le staff me donnera, je serai \u00e0 200% pour aider les copains \u00e0 battre les doubles champions du monde en titre qui veulent venir en France et imposer leur rugby.\u00bb Le message est effectivement limpide. Pas question pour Gr\u00e9gory Alldritt de baisser les bras.<\/p>\n","protected":false},"excerpt":{"rendered":"Lib\u00e9r\u00e9 cette semaine par Fabien Galthi\u00e9, l\u2019ancien capitaine du XV de France a r\u00e9pondu sur le terrain avec&hellip;\n","protected":false},"author":2,"featured_media":507678,"comment_status":"","ping_status":"","sticky":false,"template":"","format":"standard","meta":{"footnotes":""},"categories":[1359],"tags":[58,59,515,1011,27,15153,973,6365,478],"class_list":{"0":"post-507677","1":"post","2":"type-post","3":"status-publish","4":"format-standard","5":"has-post-thumbnail","7":"category-people","8":"tag-divertissement","9":"tag-entertainment","10":"tag-fabien-galthie","11":"tag-fr","12":"tag-france","13":"tag-gregory-alldritt","14":"tag-people","15":"tag-stade-rochelais","16":"tag-top-14"},"share_on_mastodon":{"url":"https:\/\/pubeurope.com\/@fr\/115482640076230962","error":""},"_links":{"self":[{"href":"https:\/\/www.europesays.com\/fr\/wp-json\/wp\/v2\/posts\/507677","targetHints":{"allow":["GET"]}}],"collection":[{"href":"https:\/\/www.europesays.com\/fr\/wp-json\/wp\/v2\/posts"}],"about":[{"href":"https:\/\/www.europesays.com\/fr\/wp-json\/wp\/v2\/types\/post"}],"author":[{"embeddable":true,"href":"https:\/\/www.europesays.com\/fr\/wp-json\/wp\/v2\/users\/2"}],"replies":[{"embeddable":true,"href":"https:\/\/www.europesays.com\/fr\/wp-json\/wp\/v2\/comments?post=507677"}],"version-history":[{"count":0,"href":"https:\/\/www.europesays.com\/fr\/wp-json\/wp\/v2\/posts\/507677\/revisions"}],"wp:featuredmedia":[{"embeddable":true,"href":"https:\/\/www.europesays.com\/fr\/wp-json\/wp\/v2\/media\/507678"}],"wp:attachment":[{"href":"https:\/\/www.europesays.com\/fr\/wp-json\/wp\/v2\/media?parent=507677"}],"wp:term":[{"taxonomy":"category","embeddable":true,"href":"https:\/\/www.europesays.com\/fr\/wp-json\/wp\/v2\/categories?post=507677"},{"taxonomy":"post_tag","embeddable":true,"href":"https:\/\/www.europesays.com\/fr\/wp-json\/wp\/v2\/tags?post=507677"}],"curies":[{"name":"wp","href":"https:\/\/api.w.org\/{rel}","templated":true}]}}