{"id":507679,"date":"2025-11-02T23:13:15","date_gmt":"2025-11-02T23:13:15","guid":{"rendered":"https:\/\/www.europesays.com\/fr\/507679\/"},"modified":"2025-11-02T23:13:15","modified_gmt":"2025-11-02T23:13:15","slug":"dubai-devoile-les-plans-de-son-premier-musee-dart-moderne-et-contemporain","status":"publish","type":"post","link":"https:\/\/www.europesays.com\/fr\/507679\/","title":{"rendered":"Duba\u00ef d\u00e9voile les plans de son premier mus\u00e9e d\u2019art moderne et contemporain"},"content":{"rendered":"<p>\n    La Cit\u00e9 de l\u2019Or accueillera dans les ann\u00e9es \u00e0 venir un nouveau complexe artistique de cinq \u00e9tages dans une \u00ab\u00a0crique\u00a0\u00bb au milieu de la ville. Le Duba\u00ef Museum of Art de l\u2019architecte japonais Tadao Ando a pour ambition de devenir \u00ab\u00a0un nouveau phare culturel des \u00c9mirats arabes unis\u00a0\u00bb.<\/p>\n<p class=\"fig-paragraph\"><a href=\"https:\/\/www.lefigaro.fr\/culture\/2015\/03\/05\/03004-20150305ARTFIG00297-le-musee-de-l-avenir-futur-joyau-architectural-de-dubai.php\" data-fig-type=\"Article\" data-gtm-custom-categorie=\"navigation\" data-gtm-custom-action=\"crossclick\" data-gtm-custom-label=\"Contextuel\" data-gtm-event=\"customEventSPE\" data-fig-domain=\"LEFIGARO\" target=\"_blank\" rel=\"noopener\">Nouveau lieu de culture influent<\/a>\u00a0depuis plusieurs ann\u00e9es,\u00a0<a href=\"http:\/\/www.lefigaro.fr\/culture\/macklemore-annule-son-concert-a-dubai-pour-contester-contre-la-guerre-au-soudan-20240826\" data-fig-type=\"Article\" data-gtm-custom-categorie=\"navigation\" data-gtm-custom-action=\"crossclick\" data-gtm-custom-label=\"Contextuel\" data-gtm-event=\"customEventSPE\" data-fig-domain=\"LEFIGARO\" target=\"_blank\" rel=\"noopener\">Duba\u00ef\u00a0<\/a>d\u00e9voile aujourd\u2019hui les premi\u00e8res maquettes de son premier mus\u00e9e d\u2019art moderne et contemporain. Baptis\u00e9 le Duba\u00ef Museum of Art (DUMA) et con\u00e7u par l\u2019architecte japonais et laur\u00e9at du prix Pritzker Tadao Ando, il devrait tr\u00f4ner le long d\u2019une \u00abcrique\u00bb dans la ville, aliment\u00e9e par l\u2019un des bras de mer du Golfe Persique. Les dates du lancement des travaux et donc de son inauguration n\u2019ont pas encore \u00e9t\u00e9 d\u00e9finies,\u00a0<a href=\"https:\/\/www.artnews.com\/art-news\/news\/dubai-reveals-plans-for-first-modern-and-contemporary-art-museum-1234759438\/\" target=\"_blank\" rel=\"sponsored noopener\" data-gtm-custom-categorie=\"navigation\" data-gtm-custom-action=\"crossclick\" data-gtm-custom-label=\"Contextuel\" data-gtm-event=\"customEventSPE\">pr\u00e9cise Artnews<\/a> .<\/p>\n<p class=\"fig-paragraph\">D\u2019apr\u00e8s les premi\u00e8res esquisses relay\u00e9es par le conglom\u00e9rat Al-Futtaim Group, le DUMA sera implant\u00e9 sur une petite presqu\u2019\u00eele circulaire, atteignable par une promenade de b\u00e9ton stylis\u00e9 de plusieurs dizaines de m\u00e8tres. Tadao Ando explique que son design s\u2019inspire de deux symboles du patrimoine de Duba\u00ef, \u00e0 savoir la mer et la perle. Le b\u00e2timent de cinq \u00e9tages ressemblera \u00e0 la coque incurv\u00e9e, blanche et moderne, d\u2019un bateau. Un \u00e9crin de palmiers magnifiera ce nouveau mus\u00e9e d\u2019art contemporain.<\/p>\n<p>    Le DUMA exposera \u00ab une s\u00e9lection vari\u00e9e d\u2019\u0153uvres d\u2019art modernes et contemporaines, choisies pour refl\u00e9ter l\u2019esprit de Duba\u00ef\u00a0\u00bb, au premier et au deuxi\u00e8me \u00e9tage, indique un communiqu\u00e9.<br \/>\n                Al-Futtaim Group<\/p>\n<p>                                    <a class=\"fig-a11y-skip a11y-hidden\" href=\"#fig-a11y-skip-main-inarticle\"><br \/>\n        Passer la publicit\u00e9<br \/>\n    <\/a><\/p>\n<p class=\"fig-paragraph\">L\u2019architecte a aussi imagin\u00e9 une ouverture centrale dans la toiture, afin que la lumi\u00e8re puisse se d\u00e9verser en cascade sur la salle d\u2019exposition principale . \u00abUn clin d\u2019\u0153il au scintillement d\u2019une perle\u00bb, dit-il. Pour Omar Al Futtaim, vice-pr\u00e9sident et PDG d\u2019Al-Futtaim Group, Ando \u00ab\u00a0parle le langage de la lumi\u00e8re du silence et de l\u2019\u00e2me\u00a0\u00bb.<\/p>\n<p>Phare pour la ville<\/p>\n<p class=\"fig-paragraph\">De son c\u00f4t\u00e9, Cheikh Mohammed bin Rashid Al Maktoum, l\u2019actuel \u00e9dile de Duba\u00ef et \u00e9galement Premier ministre des \u00c9mirats arabes unis, a d\u00e9clar\u00e9 dans un communiqu\u00e9 cit\u00e9 par Artnews que \u00ab\u00a0le Mus\u00e9e d\u2019art de Duba\u00ef sera un nouveau phare pour la ville, enrichissant sa sc\u00e8ne artistique et renfor\u00e7ant encore davantage son statut culturel mondial\u00a0\u00bb. \u00ab\u00a0La culture et l\u2019art sont l\u2019\u00e2me d\u2019une ville et le prisme \u00e0 travers lequel son progr\u00e8s est visible, a-t-il ajout\u00e9. Ils refl\u00e8tent sa vision et la profondeur de sa mission humanitaire.\u00a0\u00bb\u00a0<\/p>\n<p class=\"fig-paragraph\">Selon les premi\u00e8res informations d\u00e9voil\u00e9es \u00e0 la presse cette semaine, le DUMA exposera \u00ab une s\u00e9lection vari\u00e9e d\u2019\u0153uvres d\u2019art modernes et contemporaines, choisies pour refl\u00e9ter l\u2019esprit de Duba\u00ef\u00a0\u00bb, au premier et au deuxi\u00e8me \u00e9tage. Le troisi\u00e8me \u00e9tage abritera un salon VIP et un restaurant. Une biblioth\u00e8que, des salles d\u2019\u00e9tude et des espaces modulables pouvant accueillir des salons d\u2019art seront \u00e9galement install\u00e9s dans l\u2019enceinte du mus\u00e9e.<\/p>\n<p class=\"fig-body-link\">\n            \u00c0 lire aussi<br \/>\n        <a class=\"fig-body-link__link fig-premium-mark\" href=\"http:\/\/www.lefigaro.fr\/economie\/trop-de-projets-baisse-des-prix-en-vue-la-fete-est-finie-pour-l-immobilier-a-dubai-20251028\" target=\"_blank\" data-fig-type=\"Article\" rel=\"noopener\" data-gtm-custom-categorie=\"navigation\" data-gtm-custom-action=\"crossclick\" data-gtm-custom-label=\"Contextuel\" data-gtm-event=\"customEventSPE\" data-fig-domain=\"LEFIGARO\"><\/p>\n<p>        Trop de projets, baisse des prix en vue&#8230; La f\u00eate est finie pour l\u2019immobilier \u00e0\u00a0Duba\u00ef<br \/>\n    <\/a>\n<\/p>\n<p class=\"fig-paragraph\">La construction prochaine de ce site, dont le financement est gard\u00e9 secret, s\u2019inscrit dans la volont\u00e9 politique des \u00c9mirats arabes unis d\u2019\u00eatre consid\u00e9r\u00e9s comme une place culturelle importante du Moyen-Orient. \u00c0 Duba\u00ef, en 2017, un espace d\u2019exposition con\u00e7u par l\u2019architecte Rem Koolhaas, \u00e9galement laur\u00e9at du prix Pritzke, a ouvert ses portes dans le quartier d\u2019Askeral. Cinq ans plus tard, le Museum of the Furture a investi le quartier des affaires. Le Golfe Persique sera aussi mis \u00e0 l\u2019honneur lors de la venue d\u2019<a href=\"http:\/\/www.lefigaro.fr\/arts-expositions\/les-coups-de-coeur-du-figaro-de-la-folle-semaine-d-art-basel-paris-2025-20251025\" data-fig-type=\"Article\" data-gtm-custom-categorie=\"navigation\" data-gtm-custom-action=\"crossclick\" data-gtm-custom-label=\"Contextuel\" data-gtm-event=\"customEventSPE\" data-fig-domain=\"LEFIGARO\" target=\"_blank\" rel=\"noopener\">Art Basel\u00a0<\/a>au Qatar en 2026.<\/p>\n","protected":false},"excerpt":{"rendered":"La Cit\u00e9 de l\u2019Or accueillera dans les ann\u00e9es \u00e0 venir un nouveau complexe artistique de cinq \u00e9tages dans&hellip;\n","protected":false},"author":2,"featured_media":507680,"comment_status":"","ping_status":"","sticky":false,"template":"","format":"standard","meta":{"footnotes":""},"categories":[1358],"tags":[1396,1348,1384,1385,1386,58,5017,59,1011,27,3048],"class_list":{"0":"post-507679","1":"post","2":"type-post","3":"status-publish","4":"format-standard","5":"has-post-thumbnail","7":"category-arts-et-design","8":"tag-art-contemporain","9":"tag-arts","10":"tag-arts-and-design","11":"tag-arts-et-design","12":"tag-design","13":"tag-divertissement","14":"tag-dubai","15":"tag-entertainment","16":"tag-fr","17":"tag-france","18":"tag-musee"},"share_on_mastodon":{"url":"https:\/\/pubeurope.com\/@fr\/115482643804736210","error":""},"_links":{"self":[{"href":"https:\/\/www.europesays.com\/fr\/wp-json\/wp\/v2\/posts\/507679","targetHints":{"allow":["GET"]}}],"collection":[{"href":"https:\/\/www.europesays.com\/fr\/wp-json\/wp\/v2\/posts"}],"about":[{"href":"https:\/\/www.europesays.com\/fr\/wp-json\/wp\/v2\/types\/post"}],"author":[{"embeddable":true,"href":"https:\/\/www.europesays.com\/fr\/wp-json\/wp\/v2\/users\/2"}],"replies":[{"embeddable":true,"href":"https:\/\/www.europesays.com\/fr\/wp-json\/wp\/v2\/comments?post=507679"}],"version-history":[{"count":0,"href":"https:\/\/www.europesays.com\/fr\/wp-json\/wp\/v2\/posts\/507679\/revisions"}],"wp:featuredmedia":[{"embeddable":true,"href":"https:\/\/www.europesays.com\/fr\/wp-json\/wp\/v2\/media\/507680"}],"wp:attachment":[{"href":"https:\/\/www.europesays.com\/fr\/wp-json\/wp\/v2\/media?parent=507679"}],"wp:term":[{"taxonomy":"category","embeddable":true,"href":"https:\/\/www.europesays.com\/fr\/wp-json\/wp\/v2\/categories?post=507679"},{"taxonomy":"post_tag","embeddable":true,"href":"https:\/\/www.europesays.com\/fr\/wp-json\/wp\/v2\/tags?post=507679"}],"curies":[{"name":"wp","href":"https:\/\/api.w.org\/{rel}","templated":true}]}}