{"id":507695,"date":"2025-11-02T23:22:15","date_gmt":"2025-11-02T23:22:15","guid":{"rendered":"https:\/\/www.europesays.com\/fr\/507695\/"},"modified":"2025-11-02T23:22:15","modified_gmt":"2025-11-02T23:22:15","slug":"les-fournisseurs-francais-des-geants-de-lautomobile-frappes-de-plein-fouet-par-la-crise","status":"publish","type":"post","link":"https:\/\/www.europesays.com\/fr\/507695\/","title":{"rendered":"les fournisseurs fran\u00e7ais des g\u00e9ants de l\u2019automobile frapp\u00e9s de plein fouet par la crise"},"content":{"rendered":"<p>\n    <strong>GRAND R\u00c9CIT &#8211; <\/strong>Mis sous pression, les sous-traitants du secteur sont contraints de prendre des mesures drastiques. Ces PME cherchent aussi \u00e0 se diversifier. Leurs dirigeants t\u00e9moignent.<\/p>\n<p class=\"fig-paragraph\">La grande famille de\u00a0<a href=\"http:\/\/www.lefigaro.fr\/societes\/l-industrie-automobile-europeenne-menacee-par-une-penurie-de-puces-20251027\" data-fig-type=\"Article\" data-gtm-custom-categorie=\"navigation\" data-gtm-custom-action=\"crossclick\" data-gtm-custom-label=\"Contextuel\" data-gtm-event=\"customEventSPE\" data-fig-domain=\"LEFIGARO\" target=\"_blank\" rel=\"noopener\">l\u2019industrie automobile<\/a>, qui repr\u00e9sente plus de 300.000\u00a0emplois en France, se rassemble une nouvelle fois \u00e0 Paris. Mais c\u2019est l\u2019inqui\u00e9tude qui dominera mardi \u00e0 la Cit\u00e9 des sciences de la Villette, lors de la journ\u00e9e consacr\u00e9e \u00e0 la fili\u00e8re, organis\u00e9e par la PFA (plateforme automobile qui regroupe les m\u00e9tiers du secteur). Qu\u2019ils soient constructeurs, \u00e9quipementiers ou fournisseurs dans des m\u00e9tiers aussi divers que la m\u00e9tallurgie, la m\u00e9canique de pr\u00e9cision, la plasturgie ou l\u2019\u00e9lectronique, tous connaissent la situation critique de leur industrie en France, et plus largement en Europe.\u00a0<a href=\"http:\/\/www.lefigaro.fr\/conjoncture\/plus-de-50-000-postes-supprimes-en-un-an-comment-expliquer-une-telle-hecatombe-dans-l-industrie-automobile-allemande-20251022\" data-fig-type=\"Article\" data-gtm-custom-categorie=\"navigation\" data-gtm-custom-action=\"crossclick\" data-gtm-custom-label=\"Contextuel\" data-gtm-event=\"customEventSPE\" data-fig-domain=\"LEFIGARO\" target=\"_blank\" rel=\"noopener\">Outre-Rhin<\/a>, c\u2019est un \u00e9lectrochoc\u00a0: 51.000 postes ont \u00e9t\u00e9 supprim\u00e9s en un an dans ce secteur cl\u00e9.<\/p>\n<p class=\"fig-paragraph\">En France aussi, les emplois industriels n\u2019ont cess\u00e9 de fondre dans l\u2019automobile ces quinze derni\u00e8res ann\u00e9es. Les r\u00e9gions fers de lance, comme les Hauts-de-France (-\u00a039,6\u00a0%), le Grand Est (-\u00a043,9\u00a0%), la Bourgogne-Franche-Comt\u00e9 (-\u00a040,9\u00a0%), Auvergne-Rh\u00f4ne-Alpes (-22,5\u00a0%) et l\u2019\u00cele-de-France (-\u00a040,3\u00a0%)\u2026<\/p>\n<p class=\"fig-premium-paywall__infos\">\n        Cet article est r\u00e9serv\u00e9 aux abonn\u00e9s.        Il vous reste 90% \u00e0 d\u00e9couvrir.\n    <\/p>\n<p>                <img  data- alt=\"Le Figaro\" class=\"fig-img--complete fig-img\"\/><\/p>\n<p class=\"fig-premium-paywall__title\">Vous avez envie de lire la suite ?<\/p>\n<p class=\"fig-premium-paywall__subtitle\">D\u00e9bloquez tous les articles imm\u00e9diatement.<\/p>\n<p class=\"fig-premium-paywall__connect\">\n                D\u00e9j\u00e0 abonn\u00e9\u00a0?                <a class=\"fig-premium-paywall__connect-link\" href=\"https:\/\/connect.lefigaro.fr\/login?client=horizon_web&amp;type=main&amp;redirect_uri=https%3A%2F%2Fwww.lefigaro.fr%2Fsocietes%2Fla-tendance-c-est-celle-des-plans-de-licenciement-et-des-fermetures-a-bas-bruit-les-fournisseurs-francais-des-geants-de-l-automobile-frappes-de-plein-fouet-par-la-crise-20251102\" data-js-gtm=\"{&quot;customCategorie&quot;: &quot;conversion&quot;, &quot;customAction&quot;: &quot;before_Landing_Connexion_paywall_auto&quot;, &quot;customLabel&quot;: &quot;bGVmaWdhcm8uZnJfXzFmMGI3ZjliLTdjOTYtNjE1Ni1hM2ZlLWYzYThlZmFkYmMzY19fQXJ0aWNsZQ==_\u00abLa tendance, c\u2019est celle des plans de licenciement et des fermetures \u00e0 bas bruit\u00bb\u00a0: les fournisseurs fran\u00e7ais des g\u00e9ants de l\u2019automobile frapp\u00e9s de plein fouet par la crise_290&quot;, &quot;customIDSPE&quot;: &quot;bGVmaWdhcm8uZnJfXzFmMGI3ZjliLTdjOTYtNjE1Ni1hM2ZlLWYzYThlZmFkYmMzY19fQXJ0aWNsZQ==&quot;, &quot;event&quot;: &quot;customEventSPE&quot;}\" target=\"_blank\" rel=\"noopener\"><br \/>\n                    Connectez-vous<br \/>\n                <\/a>\n            <\/p>\n","protected":false},"excerpt":{"rendered":"GRAND R\u00c9CIT &#8211; Mis sous pression, les sous-traitants du secteur sont contraints de prendre des mesures drastiques. Ces&hellip;\n","protected":false},"author":2,"featured_media":507696,"comment_status":"","ping_status":"","sticky":false,"template":"","format":"standard","meta":{"footnotes":""},"categories":[6],"tags":[35,33,34,1011,27,6025,8331],"class_list":{"0":"post-507695","1":"post","2":"type-post","3":"status-publish","4":"format-standard","5":"has-post-thumbnail","7":"category-economie","8":"tag-business","9":"tag-economie","10":"tag-economy","11":"tag-fr","12":"tag-france","13":"tag-industrie-automobile","14":"tag-pme"},"share_on_mastodon":{"url":"https:\/\/pubeurope.com\/@fr\/115482679520793282","error":""},"_links":{"self":[{"href":"https:\/\/www.europesays.com\/fr\/wp-json\/wp\/v2\/posts\/507695","targetHints":{"allow":["GET"]}}],"collection":[{"href":"https:\/\/www.europesays.com\/fr\/wp-json\/wp\/v2\/posts"}],"about":[{"href":"https:\/\/www.europesays.com\/fr\/wp-json\/wp\/v2\/types\/post"}],"author":[{"embeddable":true,"href":"https:\/\/www.europesays.com\/fr\/wp-json\/wp\/v2\/users\/2"}],"replies":[{"embeddable":true,"href":"https:\/\/www.europesays.com\/fr\/wp-json\/wp\/v2\/comments?post=507695"}],"version-history":[{"count":0,"href":"https:\/\/www.europesays.com\/fr\/wp-json\/wp\/v2\/posts\/507695\/revisions"}],"wp:featuredmedia":[{"embeddable":true,"href":"https:\/\/www.europesays.com\/fr\/wp-json\/wp\/v2\/media\/507696"}],"wp:attachment":[{"href":"https:\/\/www.europesays.com\/fr\/wp-json\/wp\/v2\/media?parent=507695"}],"wp:term":[{"taxonomy":"category","embeddable":true,"href":"https:\/\/www.europesays.com\/fr\/wp-json\/wp\/v2\/categories?post=507695"},{"taxonomy":"post_tag","embeddable":true,"href":"https:\/\/www.europesays.com\/fr\/wp-json\/wp\/v2\/tags?post=507695"}],"curies":[{"name":"wp","href":"https:\/\/api.w.org\/{rel}","templated":true}]}}