{"id":507699,"date":"2025-11-02T23:24:12","date_gmt":"2025-11-02T23:24:12","guid":{"rendered":"https:\/\/www.europesays.com\/fr\/507699\/"},"modified":"2025-11-02T23:24:12","modified_gmt":"2025-11-02T23:24:12","slug":"un-ancien-monastere-chartreux-ravage-par-un-incendie","status":"publish","type":"post","link":"https:\/\/www.europesays.com\/fr\/507699\/","title":{"rendered":"un ancien monast\u00e8re chartreux ravag\u00e9 par un incendie"},"content":{"rendered":"<p>\n    Les charpentes et les toitures de l\u2019ancien monast\u00e8re de la chartreuse du Mont-Dieu ont \u00e9t\u00e9 compl\u00e8tement d\u00e9truites par les flammes. La cause de l\u2019incendie n\u2019est pas encore connue.<\/p>\n<p class=\"fig-paragraph\">Un incendie s\u2019est d\u00e9clar\u00e9 dimanche 2 novembre au matin dans l\u2019ancien monast\u00e8re de la chartreuse du Mont-Dieu, dans les Ardennes. Pr\u00e8s de 50 pompiers ont \u00e9t\u00e9 mobilis\u00e9s pour contenir les flammes, mais l\u2019\u00e9difice a subi de lourds d\u00e9g\u00e2ts, selon\u00a0<a href=\"https:\/\/france3-regions.franceinfo.fr\/grand-est\/ardennes\/important-incendie-a-l-ancien-monastere-de-la-chartreuse-du-mont-dieu-50-pompiers-sur-place-3242950.html\" target=\"_blank\" rel=\"noopener nofollow\" data-gtm-custom-categorie=\"navigation\" data-gtm-custom-action=\"crossclick\" data-gtm-custom-label=\"Contextuel\" data-gtm-event=\"customEventSPE\">France 3 Champagne-Ardenne<\/a>. Les charpentes et les toitures sont compl\u00e8tement d\u00e9truites, tout comme les peintures du XVIIe si\u00e8cle qui s\u2019y trouvaient. Une premi\u00e8re estimation du sinistre chiffre \u00e0 plusieurs millions d\u2019euros les r\u00e9parations. \u00ab\u00c7a a \u00e9t\u00e9 tr\u00e8s difficile, \u00e0 l\u2019arriv\u00e9e sur les lieux, de voir cette chartreuse partir en fum\u00e9e, a d\u00e9clar\u00e9 la maire du village \u00e0 nos confr\u00e8res. C\u2019est un patrimoine tr\u00e8s important pour nous. C\u2019est le Notre-Dame des Ardennes. C\u2019est le symbole du Mont-Dieu\u00bb.<\/p>\n<p class=\"fig-paragraph\">Signe de l\u2019attachement des locaux au monast\u00e8re,\u00a0<a href=\"https:\/\/www.leetchi.com\/fr\/c\/incendie-chartreuse-du-mont-dieu-2615702\" target=\"_blank\" rel=\"noopener nofollow\" data-gtm-custom-categorie=\"navigation\" data-gtm-custom-action=\"crossclick\" data-gtm-custom-label=\"Contextuel\" data-gtm-event=\"customEventSPE\">une cagnotte a \u00e9t\u00e9 ouverte<\/a>\u00a0par un habitant et a r\u00e9colt\u00e9 plus de 700 euros en quelques heures. Parmi les participants, la s\u00e9natrice LR Else Joseph et le conseiller municipal LR de Charleville-M\u00e9zi\u00e8res Patrick Fostier, qui a fait part de sa \u00abtristesse\u00bb sur X, en partageant des photos de l\u2019\u00e9difice d\u00e9vast\u00e9 par les flammes.<\/p>\n<p>                                    <a class=\"fig-a11y-skip a11y-hidden\" href=\"#fig-a11y-skip-main-inarticle\"><br \/>\n        Passer la publicit\u00e9<br \/>\n    <\/a><\/p>\n<p class=\"fig-paragraph\">La cause de l\u2019incendie n\u2019est pas encore connue, et une enqu\u00eate officielle permettra de faire la lumi\u00e8re sur les raisons du sinistre. L\u2019ancien monast\u00e8re est inscrit aux Monuments historiques depuis 1927 et class\u00e9 depuis 1946, rapporte France 3. Il n\u2019abrite plus de moines chartreux depuis la R\u00e9volution fran\u00e7aise, et appartient \u00e0 un particulier de nationalit\u00e9 belge, qui devait prochainement engager des travaux de restauration.<\/p>\n","protected":false},"excerpt":{"rendered":"Les charpentes et les toitures de l\u2019ancien monast\u00e8re de la chartreuse du Mont-Dieu ont \u00e9t\u00e9 compl\u00e8tement d\u00e9truites par&hellip;\n","protected":false},"author":2,"featured_media":507700,"comment_status":"","ping_status":"","sticky":false,"template":"","format":"standard","meta":{"footnotes":""},"categories":[4],"tags":[11,1011,27,1310,12,25],"class_list":{"0":"post-507699","1":"post","2":"type-post","3":"status-publish","4":"format-standard","5":"has-post-thumbnail","7":"category-france","8":"tag-actualites","9":"tag-fr","10":"tag-france","11":"tag-incendie","12":"tag-news","13":"tag-republique-francaise"},"share_on_mastodon":{"url":"https:\/\/pubeurope.com\/@fr\/115482687215892499","error":""},"_links":{"self":[{"href":"https:\/\/www.europesays.com\/fr\/wp-json\/wp\/v2\/posts\/507699","targetHints":{"allow":["GET"]}}],"collection":[{"href":"https:\/\/www.europesays.com\/fr\/wp-json\/wp\/v2\/posts"}],"about":[{"href":"https:\/\/www.europesays.com\/fr\/wp-json\/wp\/v2\/types\/post"}],"author":[{"embeddable":true,"href":"https:\/\/www.europesays.com\/fr\/wp-json\/wp\/v2\/users\/2"}],"replies":[{"embeddable":true,"href":"https:\/\/www.europesays.com\/fr\/wp-json\/wp\/v2\/comments?post=507699"}],"version-history":[{"count":0,"href":"https:\/\/www.europesays.com\/fr\/wp-json\/wp\/v2\/posts\/507699\/revisions"}],"wp:featuredmedia":[{"embeddable":true,"href":"https:\/\/www.europesays.com\/fr\/wp-json\/wp\/v2\/media\/507700"}],"wp:attachment":[{"href":"https:\/\/www.europesays.com\/fr\/wp-json\/wp\/v2\/media?parent=507699"}],"wp:term":[{"taxonomy":"category","embeddable":true,"href":"https:\/\/www.europesays.com\/fr\/wp-json\/wp\/v2\/categories?post=507699"},{"taxonomy":"post_tag","embeddable":true,"href":"https:\/\/www.europesays.com\/fr\/wp-json\/wp\/v2\/tags?post=507699"}],"curies":[{"name":"wp","href":"https:\/\/api.w.org\/{rel}","templated":true}]}}