{"id":50772,"date":"2025-04-25T03:29:11","date_gmt":"2025-04-25T03:29:11","guid":{"rendered":"https:\/\/www.europesays.com\/fr\/50772\/"},"modified":"2025-04-25T03:29:11","modified_gmt":"2025-04-25T03:29:11","slug":"mc-solaar-pique-le-coeur-des-marseillais-lors-de-son-concert-au-cepac-silo","status":"publish","type":"post","link":"https:\/\/www.europesays.com\/fr\/50772\/","title":{"rendered":"MC Solaar pique le c\u0153ur des Marseillais lors de son concert au Cepac Silo"},"content":{"rendered":"<p>Ensemble bariol\u00e9 en mode street art et casquette rouge viss\u00e9e sur la t\u00eate, <a href=\"https:\/\/www.laprovence.com\/article\/region\/85721223542430\/mc-solaar-salon-de-provence-pour-moi-cest-la-patrouille-de-france-et-nostradamus\" target=\"_blank\" rel=\"noopener\">MC Solaar<\/a> d\u00e9barque sur la sc\u00e8ne du Silo avec <a href=\"https:\/\/www.youtube.com\/watch?v=CfD77rKSP_8\" target=\"_blank\" rel=\"noopener\">\u00c0 dix de mes disciples<\/a>. \u00ab\u00a0Je crois qu&rsquo;on va s&rsquo;\u00e9clater ce soir \u00a0!\u00a0\u00bb lance le rappeur avant d&rsquo;encha\u00eener avec le fameux Qui s\u00e8me le vent r\u00e9colte le tempo. Le rythme est donn\u00e9 pour la soir\u00e9e. Claude MC, accompagn\u00e9 de ses cinq acolytes (dont Bambi Cruz qui offrira son tube Ouvre les yeux de 1997) va mettre le public marseillais au diapason pendant une heure et demi. Tr\u00e8s vite, les tubes de 1991, Victime de la mode et Bouge de l\u00e0,\u00a0parlent aux nostalgiques. Le rappeur de 56 ans offre en bonus quelques performances au flow toujours aussi ma\u00eetris\u00e9.<\/p>\n<p>\u00ab\u00a0Marseille capitale du rap!\u00a0\u00bb<\/p>\n<p>\u00ab\u00a0Tous les mercredis je venais \u00e0 <a href=\"https:\/\/www.laprovence.com\/region\/Edition-marseille\" target=\"_blank\" rel=\"noopener\">Marseille<\/a>, je faisais des ateliers d&rsquo;\u00e9criture quand j&rsquo;avais 20 ans \u00e0 la Friche de la Belle-de-mai. Je rencontrais des jeunes de 8 \u00e0 17 ans et c&rsquo;est comme \u00e7a que j&rsquo;ai d\u00e9couvert tous les styles de quartiers de la ville\u00a0\u00bb, raconte MC Solaar pour reprendre son souffle, sans oublier de souligner la diversit\u00e9 impressionnante du rap marseillais. Le show fera aussi la part belle aux morceaux de 2024, issus de son album en triptyque : Cin\u00e9ma (pour les aveugles), le stroboscopique Dingue, Modernidad et Ma\u00eetre de c\u00e9r\u00e9monie, dans lequel il revient sur ses souvenirs en prenant soin d&rsquo;ajouter un clin d&rsquo;\u0153il local \u00e0 IAM, Soprano et <a href=\"https:\/\/www.laprovence.com\/article\/faits-divers-justice\/2086186843379414\/jul-a-lorange-velodrome-plus-dun-million-de-connexions-des-decus-et-des-heureux-le-second-concert-est-complet\" target=\"_blank\" rel=\"noopener\">le J<\/a>. \u00ab\u00a0Marseille est trop fort ce soir ! Marseille capitale du rap !\u00a0\u00bb : MC Solaar sait parler \u00e0 la cit\u00e9 phoc\u00e9enne.<\/p>\n<p>Tubes incontournables<\/p>\n<p>Dans les tubes incontournables, on n&rsquo;oubliera pas l&rsquo;endiabl\u00e9 Da Vinci Claude aux accents rock de 2007, l&rsquo;\u00e9nergique Obsol\u00e8te (1994) ou encore, au sein d&rsquo;un medley, Paradisiaque (1997). Le sublime et tr\u00e8s attendu Caroline fait frissonner tout le Silo dans un moment de communion nostalgique et d&rsquo;\u00e9motion. Nouveau Western et Inch&rsquo;Allah s&rsquo;encha\u00eenent tandis que les bras se l\u00e8vent \u00e0 la demande du rappeur. L&rsquo;occasion pour lui de lancer un \u00ab\u00a0<a href=\"https:\/\/www.laprovence.com\/article\/societe\/57451030338884\/cest-marseille-ce-que-cache-cette-expression-populaire-qui-semble-tout-justifier\" target=\"_blank\" rel=\"noopener\">c&rsquo;est Marseille b\u00e9b\u00e9<\/a>\u00a0\u00bb en souriant. Le final se fera sur le poignant et nerveux Solaar pleure qui enflammera totalement le public. Hasta la Vista et Merci, viendra lui chanter dans un dernier rappel MC Solaar.<\/p>\n","protected":false},"excerpt":{"rendered":"Ensemble bariol\u00e9 en mode street art et casquette rouge viss\u00e9e sur la t\u00eate, MC Solaar d\u00e9barque sur la&hellip;\n","protected":false},"author":2,"featured_media":50773,"comment_status":"","ping_status":"","sticky":false,"template":"","format":"standard","meta":{"footnotes":""},"categories":[2814],"tags":[17,1111,11,6521,251,154,1777,674,1011,27,7826,761,884,12,14366,882,25,14365,3711],"class_list":{"0":"post-50772","1":"post","2":"type-post","3":"status-publish","4":"format-standard","5":"has-post-thumbnail","7":"category-marseille","8":"tag-17","9":"tag-actu","10":"tag-actualites","11":"tag-coeur","12":"tag-culture","13":"tag-des","14":"tag-eu","15":"tag-europe","16":"tag-fr","17":"tag-france","18":"tag-lors","19":"tag-marseillais","20":"tag-marseille","21":"tag-news","22":"tag-pique","23":"tag-provence-alpes-cote-dazur","24":"tag-republique-francaise","25":"tag-solaar","26":"tag-son"},"share_on_mastodon":{"url":"https:\/\/pubeurope.com\/@fr\/114396486914068335","error":""},"_links":{"self":[{"href":"https:\/\/www.europesays.com\/fr\/wp-json\/wp\/v2\/posts\/50772","targetHints":{"allow":["GET"]}}],"collection":[{"href":"https:\/\/www.europesays.com\/fr\/wp-json\/wp\/v2\/posts"}],"about":[{"href":"https:\/\/www.europesays.com\/fr\/wp-json\/wp\/v2\/types\/post"}],"author":[{"embeddable":true,"href":"https:\/\/www.europesays.com\/fr\/wp-json\/wp\/v2\/users\/2"}],"replies":[{"embeddable":true,"href":"https:\/\/www.europesays.com\/fr\/wp-json\/wp\/v2\/comments?post=50772"}],"version-history":[{"count":0,"href":"https:\/\/www.europesays.com\/fr\/wp-json\/wp\/v2\/posts\/50772\/revisions"}],"wp:featuredmedia":[{"embeddable":true,"href":"https:\/\/www.europesays.com\/fr\/wp-json\/wp\/v2\/media\/50773"}],"wp:attachment":[{"href":"https:\/\/www.europesays.com\/fr\/wp-json\/wp\/v2\/media?parent=50772"}],"wp:term":[{"taxonomy":"category","embeddable":true,"href":"https:\/\/www.europesays.com\/fr\/wp-json\/wp\/v2\/categories?post=50772"},{"taxonomy":"post_tag","embeddable":true,"href":"https:\/\/www.europesays.com\/fr\/wp-json\/wp\/v2\/tags?post=50772"}],"curies":[{"name":"wp","href":"https:\/\/api.w.org\/{rel}","templated":true}]}}