{"id":507738,"date":"2025-11-02T23:56:15","date_gmt":"2025-11-02T23:56:15","guid":{"rendered":"https:\/\/www.europesays.com\/fr\/507738\/"},"modified":"2025-11-02T23:56:15","modified_gmt":"2025-11-02T23:56:15","slug":"les-echafaudages-otes-a-notre-dame-de-la-garde-a-marseille","status":"publish","type":"post","link":"https:\/\/www.europesays.com\/fr\/507738\/","title":{"rendered":"les \u00e9chafaudages \u00f4t\u00e9s \u00e0 Notre-Dame de la Garde \u00e0 Marseille"},"content":{"rendered":"<p>Et soudain, la lumi\u00e8re fut\u00a0: depuis le milieu de la semaine, la statue de la Vierge Marie, qui surmonte la basilique de <a href=\"https:\/\/www.laprovence.com\/article\/region\/1788147781631914\/la-couronne-de-notre-dame-de-la-garde-restauree-deposee-en-helicoptere\" target=\"_blank\" rel=\"noopener\">Notre-Dame de la Garde<\/a>, resplendit de nouveau. Les \u00e9chafaudages qui l\u2019entouraient depuis le d\u00e9but de l\u2019ann\u00e9e\u00a02025, sont en train d\u2019\u00eatre retir\u00e9s.<\/p>\n<p>Dans l\u2019intervalle, <a href=\"https:\/\/www.laprovence.com\/article\/region\/97836001270609\/renovation-de-la-bonne-mere-a-marseille-les-travaux-realises-sur-la-statue-ont-revele-7-impacts-de-balles\" target=\"_blank\" rel=\"noopener\">la statue de 11 m\u00e8tres<\/a> imagin\u00e9e par Lequesne a b\u00e9n\u00e9fici\u00e9 d\u2019une r\u00e9novation compl\u00e8te de son enveloppe en cuivre dor\u00e9 \u00e0 la feuille. L\u2019inauguration de la Bonne M\u00e8re r\u00e9nov\u00e9e aura lieu le dimanche 7\u00a0d\u00e9cembre.<\/p>\n","protected":false},"excerpt":{"rendered":"Et soudain, la lumi\u00e8re fut\u00a0: depuis le milieu de la semaine, la statue de la Vierge Marie, qui&hellip;\n","protected":false},"author":2,"featured_media":480705,"comment_status":"","ping_status":"","sticky":false,"template":"","format":"standard","meta":{"footnotes":""},"categories":[2814],"tags":[17,1111,11,11690,19042,62924,1777,674,1011,27,151,884,5875,12,4565,882,16,25,11600],"class_list":{"0":"post-507738","1":"post","2":"type-post","3":"status-publish","4":"format-standard","5":"has-post-thumbnail","7":"category-marseille","8":"tag-17","9":"tag-actu","10":"tag-actualites","11":"tag-bonne","12":"tag-brille","13":"tag-echafaudages","14":"tag-eu","15":"tag-europe","16":"tag-fr","17":"tag-france","18":"tag-les","19":"tag-marseille","20":"tag-mere","21":"tag-news","22":"tag-nouveau","23":"tag-provence-alpes-cote-dazur","24":"tag-region","25":"tag-republique-francaise","26":"tag-statue"},"share_on_mastodon":{"url":"https:\/\/pubeurope.com\/@fr\/115482813243092164","error":""},"_links":{"self":[{"href":"https:\/\/www.europesays.com\/fr\/wp-json\/wp\/v2\/posts\/507738","targetHints":{"allow":["GET"]}}],"collection":[{"href":"https:\/\/www.europesays.com\/fr\/wp-json\/wp\/v2\/posts"}],"about":[{"href":"https:\/\/www.europesays.com\/fr\/wp-json\/wp\/v2\/types\/post"}],"author":[{"embeddable":true,"href":"https:\/\/www.europesays.com\/fr\/wp-json\/wp\/v2\/users\/2"}],"replies":[{"embeddable":true,"href":"https:\/\/www.europesays.com\/fr\/wp-json\/wp\/v2\/comments?post=507738"}],"version-history":[{"count":0,"href":"https:\/\/www.europesays.com\/fr\/wp-json\/wp\/v2\/posts\/507738\/revisions"}],"wp:featuredmedia":[{"embeddable":true,"href":"https:\/\/www.europesays.com\/fr\/wp-json\/wp\/v2\/media\/480705"}],"wp:attachment":[{"href":"https:\/\/www.europesays.com\/fr\/wp-json\/wp\/v2\/media?parent=507738"}],"wp:term":[{"taxonomy":"category","embeddable":true,"href":"https:\/\/www.europesays.com\/fr\/wp-json\/wp\/v2\/categories?post=507738"},{"taxonomy":"post_tag","embeddable":true,"href":"https:\/\/www.europesays.com\/fr\/wp-json\/wp\/v2\/tags?post=507738"}],"curies":[{"name":"wp","href":"https:\/\/api.w.org\/{rel}","templated":true}]}}