{"id":507739,"date":"2025-11-02T23:57:17","date_gmt":"2025-11-02T23:57:17","guid":{"rendered":"https:\/\/www.europesays.com\/fr\/507739\/"},"modified":"2025-11-02T23:57:17","modified_gmt":"2025-11-02T23:57:17","slug":"drame-pres-de-marseille-un-avion-secrase-le-crash-fait-un-mort-et-des-blesses-ce-que-lon-sait","status":"publish","type":"post","link":"https:\/\/www.europesays.com\/fr\/507739\/","title":{"rendered":"Drame pr\u00e8s de Marseille. Un avion s&rsquo;\u00e9crase, le crash fait un mort et des bless\u00e9s : ce que l&rsquo;on sait"},"content":{"rendered":"<p>            Par<br \/>\n        <strong><br \/>\n            <a href=\"https:\/\/actu.fr\/auteur\/fabien-binacchi\" title=\"Consulter tous les articles de Fabien Binacchi\" target=\"_blank\" rel=\"noopener\">Fabien Binacchi<\/a><br \/>\n        <\/strong><\/p>\n<p>        Publi\u00e9 le<\/p>\n<p>            2 nov. 2025 \u00e0 14h59        <\/p>\n<p>Un avion de tourisme s\u2019est \u00e9cras\u00e9 dans l\u2019apr\u00e8s-midi du samedi 1er\u00a0novembre 2025 sur la commune de <a href=\"https:\/\/actu.fr\/provence-alpes-cote-d-azur\/roquefort-la-bedoule_13085\" target=\"_blank\" rel=\"noopener\">Roquefort-la-B\u00e9doule,<\/a> \u00e0 l\u2019est des <a href=\"https:\/\/actu.fr\/provence-alpes-cote-d-azur\/bouches-du-rhone_13\" target=\"_blank\" rel=\"noopener\">Bouches-du-Rh\u00f4ne,<\/a> pr\u00e8s de <a href=\"https:\/\/actu.fr\/marseille\/\" target=\"_blank\" rel=\"noopener\">Marseille.<\/a> Le crash a fait <strong>un mort et deux bless\u00e9s graves,<\/strong> apprend-on des secours.<\/p>\n<p class=\" wall-content\">Voici ce que l\u2019on sait.<\/p>\n<p>Le pilote est d\u00e9c\u00e9d\u00e9<\/p>\n<p class=\" wall-content\">C\u2019est \u00e0 16h30 que le transpondeur du petit appareil parti une demi-heure plus t\u00f4t de l\u2019a\u00e9rodrome de Salon-Eygui\u00e8re a cess\u00e9 d\u2019\u00e9mettre. Le Dyn\u2019A\u00e9ro MCR4S immatricul\u00e9 F-PDOE, un avion de tourisme de 4 places, vient de se \u00ab\u2009crasher\u2009\u00bb dans un massif de Roquefort-la-B\u00e9doule, au niveau du <strong>pas d\u2019Oullier,<\/strong> indiquent <a href=\"https:\/\/twitter.com\/Pompiers_13\/status\/1984668656295461179\" target=\"_blank\" rel=\"noopener\">les pompiers des Bouches-du-Rh\u00f4ne.<\/a><\/p>\n<p class=\" wall-content\">\n<p class=\" wall-content\">Trois personnes \u00e9taient \u00e0 bord. \u00ab\u2009Le bilan humain fait \u00e9tat d\u2019un homme de 40\u00a0ans d\u00e9c\u00e9d\u00e9\u2009et de <strong>deux autres hommes d\u2019une quarantaine d\u2019ann\u00e9es polytraumatis\u00e9s<\/strong> et transport\u00e9s \u00e0 l\u2019h\u00f4pital\u2009\u00bb, pr\u00e9cisent les secours. Contrairement \u00e0 ce qu\u2019ils avaient initialement annonc\u00e9, c\u2019est un passager et non le pilote qui a perdu la vie. Ce dernier fait partie des deux bless\u00e9s.<\/p>\n<p>Le signal dispara\u00eet \u00e0 420m d\u2019altitude<\/p>\n<p class=\" wall-content\">Mais alors, que s\u2019est-il pass\u00e9\u2009? Selon les donn\u00e9es transmises en direct par les syst\u00e8mes de l\u2019appareil et consultables sur <a href=\"https:\/\/www.flightradar24.com\/data\/aircraft\/f-pdoe\" target=\"_blank\" rel=\"noopener\">Flightradar24,<\/a> le vol a d\u00e9coll\u00e9 \u00e0 16h02 et a survol\u00e9 la commune de Pelissanne juste avant d\u2019atteindre <strong>son altitude la plus haute, soit 4875 pieds (un peu moins d\u20191,5\u00a0km),<\/strong> un peu plus de dix minutes apr\u00e8s son d\u00e9part.<\/p>\n<p class=\" wall-content\">Il a ensuite commenc\u00e9 \u00e0 descendre en passant au-dessus des Milles, Meyreuil, Gr\u00e9asque, Peypin, Roquevaire ou encore l\u2019Est d\u2019Aubagne. La vitesse de l\u2019avion est de <strong>170km\/h<\/strong> lorsque son signal dispara\u00eet d\u00e9finitivement \u00e0 16h30, au niveau de Roquefort-la-B\u00e9doule et \u00e0 environ 420m d\u2019altitude. Le Pas d\u2019Oullier, o\u00f9 la carlingue a \u00e9t\u00e9 retrouv\u00e9e, <strong>culmine \u00e0 347m.<\/strong><\/p>\n<p>Mauvaises conditions m\u00e9t\u00e9o\u2009?<\/p>\n<p class=\" wall-content\">Une d\u00e9faillance de mat\u00e9riel est-elle en cause dans cet accident dramatique\u2009? Une erreur humaine\u2009? Selon <a href=\"https:\/\/www.laprovence.com\/article\/faits-divers-justice\/3708552856664314\/un-mort-et-deux-blesses-ce-que-l-on-sait-du-crash-d-un-avion-de-tourisme-a-roquefort-la-bedoule\" target=\"_blank\" rel=\"noopener\">La Provence,<\/a> le vol, qui devait initialement survoler <a href=\"https:\/\/actu.fr\/tag\/parc-des-calanques\" target=\"_blank\" rel=\"noopener\">le Parc national des Calanques,<\/a> aurait pu heurter le massif <strong>en tentant de rebrousser chemin<\/strong> \u00ab\u2009\u00e0 cause des mauvaises conditions m\u00e9t\u00e9orologiques et de la tomb\u00e9e progressive de la nuit\u2009\u00bb.<\/p>\n<p>Votre r\u00e9gion, votre actu !<\/p>\n<p>Recevez chaque jour les infos qui comptent pour vous.<\/p>\n<p>\t<a href=\"https:\/\/actu.fr\/newsletter\" class=\"ac-btn ac-btn--corner ac-btn--medium ac-btn--blue800\" target=\"_blank\" rel=\"noopener\">S&rsquo;incrire<\/a><\/p>\n<p class=\" wall-content\">L\u2019enqu\u00eate, confi\u00e9e \u00e0 la <strong>Brigade de gendarmerie des transports a\u00e9riens (BGTA),<\/strong> devrait permettre de d\u00e9terminer les circonstances exactes qui ont entra\u00een\u00e9 le crash de l\u2019avion. Notamment gr\u00e2ce \u00e0 l\u2019analyse de toutes les donn\u00e9es du vol.<\/p>\n<p class=\" wall-content\">Personnalisez votre actualit\u00e9 en ajoutant vos villes et m\u00e9dias en favori avec <a href=\"https:\/\/moncompte.actu.fr\" title=\"D\u00e9couvez Mon Actu\" rel=\"nofollow noopener\" data-trk=\"{&quot;cta&quot;:{&quot;action&quot;:&quot;https:\\\/\\\/moncompte.actu.fr&quot;,&quot;category&quot;:&quot;mon compte&quot;,&quot;from&quot;:&quot;article footer&quot;,&quot;name&quot;:&quot;Mon actu&quot;,&quot;type&quot;:&quot;cta&quot;}}\" target=\"_blank\">Mon Actu<\/a>.<\/p>\n<p>                    <script async src=\"https:\/\/platform.twitter.com\/widgets.js\" charset=\"utf-8\"><\/script><\/p>\n","protected":false},"excerpt":{"rendered":"Par Fabien Binacchi Publi\u00e9 le 2 nov. 2025 \u00e0 14h59 Un avion de tourisme s\u2019est \u00e9cras\u00e9 dans l\u2019apr\u00e8s-midi&hellip;\n","protected":false},"author":2,"featured_media":507740,"comment_status":"","ping_status":"","sticky":false,"template":"","format":"standard","meta":{"footnotes":""},"categories":[2814],"tags":[1111,11,54041,1777,674,118,1011,27,884,12,1311,882,25],"class_list":{"0":"post-507739","1":"post","2":"type-post","3":"status-publish","4":"format-standard","5":"has-post-thumbnail","7":"category-marseille","8":"tag-actu","9":"tag-actualites","10":"tag-crash-avion","11":"tag-eu","12":"tag-europe","13":"tag-faits-divers","14":"tag-fr","15":"tag-france","16":"tag-marseille","17":"tag-news","18":"tag-pompiers","19":"tag-provence-alpes-cote-dazur","20":"tag-republique-francaise"},"share_on_mastodon":{"url":"https:\/\/pubeurope.com\/@fr\/115482817305283455","error":""},"_links":{"self":[{"href":"https:\/\/www.europesays.com\/fr\/wp-json\/wp\/v2\/posts\/507739","targetHints":{"allow":["GET"]}}],"collection":[{"href":"https:\/\/www.europesays.com\/fr\/wp-json\/wp\/v2\/posts"}],"about":[{"href":"https:\/\/www.europesays.com\/fr\/wp-json\/wp\/v2\/types\/post"}],"author":[{"embeddable":true,"href":"https:\/\/www.europesays.com\/fr\/wp-json\/wp\/v2\/users\/2"}],"replies":[{"embeddable":true,"href":"https:\/\/www.europesays.com\/fr\/wp-json\/wp\/v2\/comments?post=507739"}],"version-history":[{"count":0,"href":"https:\/\/www.europesays.com\/fr\/wp-json\/wp\/v2\/posts\/507739\/revisions"}],"wp:featuredmedia":[{"embeddable":true,"href":"https:\/\/www.europesays.com\/fr\/wp-json\/wp\/v2\/media\/507740"}],"wp:attachment":[{"href":"https:\/\/www.europesays.com\/fr\/wp-json\/wp\/v2\/media?parent=507739"}],"wp:term":[{"taxonomy":"category","embeddable":true,"href":"https:\/\/www.europesays.com\/fr\/wp-json\/wp\/v2\/categories?post=507739"},{"taxonomy":"post_tag","embeddable":true,"href":"https:\/\/www.europesays.com\/fr\/wp-json\/wp\/v2\/tags?post=507739"}],"curies":[{"name":"wp","href":"https:\/\/api.w.org\/{rel}","templated":true}]}}