{"id":507743,"date":"2025-11-02T23:59:19","date_gmt":"2025-11-02T23:59:19","guid":{"rendered":"https:\/\/www.europesays.com\/fr\/507743\/"},"modified":"2025-11-02T23:59:19","modified_gmt":"2025-11-02T23:59:19","slug":"les-sauvetages-de-greif-hateboer-en-plein-cauchemar-les-tops-et-les-flops","status":"publish","type":"post","link":"https:\/\/www.europesays.com\/fr\/507743\/","title":{"rendered":"les sauvetages de Greif, Hateboer en plein cauchemar&#8230; Les tops et les flops"},"content":{"rendered":"<p>\n    En cl\u00f4ture de la 11e journ\u00e9e de Ligue 1, Lyon a \u00e9t\u00e9 tenu en \u00e9chec \u00e0 Brest (0-0). Retrouvez les tops et les flops de cette rencontre.<\/p>\n<p class=\"fig-paragraph\"><strong>TOPS\u00a0<\/strong><\/p>\n<p>Greif infranchissable<\/p>\n<p class=\"fig-paragraph\">L\u2019homme du match. Sans contestation possible.\u00a0<a href=\"http:\/\/www.lefigaro.fr\/sports\/football\/ligue-1\/ligue-1-en-inferiorite-numerique-l-olympique-lyonnais-resiste-mais-lache-deux-points-importants-a-brest-20251102\" data-fig-type=\"NewsFlash\" data-gtm-custom-categorie=\"navigation\" data-gtm-custom-action=\"crossclick\" data-gtm-custom-label=\"Contextuel\" data-gtm-event=\"customEventSPE\" data-fig-domain=\"LEFIGARO\" target=\"_blank\" rel=\"noopener\">Dominik Greif a d\u00fb s\u2019employer pour \u00e9viter \u00e0 l\u2019OL de tomber en Bretagne<\/a>. Vigilant dans les airs tout au long de la rencontre, le portier slovaque s\u2019est d\u2019abord illustr\u00e9 en premi\u00e8re p\u00e9riode, en intervenant coup sur coup sur des tentatives d\u2019Ajorque et Mboup (28e). Avant de sortir le (tr\u00e8s) grand jeu face \u00e0 Labeau Lascary en fin de match. Une magnifique parade qui a permis \u00e0 l\u2019OL d\u2019accrocher un point pr\u00e9cieux. Irr\u00e9prochable. Quatre jours apr\u00e8s avoir encaiss\u00e9 trois buts face au Paris FC (3-3), le portier de 28 ans a cette fois quitt\u00e9 la pelouse avec le sourire.<\/p>\n<p>                                    <a class=\"fig-a11y-skip a11y-hidden\" href=\"#fig-a11y-skip-main-inarticle\"><br \/>\n        Passer la publicit\u00e9<br \/>\n    <\/a><\/p>\n<p>Tolisso \u00e0 l\u2019exp\u00e9rience<\/p>\n<p class=\"fig-paragraph\">Toujours aussi pr\u00e9cieux. Rapidement contraint de reculer d\u2019un cran apr\u00e8s l\u2019expulsion d\u2019Hateboer, Corentin Tolisso s\u2019est d\u00e9multipli\u00e9 aux quatre coins du terrain pour combler les br\u00e8ches. Juste dans ses transmissions, il ne s\u2019est pas cach\u00e9 dans les duels et a provoqu\u00e9 cinq fautes. Certaines \u00e0 l\u2019exp\u00e9rience, qui ont surtout permis \u00e0 l\u2019OL de casser le rythme imprim\u00e9 par Brest en seconde p\u00e9riode.\u00a0<\/p>\n<p><strong>FLOPS\u00a0<\/strong><\/p>\n<p>Hateboer plombe l\u2019OL d\u2019entr\u00e9e<\/p>\n<p class=\"fig-paragraph\">Une premi\u00e8re titularisation qui a imm\u00e9diatement tourn\u00e9 au cauchemar. Pr\u00eat\u00e9 par Rennes et align\u00e9 au poste de lat\u00e9ral droit, Hans Hateboer a quitt\u00e9 ses co\u00e9quipiers apr\u00e8s seulement sept minutes de jeu. Sa semelle dangereuse sur le tibia de Mboup, d\u2019abord sanctionn\u00e9e par un simple avertissement, n\u2019a pas \u00e9chapp\u00e9 \u00e0 la vid\u00e9o. Et Cl\u00e9ment Turpin n\u2019a pas eu besoin de nombreux visionnages pour changer sa d\u00e9cision et sortir le carton rouge. Rentr\u00e9 aux vestiaires t\u00eate basse, le joueur de 31 ans a rapidement plomb\u00e9 son \u00e9quipe, venue \u00e0 Brest avec la ferme intention de se relancer.<\/p>\n<p>Brest longtemps timor\u00e9<\/p>\n<p class=\"fig-paragraph\">Tr\u00e8s rapidement en sup\u00e9riorit\u00e9 num\u00e9rique dans ce match, Brest a pourtant attendu la derni\u00e8re demi-heure pour v\u00e9ritablement appuyer et faire reculer l\u2019OL. En premi\u00e8re p\u00e9riode, les Brestois ont fait l\u2019\u00e9talage de leurs nombreuses limites du moment, sur tous les plans. En manque de confiance, les co\u00e9quipiers de Ludovic Ajorque ont beaucoup trop attendu avant de prendre le jeu \u00e0 leur compte. \u00ab\u00c7a me d\u00e9sole, les joueurs doivent \u00eatre capables de lire le match, de s\u2019adapter et de trouver les solutions. On ne peut pas se permettre d\u2019attendre la mi-temps et de leur donner les cl\u00e9s\u00bb, a pest\u00e9 Eric Roy au micro de Ligue 1 +. L\u2019entra\u00eeneur brestois, marqu\u00e9 apr\u00e8s le match, a insist\u00e9 impuissant au r\u00e9veil tardif de son \u00e9quipe, qui court encore apr\u00e8s son troisi\u00e8me succ\u00e8s de la saison.<\/p>\n<p>Bald\u00e9, retrouvailles manqu\u00e9es<\/p>\n<p class=\"fig-paragraph\">Ce match avait un go\u00fbt particulier pour la colonie de Brestois pass\u00e9s par Lyon. \u00c0 l\u2019instar de Tousart, Del Castillo et Mboup, Mama Bald\u00e9 voulait particuli\u00e8rement briller face \u00e0 l\u2019OL. Mais l\u2019ailier du SB29 est pass\u00e9 \u00e0 c\u00f4t\u00e9 de ces retrouvailles. Actif mais beaucoup trop brouillon, dans les passes (64% de r\u00e9ussies) ou dans les frappes (aucun tir cadr\u00e9 sur trois tentatives), il a globalement \u00e9t\u00e9 bien ma\u00eetris\u00e9 par Tagliafico. Logiquement remplac\u00e9 en seconde p\u00e9riode par R\u00e9my Labeau-Lascary, qui aurait pu devenir le h\u00e9ros du match sur la derni\u00e8re occasion de la rencontre.<\/p>\n","protected":false},"excerpt":{"rendered":"En cl\u00f4ture de la 11e journ\u00e9e de Ligue 1, Lyon a \u00e9t\u00e9 tenu en \u00e9chec \u00e0 Brest (0-0).&hellip;\n","protected":false},"author":2,"featured_media":507744,"comment_status":"","ping_status":"","sticky":false,"template":"","format":"standard","meta":{"footnotes":""},"categories":[1889],"tags":[1111,11,2430,1777,674,1011,27,2428,12,978,25],"class_list":{"0":"post-507743","1":"post","2":"type-post","3":"status-publish","4":"format-standard","5":"has-post-thumbnail","7":"category-lyon","8":"tag-actu","9":"tag-actualites","10":"tag-auvergne-rhone-alpes","11":"tag-eu","12":"tag-europe","13":"tag-fr","14":"tag-france","15":"tag-lyon","16":"tag-news","17":"tag-olympique-lyonnais","18":"tag-republique-francaise"},"share_on_mastodon":{"url":"https:\/\/pubeurope.com\/@fr\/115482824687632403","error":""},"_links":{"self":[{"href":"https:\/\/www.europesays.com\/fr\/wp-json\/wp\/v2\/posts\/507743","targetHints":{"allow":["GET"]}}],"collection":[{"href":"https:\/\/www.europesays.com\/fr\/wp-json\/wp\/v2\/posts"}],"about":[{"href":"https:\/\/www.europesays.com\/fr\/wp-json\/wp\/v2\/types\/post"}],"author":[{"embeddable":true,"href":"https:\/\/www.europesays.com\/fr\/wp-json\/wp\/v2\/users\/2"}],"replies":[{"embeddable":true,"href":"https:\/\/www.europesays.com\/fr\/wp-json\/wp\/v2\/comments?post=507743"}],"version-history":[{"count":0,"href":"https:\/\/www.europesays.com\/fr\/wp-json\/wp\/v2\/posts\/507743\/revisions"}],"wp:featuredmedia":[{"embeddable":true,"href":"https:\/\/www.europesays.com\/fr\/wp-json\/wp\/v2\/media\/507744"}],"wp:attachment":[{"href":"https:\/\/www.europesays.com\/fr\/wp-json\/wp\/v2\/media?parent=507743"}],"wp:term":[{"taxonomy":"category","embeddable":true,"href":"https:\/\/www.europesays.com\/fr\/wp-json\/wp\/v2\/categories?post=507743"},{"taxonomy":"post_tag","embeddable":true,"href":"https:\/\/www.europesays.com\/fr\/wp-json\/wp\/v2\/tags?post=507743"}],"curies":[{"name":"wp","href":"https:\/\/api.w.org\/{rel}","templated":true}]}}