{"id":507745,"date":"2025-11-03T00:01:22","date_gmt":"2025-11-03T00:01:22","guid":{"rendered":"https:\/\/www.europesays.com\/fr\/507745\/"},"modified":"2025-11-03T00:01:22","modified_gmt":"2025-11-03T00:01:22","slug":"eric-emmanuel-schmitt-le-figaro-la-nuit","status":"publish","type":"post","link":"https:\/\/www.europesays.com\/fr\/507745\/","title":{"rendered":"\u00c9ric-Emmanuel Schmitt &#8211; Le Figaro la nuit"},"content":{"rendered":"<p id=\"descriptionPanel\" class=\"text-secondary mr-2 line-clamp-2 pr-2.5 overflow-visible\">\u00c9ric-Emmanuel Schmitt vit dans plusieurs si\u00e8cles \u00e0 la fois. Un pied dans l\u2019Antiquit\u00e9, l\u2019autre dans l\u2019\u00e9poque des plateaux t\u00e9l\u00e9. Avec Les Deux Royaumes, cinqui\u00e8me tome de sa Travers\u00e9e des Temps, il fait escale dans Le Figaro La Nuit. Entre deux confidences sur le Goncourt, Boualem Sansal et sa paternit\u00e9 tardive, il explore les m\u00e9andres de la foi, de la litt\u00e9rature et du vertige du monde moderne.<\/p>\n<p>Afficher la version longue du r\u00e9sum\u00e9<a class=\"shrink-0\" href=\"https:\/\/www.tf1.fr\/le-figaro\/le-figaro-la-nuit\" rel=\"nofollow noopener\" target=\"_blank\"><img decoding=\"async\" src=\"https:\/\/www.europesays.com\/fr\/wp-content\/uploads\/2025\/11\/le-figaro-la-nuit-1741960672-808a05-26c0bd-0@1x.jpg\" width=\"138\" height=\"184\" alt=\"\" loading=\"eager\" fetchpriority=\"auto\" class=\"rounded-3px aspect-[3\/4] h-24 w-auto\" aria-hidden=\"true\"\/><\/a><\/p>\n<p>54m<\/p>\n<p><img decoding=\"async\" src=\"https:\/\/www.europesays.com\/fr\/wp-content\/uploads\/2025\/05\/lefigaro-logo-editeur-a24114-19ceaf-0@3x.png\" alt=\"Le Figaro\" loading=\"eager\" class=\"h-5 w-14\" fetchpriority=\"auto\"\/>3 nov. 2025 \u00e0 00:00<\/p>\n","protected":false},"excerpt":{"rendered":"\u00c9ric-Emmanuel Schmitt vit dans plusieurs si\u00e8cles \u00e0 la fois. Un pied dans l\u2019Antiquit\u00e9, l\u2019autre dans l\u2019\u00e9poque des plateaux&hellip;\n","protected":false},"author":2,"featured_media":507746,"comment_status":"","ping_status":"","sticky":false,"template":"","format":"standard","meta":{"footnotes":""},"categories":[1592],"tags":[1111,11,2889,62932,62933,62542,1777,674,1011,27,662,62930,62934,62935,62931,62943,62947,62939,62942,62946,62938,12,626,25,62944,62945,62940,62941,62936,62937],"class_list":{"0":"post-507745","1":"post","2":"type-post","3":"status-publish","4":"format-standard","5":"has-post-thumbnail","7":"category-ile-de-france","8":"tag-actu","9":"tag-actualites","10":"tag-emission","11":"tag-emission-le-figaro-la-nuit","12":"tag-emission-le-figaro-la-nuit-le-figaro-tv","13":"tag-emission-le-figaro-tv","14":"tag-eu","15":"tag-europe","16":"tag-fr","17":"tag-france","18":"tag-ile-de-france","19":"tag-le-figaro-la-nuit","20":"tag-le-figaro-la-nuit-emission","21":"tag-le-figaro-la-nuit-emission-le-figaro-tv","22":"tag-le-figaro-la-nuit-le-figaro-tv","23":"tag-le-figaro-la-nuit-le-figaro-tv-streaming","24":"tag-le-figaro-la-nuit-le-figaro-tv-streaming-gratuit","25":"tag-le-figaro-la-nuit-le-figaro-tv-video","26":"tag-le-figaro-la-nuit-streaming","27":"tag-le-figaro-la-nuit-streaming-gratuit","28":"tag-le-figaro-la-nuit-video","29":"tag-news","30":"tag-paris","31":"tag-republique-francaise","32":"tag-streaming-gratuit-le-figaro-la-nuit","33":"tag-streaming-gratuit-le-figaro-la-nuit-le-figaro-tv","34":"tag-streaming-le-figaro-la-nuit","35":"tag-streaming-le-figaro-la-nuit-le-figaro-tv","36":"tag-video-le-figaro-la-nuit","37":"tag-video-le-figaro-la-nuit-le-figaro-tv"},"share_on_mastodon":{"url":"","error":"Validation failed: Text character limit of 500 exceeded"},"_links":{"self":[{"href":"https:\/\/www.europesays.com\/fr\/wp-json\/wp\/v2\/posts\/507745","targetHints":{"allow":["GET"]}}],"collection":[{"href":"https:\/\/www.europesays.com\/fr\/wp-json\/wp\/v2\/posts"}],"about":[{"href":"https:\/\/www.europesays.com\/fr\/wp-json\/wp\/v2\/types\/post"}],"author":[{"embeddable":true,"href":"https:\/\/www.europesays.com\/fr\/wp-json\/wp\/v2\/users\/2"}],"replies":[{"embeddable":true,"href":"https:\/\/www.europesays.com\/fr\/wp-json\/wp\/v2\/comments?post=507745"}],"version-history":[{"count":0,"href":"https:\/\/www.europesays.com\/fr\/wp-json\/wp\/v2\/posts\/507745\/revisions"}],"wp:featuredmedia":[{"embeddable":true,"href":"https:\/\/www.europesays.com\/fr\/wp-json\/wp\/v2\/media\/507746"}],"wp:attachment":[{"href":"https:\/\/www.europesays.com\/fr\/wp-json\/wp\/v2\/media?parent=507745"}],"wp:term":[{"taxonomy":"category","embeddable":true,"href":"https:\/\/www.europesays.com\/fr\/wp-json\/wp\/v2\/categories?post=507745"},{"taxonomy":"post_tag","embeddable":true,"href":"https:\/\/www.europesays.com\/fr\/wp-json\/wp\/v2\/tags?post=507745"}],"curies":[{"name":"wp","href":"https:\/\/api.w.org\/{rel}","templated":true}]}}