{"id":507747,"date":"2025-11-03T00:02:15","date_gmt":"2025-11-03T00:02:15","guid":{"rendered":"https:\/\/www.europesays.com\/fr\/507747\/"},"modified":"2025-11-03T00:02:15","modified_gmt":"2025-11-03T00:02:15","slug":"un-homme-tue-a-larme-blanche-en-pleine-rue-dans-une-petite-ville-de-moselle","status":"publish","type":"post","link":"https:\/\/www.europesays.com\/fr\/507747\/","title":{"rendered":"Un homme tu\u00e9 \u00e0 l\u2019arme blanche en pleine rue dans une petite ville de Moselle"},"content":{"rendered":"<p class=\"paragraph text_align_left lp-f-body-02\">Un homme a \u00e9t\u00e9 tu\u00e9 par arme blanche dimanche soir dans la commune de Neufchef, en <a href=\"https:\/\/www.leparisien.fr\/moselle-57\/\" target=\"_self\" rel=\"nofollow noopener\">Moselle<\/a>. La victime a \u00e9t\u00e9 agress\u00e9e sur la voie publique en fin d\u2019apr\u00e8s-midi dans cette petite ville d\u2019environ 2 600 habitants situ\u00e9e \u00e0 15 km \u00e0 l\u2019ouest de Thionville.<\/p>\n<p class=\"paragraph text_align_left lp-f-body-02\">L\u2019auteur pr\u00e9sum\u00e9 a \u00e9t\u00e9 interpell\u00e9 sur les lieux des faits. Un magistrat s\u2019est rendu sur place. La brigade de recherches de Thionville est charg\u00e9e de l\u2019enqu\u00eate.<\/p>\n<p class=\"paragraph text_align_left lp-f-body-02\">Selon <a href=\"https:\/\/www.republicain-lorrain.fr\/faits-divers-justice\/2025\/11\/02\/neufchef-un-jeune-homme-de-17-ans-meurt-poignarde\" target=\"_self\" rel=\"nofollow noopener\">Le R\u00e9publicain Lorrain<\/a>, la victime serait un homme de 17 ans. Il aurait \u00e9t\u00e9 poignard\u00e9 par un homme qu\u2019il connaissait et avec lequel il aurait \u00e9t\u00e9 en conflit, selon des sources proches cit\u00e9es par le quotidien r\u00e9gional.<\/p>\n","protected":false},"excerpt":{"rendered":"Un homme a \u00e9t\u00e9 tu\u00e9 par arme blanche dimanche soir dans la commune de Neufchef, en Moselle. La&hellip;\n","protected":false},"author":2,"featured_media":507748,"comment_status":"","ping_status":"","sticky":false,"template":"","format":"standard","meta":{"footnotes":""},"categories":[1888],"tags":[1111,1928,11,1927,459,1777,674,118,1011,27,12,1926,626,1925,25],"class_list":{"0":"post-507747","1":"post","2":"type-post","3":"status-publish","4":"format-standard","5":"has-post-thumbnail","7":"category-paris","8":"tag-actu","9":"tag-actu-paris","10":"tag-actualites","11":"tag-actualites-paris","12":"tag-departements-horsidfo","13":"tag-eu","14":"tag-europe","15":"tag-faits-divers","16":"tag-fr","17":"tag-france","18":"tag-news","19":"tag-news-paris","20":"tag-paris","21":"tag-paris-news","22":"tag-republique-francaise"},"share_on_mastodon":{"url":"https:\/\/pubeurope.com\/@fr\/115482836968566738","error":""},"_links":{"self":[{"href":"https:\/\/www.europesays.com\/fr\/wp-json\/wp\/v2\/posts\/507747","targetHints":{"allow":["GET"]}}],"collection":[{"href":"https:\/\/www.europesays.com\/fr\/wp-json\/wp\/v2\/posts"}],"about":[{"href":"https:\/\/www.europesays.com\/fr\/wp-json\/wp\/v2\/types\/post"}],"author":[{"embeddable":true,"href":"https:\/\/www.europesays.com\/fr\/wp-json\/wp\/v2\/users\/2"}],"replies":[{"embeddable":true,"href":"https:\/\/www.europesays.com\/fr\/wp-json\/wp\/v2\/comments?post=507747"}],"version-history":[{"count":0,"href":"https:\/\/www.europesays.com\/fr\/wp-json\/wp\/v2\/posts\/507747\/revisions"}],"wp:featuredmedia":[{"embeddable":true,"href":"https:\/\/www.europesays.com\/fr\/wp-json\/wp\/v2\/media\/507748"}],"wp:attachment":[{"href":"https:\/\/www.europesays.com\/fr\/wp-json\/wp\/v2\/media?parent=507747"}],"wp:term":[{"taxonomy":"category","embeddable":true,"href":"https:\/\/www.europesays.com\/fr\/wp-json\/wp\/v2\/categories?post=507747"},{"taxonomy":"post_tag","embeddable":true,"href":"https:\/\/www.europesays.com\/fr\/wp-json\/wp\/v2\/tags?post=507747"}],"curies":[{"name":"wp","href":"https:\/\/api.w.org\/{rel}","templated":true}]}}