{"id":507753,"date":"2025-11-03T00:05:37","date_gmt":"2025-11-03T00:05:37","guid":{"rendered":"https:\/\/www.europesays.com\/fr\/507753\/"},"modified":"2025-11-03T00:05:37","modified_gmt":"2025-11-03T00:05:37","slug":"quelles-perturbations-prevoir-pour-la-ratp-et-la-sncf-cette-semaine-51","status":"publish","type":"post","link":"https:\/\/www.europesays.com\/fr\/507753\/","title":{"rendered":"Quelles perturbations pr\u00e9voir pour la RATP et la SNCF cette semaine\u00a0?"},"content":{"rendered":"<p>En ce lundi 3\u00a0novembre, les vacances scolaires des Parisiens se terminent. Pour appr\u00e9hender au mieux cette semaine, voici les changements \u00e0 prendre en compte sur les lignes de transport parisiennes et franciliennes.<\/p>\n<p>M\u00e9tro<\/p>\n<ul>\n<li>Ligne 9\u00a0: du 8\u00a0novembre au 11\u00a0novembre, le trafic est interrompu entre Michel-Ange \u2013 Molitor et Franklin D. Roosevelt (travaux). Des bus de remplacement seront mis en place entre Michel-Ange \u2013 Molitor et Trocad\u00e9ro.<\/li>\n<li>Ligne 14\u00a0: le 9\u00a0novembre jusqu\u2019\u00e0 14h, le trafic est interrompu sur toute la ligne (travaux). Des bus de substitution seront mis en place entre Gare de Lyon et Olympiades.<\/li>\n<\/ul>\n<p>RER<\/p>\n<ul>\n<li>RER A\u00a0: jusqu\u2019au 19\u00a0d\u00e9cembre, du lundi au vendredi d\u00e8s 21h50, le trafic sera interrompu entre Cergy \u2013 Le Haut et Maisons-Laffitte (travaux). Jusqu\u2019au 13\u00a0d\u00e9cembre, du mardi au samedi jusqu\u2019\u00e0 5h10, le trafic sera interrompu de Cergy \u2013 Le Haut \u00e0 Maisons-Laffitte (travaux).<\/li>\n<li><a href=\"https:\/\/www.20minutes.fr\/dossier\/rer_b\" class=\"c-link c-link--is-underlined\" target=\"_blank\" rel=\"noopener\">RER B<\/a>\u00a0: jusqu\u2019au 10\u00a0novembre, du lundi au vendredi \u00e0 partir 22h45, le trafic sera interrompu entre\u200b\u200b\u200b\u200b Ch\u00e2telet \u2013 Les Halles et Mitry \u2013 Claye\/A\u00e9roport CDG 2 (travaux de maintenance). Du 8\u00a0novembre au 23\u00a0novembre, le <a href=\"https:\/\/www.20minutes.fr\/dossier\/week-end\" class=\"c-link c-link--is-underlined\" target=\"_blank\" rel=\"noopener\">week-end<\/a> \u00e0 partir de 23h00, le trafic est interrompu entre <a href=\"https:\/\/www.20minutes.fr\/economie\/aulnay\/\" class=\"c-link c-link--is-underlined\" target=\"_blank\" rel=\"noopener\">Aulnay-sous-Bois<\/a> et A\u00e9roport Charles de Gaulle 2 \u2013 TGV (travaux d\u2019entretien).<\/li>\n<li>RER C\u00a0: jusqu\u2019au 11\u00a0janvier, l\u2019arr\u00eat n\u2019est pas desservi \u00e0 Issy vers Dourdan la For\u00eat, Saint-Martin d\u2019\u00c9tampes et Massy \u2013 Palaiseau (travaux). Samedi\u00a08 et dimanche 9\u00a0novembre, le trafic sera interrompu entre Champ de Mars et Saint-Quentin en Yvelines\/Versailles Ch\u00e2teau Rive Gauche. D\u00e8s 22h50 jusqu\u2019en fin de soir\u00e9e, les 3 et 4\u00a0novembre, le trafic sera interrompu de Paris Austerlitz vers Versailles Ch\u00e2teau Rive Gauche et Saint-Quentin en Yvelines. Samedi\u00a08 et dimanche 9\u00a0novembre, les trains seront directs entre Choisy le Roi et Juvisy. Les gares de Athis Mons, Ablon et Villeneuve le Roi ne seront pas desservies. Lundi\u00a03 et mardi 4\u00a0novembre, d\u00e8s 23h jusqu\u2019en fin de soir\u00e9e, le trafic sera interrompu entre Paris Austerlitz et Juvisy. Du lundi\u00a03 au vendredi 7\u00a0novembre (sauf samedi, dimanche), d\u00e8s 23 heures, le trafic sera interrompu entre Paris Austerlitz et Pont de Rungis. Mercredi\u00a05 au vendredi 7\u00a0novembre, le trafic sera interrompu entre Paris Austerlitz et Juvisy via Choisy le Roi d\u00e8s 23h.<\/li>\n<li>RER D\u00a0: samedi 8\u00a0novembre, le trafic sera interrompu de Paris Gare de Lyon vers Juvisy, et vers Combs-la-Ville \u2013 Quincy, et de Juvisy et Combs-la-Ville \u2013 Quincy vers Maisons-Alfort. En semaine jusqu\u2019au 10\u00a0novembre, le trafic sera interrompu entre Paris Gare du Nord et Creil d\u00e8s 23h20. Du 3 au 10\u00a0novembre, le trafic est interrompu entre Melun et Combs-la-Ville \u2013 Quincy.<\/li>\n<li>RER E\u00a0: samedi\u00a08 et dimanche 9\u00a0novembre, le trafic sera interrompu entre Nanterre-la-Folie et Tournan. En semaine jusqu\u2019au vendredi 21\u00a0novembre le trafic sera interrompu \u00e0 partir de 21h55 entre Nanterre-la-Folie et Villiers-sur-Marne et entre Nanterre-la-Folie et Tournan. Dimanche 9\u00a0novembre, le trafic sera interrompu entre Nanterre-La-Folie et <a href=\"https:\/\/www.20minutes.fr\/dossier\/villiers_sur_marne\" class=\"c-link c-link--is-underlined\" target=\"_blank\" rel=\"noopener\">Villiers-sur-Marne<\/a> d\u00e8s 22h15.<\/li>\n<\/ul>\n<p>Transilien<\/p>\n<ul>\n<li>Ligne H\u00a0: dimanche 9\u00a0novembre, le trafic sera interrompu entre Paris Gare du Nord et Sarcelles \u2013 Saint-Brice et Paris Gare du Nord et Ermont-Eaubonne, de 1h30 \u00e0 8h50. Du samedi\u00a08 au dimanche 9\u00a0novembre, le trafic sera interrompu entre Ermont \u2013 Eaubonne et Persan \u2013 Beaumont via Valmondois entre 23h35 et 4h30.<\/li>\n<li>Ligne J\u00a0: samedi\u00a08 et dimanche 9\u00a0novembre, le trafic sera interrompu toute la journ\u00e9e entre Issou \u2013 Porcheville et Mantes la Jolie, entre Paris Saint-Lazare et Mantes la Jolie, et entre Paris Saint-Lazare et Vernon \u2013 Giverny.<\/li>\n<li>Ligne K\u00a0: samedi\u00a08 dimanche 9\u00a0novembre, le trafic sera interrompu toute la journ\u00e9e entre Paris Gare du Nord et Mitry \u2013 Claye. Jusqu\u2019au samedi 20\u00a0d\u00e9cembre, le trafic sera interrompu en semaine entre <a href=\"https:\/\/www.20minutes.fr\/dossier\/gare_du_nord\" class=\"c-link c-link--is-underlined\" target=\"_blank\" rel=\"noopener\">Gare du Nord<\/a> et Cr\u00e9py-en-Valois d\u00e8s 20h13. En semaine jusqu\u2019au 20\u00a0d\u00e9cembre \u00e9galement, le trafic sera interrompu sur l\u2019ensemble de la ligne de 21h15 \u00e0 4h45.<\/li>\n<li>Ligne L\u00a0: jusqu\u2019au vendredi 7\u00a0novembre puis du 12 au 14\u00a0novembre, le trafic sera interrompu entre Paris Saint-Lazare et La D\u00e9fense. Dimanche 09 novembre, le trafic sera interrompu entre Saint-Cloud et Saint-Nom la Bret\u00e8che d\u00e8s 21h15. En semaine jusqu\u2019au 12\u00a0d\u00e9cembre, le trafic sera interrompu entre Sartrouville et Maisons-Laffitte d\u00e8s 21h50.<\/li>\n<li>Ligne N\u00a0: Samedi\u00a08 et dimanche 9\u00a0novembre, le trafic sera interrompu toute la journ\u00e9e entre Mantes-la-Jolie et \u00c9p\u00f4ne \u2013 M\u00e9zi\u00e8res. Jusqu\u2019au 28\u00a0novembre, les soirs de semaine, le trafic sera interrompu de Paris Montparnasse vers Mantes-la-Jolie \u00e0 partir de 20h50. Jusqu\u2019au vendredi 7\u00a0novembre, le trafic sera interrompu entre Paris Montparnasse et Plaisir \u2013 Grignon entre 22h56 \u00e0 02h08. Du lundi\u00a03 au vendredi 7\u00a0novembre, le trafic sera interrompu entre Paris Montparnasse et Rambouillet d\u00e8s 22h22.<\/li>\n<li>Ligne P\u00a0: samedi 8\u00a0novembre, le trafic sera interrompu entre Paris Est et Meaux d\u00e8s 22h50 et entre Paris Est et Ch\u00e2teau-Thierry d\u00e8s 23h. Jusqu\u2019au vendredi 21\u00a0novembre, le trafic sera interrompu entre Paris Est et Provins en semaine \u00e0 partir de 21h45. Jusqu\u2019au 12\u00a0d\u00e9cembre, le trafic sera interrompu entre Paris Est et Ch\u00e2teau-Thierry d\u00e8s 22h. Du lundi\u00a03 au vendredi 7\u00a0novembre, le trafic sera interrompu entre <a href=\"https:\/\/www.20minutes.fr\/dossier\/meaux\" class=\"c-link c-link--is-underlined\" target=\"_blank\" rel=\"noopener\">Meaux<\/a> et La Fert\u00e9-Milon d\u00e8s 22h.<\/li>\n<li>Ligne R\u00a0: Le 9 novembre, le trafic est interrompu entre <a href=\"https:\/\/www.20minutes.fr\/dossier\/gare_de_lyon\" class=\"c-link c-link--is-underlined\" target=\"_blank\" rel=\"noopener\">Gare de Lyon<\/a> et Melun d\u00e8s 23h15. Jusqu\u2019au 14\u00a0novembre, le trafic sera interrompu entre Melun et Montereau via Moret et entre <a href=\"https:\/\/www.20minutes.fr\/dossier\/melun\" class=\"c-link c-link--is-underlined\" target=\"_blank\" rel=\"noopener\">Melun<\/a> et Montargis via Moret d\u00e8s 23h45.<\/li>\n<li>Ligne U\u00a0: samedi\u00a08 et dimanche 9\u00a0novembre, le trafic sera interrompu toute la journ\u00e9e entre <a href=\"https:\/\/www.20minutes.fr\/dossier\/la_defense\" class=\"c-link c-link--is-underlined\" target=\"_blank\" rel=\"noopener\">La D\u00e9fense<\/a> et La Verri\u00e8re.<\/li>\n<\/ul>\n","protected":false},"excerpt":{"rendered":"En ce lundi 3\u00a0novembre, les vacances scolaires des Parisiens se terminent. Pour appr\u00e9hender au mieux cette semaine, voici&hellip;\n","protected":false},"author":2,"featured_media":507754,"comment_status":"","ping_status":"","sticky":false,"template":"","format":"standard","meta":{"footnotes":""},"categories":[1888],"tags":[11,1936,1777,674,1011,27,662,12,626,625,1306,25,1937,1945,2215,1125],"class_list":{"0":"post-507753","1":"post","2":"type-post","3":"status-publish","4":"format-standard","5":"has-post-thumbnail","7":"category-paris","8":"tag-actualites","9":"tag-essonne","10":"tag-eu","11":"tag-europe","12":"tag-fr","13":"tag-france","14":"tag-ile-de-france","15":"tag-news","16":"tag-paris","17":"tag-ratp","18":"tag-regions","19":"tag-republique-francaise","20":"tag-seine-et-marne","21":"tag-seine-saint-denis","22":"tag-sncf","23":"tag-val-de-marne"},"share_on_mastodon":{"url":"https:\/\/pubeurope.com\/@fr\/115482848568044961","error":""},"_links":{"self":[{"href":"https:\/\/www.europesays.com\/fr\/wp-json\/wp\/v2\/posts\/507753","targetHints":{"allow":["GET"]}}],"collection":[{"href":"https:\/\/www.europesays.com\/fr\/wp-json\/wp\/v2\/posts"}],"about":[{"href":"https:\/\/www.europesays.com\/fr\/wp-json\/wp\/v2\/types\/post"}],"author":[{"embeddable":true,"href":"https:\/\/www.europesays.com\/fr\/wp-json\/wp\/v2\/users\/2"}],"replies":[{"embeddable":true,"href":"https:\/\/www.europesays.com\/fr\/wp-json\/wp\/v2\/comments?post=507753"}],"version-history":[{"count":0,"href":"https:\/\/www.europesays.com\/fr\/wp-json\/wp\/v2\/posts\/507753\/revisions"}],"wp:featuredmedia":[{"embeddable":true,"href":"https:\/\/www.europesays.com\/fr\/wp-json\/wp\/v2\/media\/507754"}],"wp:attachment":[{"href":"https:\/\/www.europesays.com\/fr\/wp-json\/wp\/v2\/media?parent=507753"}],"wp:term":[{"taxonomy":"category","embeddable":true,"href":"https:\/\/www.europesays.com\/fr\/wp-json\/wp\/v2\/categories?post=507753"},{"taxonomy":"post_tag","embeddable":true,"href":"https:\/\/www.europesays.com\/fr\/wp-json\/wp\/v2\/tags?post=507753"}],"curies":[{"name":"wp","href":"https:\/\/api.w.org\/{rel}","templated":true}]}}