{"id":507761,"date":"2025-11-03T00:09:15","date_gmt":"2025-11-03T00:09:15","guid":{"rendered":"https:\/\/www.europesays.com\/fr\/507761\/"},"modified":"2025-11-03T00:09:15","modified_gmt":"2025-11-03T00:09:15","slug":"cest-quoi-ce-dispositif-velo-qui-fait-economiser-des-millions-au-royaume-uni","status":"publish","type":"post","link":"https:\/\/www.europesays.com\/fr\/507761\/","title":{"rendered":"C\u2019est quoi ce dispositif v\u00e9lo qui fait \u00e9conomiser des millions au Royaume-Uni?"},"content":{"rendered":"<p>Depuis plus de 25 ans, le Royaume-Uni encourage ses citoyens \u00e0 aller bosser \u00e0 v\u00e9lo. R\u00e9sultat : le programme \u201cCycle to Work\u201d permettrait aujourd\u2019hui d\u2019\u00e9conomiser plus de 650 millions d\u2019euros par an \u00e0 l\u2019\u00e9conomie britannique, d&rsquo;apr\u00e8s une \u00e9tude ind\u00e9pendante.<\/p>\n<p>Le v\u00e9lo quotidien au Royaume-Uni, un pari lanc\u00e9 il y a 25 ans<\/p>\n<p><a href=\"https:\/\/www.europesays.com\/fr\/wp-content\/uploads\/2025\/11\/481765216-1044056214413029-1642674319423292147-n.webp.webp\"><img loading=\"lazy\" decoding=\"async\" width=\"2048\" height=\"1365\" src=\"data:image\/gif;base64,R0lGODlhAQABAIAAAAAAAP\/\/\/yH5BAEAAAAALAAAAAABAAEAAAIBRAA7\" data-lazy-type=\"image\" data-lazy-src=\"https:\/\/www.europesays.com\/fr\/wp-content\/uploads\/2025\/11\/481765216-1044056214413029-1642674319423292147-n.webp.webp\" alt=\"\" class=\"lazy lazy-hidden wp-image-67448\" data-lazy- data-lazy-\/><\/a>\u00a9 TfL<\/p>\n<p>Le \u201cCycle to Work Scheme\u201d, mis en place \u00e0 la fin des ann\u00e9es 1990, permet aux salari\u00e9s britanniques d\u2019acqu\u00e9rir un v\u00e9lo (ou un v\u00e9lo \u00e9lectrique) via leur entreprise, avec un avantage fiscal \u00e0 la cl\u00e9.<\/p>\n<p>Le principe est simple : une partie du salaire est sacrifi\u00e9e temporairement pour financer le v\u00e9lo, mais en contrepartie, les imp\u00f4ts diminuent. Un dispositif malin, \u00e0 la fois incitatif et accessible, qui a permis \u00e0 plus de deux millions de personnes de rejoindre la cat\u00e9gorie des v\u00e9lotafeurs.<\/p>\n<p><a href=\"https:\/\/www.europesays.com\/fr\/wp-content\/uploads\/2025\/11\/file-qdwgtcb1uz.webp.webp\"><img loading=\"lazy\" decoding=\"async\" width=\"1271\" height=\"650\" src=\"data:image\/gif;base64,R0lGODlhAQABAIAAAAAAAP\/\/\/yH5BAEAAAAALAAAAAABAAEAAAIBRAA7\" data-lazy-type=\"image\" data-lazy-src=\"https:\/\/www.europesays.com\/fr\/wp-content\/uploads\/2025\/11\/file-qdwgtcb1uz.webp.webp\" alt=\"\" class=\"lazy lazy-hidden wp-image-69922\" data-lazy- data-lazy-\/><\/a>Le principe du Cycle to Work Scheme en r\u00e9sum\u00e9 : \u00ab\u00a0Ride now, pay later\u00a0\u00bb<\/p>\n<p>En France, on a le FMD, pour Forfait Mobilit\u00e9s Durables. En th\u00e9orie, c\u2019est similaire. En pratique, l\u2019\u00e9chelle n\u2019est pas la m\u00eame : outre-Manche, environ 200 000 salari\u00e9s utilisent chaque ann\u00e9e le dispositif britannique, selon la Cycle to Work Alliance, le consortium qui regroupe les principaux acteurs du secteur.<\/p>\n<p><a href=\"https:\/\/weelz.ouest-france.fr\/wp-content\/uploads\/2025\/10\/screenshot-cycletoworkalliance.org-.uk-336-the-cycle-to-work-scheme--proof-that-smart-policy-pays-back-cycle-to-work-all--scaled.webp\" rel=\"nofollow noopener\" target=\"_blank\"><img loading=\"lazy\" decoding=\"async\" width=\"2048\" height=\"776\" src=\"data:image\/gif;base64,R0lGODlhAQABAIAAAAAAAP\/\/\/yH5BAEAAAAALAAAAAABAAEAAAIBRAA7\" data-lazy-type=\"image\" data-lazy-src=\"https:\/\/www.europesays.com\/fr\/wp-content\/uploads\/2025\/11\/screenshot-cycletoworkalliance.org-.uk-336-the-cycle-to-work-scheme--proof-that-smart-policy-pays-ba.webp\" alt=\"\u00c9conomie du v\u00e9lo au Royaume-Uni : une politique\u00a0v\u00e9lo intelligente, \u00e7a rapporte\" class=\"lazy lazy-hidden wp-image-69920\" data-lazy- data-lazy-\/><\/a>Une politique\u00a0v\u00e9lo intelligente, \u00e7a rapporte<\/p>\n<p>D\u2019apr\u00e8s <a href=\"https:\/\/cycletoworkalliance.org.uk\/the-cycle-to-work-scheme-proof-that-smart-policy-that-pays-back\/\" rel=\"nofollow noopener\" target=\"_blank\">une \u00e9tude<\/a> ind\u00e9pendante command\u00e9e par la Cycle to Work Alliance, le programme g\u00e9n\u00e8re pas moins de 573 millions de livres sterling de b\u00e9n\u00e9fices annuels, soit un peu plus de 650 millions d\u2019euros. Un chiffre qui ne prend m\u00eame pas en compte <a href=\"https:\/\/weelz.ouest-france.fr\/mobilite-le-velo-ameliore-votre-sante-cardiaque-en-5-km-chrono\/\" rel=\"nofollow noopener\" target=\"_blank\">les effets positifs sur la sant\u00e9 publique<\/a> ou la baisse de la congestion automobile.<\/p>\n<p>Meilleure productivit\u00e9, baisse de l&rsquo;absent\u00e9isme<\/p>\n<p>Le d\u00e9tail de ces b\u00e9n\u00e9fices est plut\u00f4t \u00e9loquent : environ 1 262 \u00a3 \u00e9conomis\u00e9s chaque ann\u00e9e par les salari\u00e9s qui troquent la voiture contre le v\u00e9lo, 37 millions de livres de gains li\u00e9s \u00e0 la productivit\u00e9 (gr\u00e2ce \u00e0 une baisse de l\u2019absent\u00e9isme et une meilleure sant\u00e9 des travailleurs), et pr\u00e8s de 220 millions de livres de ventes pour les commerces de v\u00e9los et d\u2019accessoires. M\u00eame le Tr\u00e9sor britannique s\u2019y retrouve, avec 43,8 millions de livres collect\u00e9s en TVA. Bref, tout le monde p\u00e9dale dans le bon sens.<\/p>\n<p>Cycle to Work : installer de nouvelles habitudes de d\u00e9placement<\/p>\n<p><a href=\"https:\/\/www.europesays.com\/fr\/wp-content\/uploads\/2025\/11\/286678946-5663938903633334-6795299892735610773-n.webp.webp\"><img loading=\"lazy\" decoding=\"async\" width=\"1200\" height=\"1200\" src=\"data:image\/gif;base64,R0lGODlhAQABAIAAAAAAAP\/\/\/yH5BAEAAAAALAAAAAABAAEAAAIBRAA7\" data-lazy-type=\"image\" data-lazy-src=\"https:\/\/www.europesays.com\/fr\/wp-content\/uploads\/2025\/11\/286678946-5663938903633334-6795299892735610773-n.webp.webp\" alt=\"\" class=\"lazy lazy-hidden wp-image-69921\" data-lazy- data-lazy-\/><\/a>Une politique\u00a0v\u00e9lo intelligente, \u00e7a rapporte<\/p>\n<blockquote class=\"wp-block-quote is-layout-flow wp-block-quote-is-layout-flow\">\n<p>\u00ab\u00a0Le dispositif ne se contente pas de subventionner l\u2019achat : il installe de nouvelles habitudes\u00a0\u00bb<\/p>\n<\/blockquote>\n<p>Selon la m\u00eame \u00e9tude, 80 % des participants d\u00e9clarent d\u00e9sormais se d\u00e9placer \u00e0 v\u00e9lo chaque semaine, contre seulement 40 % avant d\u2019int\u00e9grer le programme. Autrement dit, le dispositif ne se contente pas de subventionner l\u2019achat : il installe de nouvelles habitudes.<\/p>\n<p>Pour les entreprises, l\u2019int\u00e9r\u00eat est tout aussi concret : moins d\u2019arr\u00eats maladie, des salari\u00e9s plus ponctuels, plus en forme. Une productivit\u00e9 dop\u00e9e sans caf\u00e9ine ni s\u00e9minaire de team-building.<\/p>\n<p>Et si la France suivait la roue britannique ?<\/p>\n<p>En France, les aides au v\u00e9lo se multiplient, mais restent \u00e9parpill\u00e9es : primes locales, aides \u00e0 l\u2019achat, forfait mobilit\u00e9s durables. Rien d\u2019aussi structur\u00e9 que le \u201cCycle to Work Scheme\u201d. De l\u2019autre c\u00f4t\u00e9 de la Manche, l\u2019alliance des acteurs du cycle milite d\u2019ailleurs pour \u00e9largir le dispositif aux travailleurs ind\u00e9pendants et aux revenus modestes.<\/p>\n<p>Une strat\u00e9gie \u00e9conomique efficace<\/p>\n<p>Le Royaume-Uni d\u00e9montre qu\u2019encourager le v\u00e9lo du quotidien n\u2019est pas seulement une affaire d\u2019\u00e9cologie ou de sant\u00e9 publique, mais aussi une strat\u00e9gie \u00e9conomique efficace. \u00c0 quand un vrai \u201cCycle to Work\u201d \u00e0 la fran\u00e7aise, \u00e0 grande \u00e9chelle ? Parce qu\u2019\u00e0 ce niveau-l\u00e0, rouler \u00e0 v\u00e9lo, c\u2019est aussi un service rendu \u00e0 Bercy.<\/p>\n<p><strong>Vous avez aim\u00e9 cet article ?<\/strong> N&rsquo;h\u00e9sitez-pas \u00e0 <a href=\"https:\/\/weelz.ouest-france.fr\/newsletter-velo\/\" rel=\"nofollow noopener\" target=\"_blank\">vous abonner \u00e0 notre newsletter<\/a>. Vous pouvez aussi nous ajouter en favoris directement dans <a href=\"https:\/\/news.google.com\/publications\/CAAqBwgKMJ3Eugswqt_RAw?hl=fr&amp;gl=FR&amp;ceid=FR%3Afr\" rel=\"external nofollow noopener\" target=\"_blank\">Google News<\/a> ou encore nous suivre via <a href=\"https:\/\/bit.ly\/weelz-whatsapp\" rel=\"nofollow noopener\" target=\"_blank\">notre chaine WhatsApp<\/a>. Une question, une remarque ? <a href=\"https:\/\/weelz.ouest-france.fr\/contacter-weelz\/\" rel=\"nofollow noopener\" target=\"_blank\">Contactez-nous<\/a>.<\/p>\n","protected":false},"excerpt":{"rendered":"Depuis plus de 25 ans, le Royaume-Uni encourage ses citoyens \u00e0 aller bosser \u00e0 v\u00e9lo. R\u00e9sultat : le&hellip;\n","protected":false},"author":2,"featured_media":507762,"comment_status":"","ping_status":"","sticky":false,"template":"","format":"standard","meta":{"footnotes":""},"categories":[1588],"tags":[11,1777,674,12,473,1853,1851,1850,1852],"class_list":{"0":"post-507761","1":"post","2":"type-post","3":"status-publish","4":"format-standard","5":"has-post-thumbnail","7":"category-royaume-uni","8":"tag-actualites","9":"tag-eu","10":"tag-europe","11":"tag-news","12":"tag-royaume-uni","13":"tag-royaume-uni-de-grande-bretagne-et-dirlande-du-nord","14":"tag-uk","15":"tag-united-kingdom","16":"tag-united-kingdom-of-great-britain-and-northern-ireland"},"share_on_mastodon":{"url":"","error":""},"_links":{"self":[{"href":"https:\/\/www.europesays.com\/fr\/wp-json\/wp\/v2\/posts\/507761","targetHints":{"allow":["GET"]}}],"collection":[{"href":"https:\/\/www.europesays.com\/fr\/wp-json\/wp\/v2\/posts"}],"about":[{"href":"https:\/\/www.europesays.com\/fr\/wp-json\/wp\/v2\/types\/post"}],"author":[{"embeddable":true,"href":"https:\/\/www.europesays.com\/fr\/wp-json\/wp\/v2\/users\/2"}],"replies":[{"embeddable":true,"href":"https:\/\/www.europesays.com\/fr\/wp-json\/wp\/v2\/comments?post=507761"}],"version-history":[{"count":0,"href":"https:\/\/www.europesays.com\/fr\/wp-json\/wp\/v2\/posts\/507761\/revisions"}],"wp:featuredmedia":[{"embeddable":true,"href":"https:\/\/www.europesays.com\/fr\/wp-json\/wp\/v2\/media\/507762"}],"wp:attachment":[{"href":"https:\/\/www.europesays.com\/fr\/wp-json\/wp\/v2\/media?parent=507761"}],"wp:term":[{"taxonomy":"category","embeddable":true,"href":"https:\/\/www.europesays.com\/fr\/wp-json\/wp\/v2\/categories?post=507761"},{"taxonomy":"post_tag","embeddable":true,"href":"https:\/\/www.europesays.com\/fr\/wp-json\/wp\/v2\/tags?post=507761"}],"curies":[{"name":"wp","href":"https:\/\/api.w.org\/{rel}","templated":true}]}}