{"id":507765,"date":"2025-11-03T00:11:15","date_gmt":"2025-11-03T00:11:15","guid":{"rendered":"https:\/\/www.europesays.com\/fr\/507765\/"},"modified":"2025-11-03T00:11:15","modified_gmt":"2025-11-03T00:11:15","slug":"europe-de-lideal-au-carcan","status":"publish","type":"post","link":"https:\/\/www.europesays.com\/fr\/507765\/","title":{"rendered":"Europe : de l\u2019id\u00e9al au carcan"},"content":{"rendered":"<p>L\u2019institution europ\u00e9enne, trop bureaucratique et technocratique, joue en d\u00e9faveur des aspirations communes \u00e0 l\u2019\u00e9chelle du continent. <\/p>\n<p>Quelle belle id\u00e9e originelle que celle de l\u2019Europe. Pas seulement un continent mais un ensemble de pays partageant de m\u00eames valeurs, une fa\u00e7on de vivre et une histoire commune. Ce que d\u2019aucun appellerait une \u00ab\u00a0identit\u00e9\u00a0\u00bb. Comment cette vision porteuse d\u2019une forme d\u2019id\u00e9al a-t-elle pu se transformer en un v\u00e9ritable carcan, devenir un repoussoir et susciter un d\u00e9samour manifeste\u00a0?<\/p>\n<p>Confiez donc les clefs du camion \u00e0 des technocrates et des politiciens \u00e0 la petite semaine. Et nous voil\u00e0 au c\u0153ur de l\u2019Union Europ\u00e9enne, cette gigantesque machine \u00e0 mettre en \u0153uvre des r\u00e9glementations, des commandements, des alin\u00e9as, \u00e0 inventer des contraintes, des restrictions, \u00e0 cr\u00e9er l\u2019uniformit\u00e9 au lieu d\u2019agr\u00e9ger les diff\u00e9rences et les vocations. Et aussi \u00e0 subir l\u2019influence de lobbies hyperpr\u00e9sents \u00e0 Bruxelles comme \u00e0 Strasbourg.<\/p>\n<p>Normes \u00e0 gogo<\/p>\n<p>Cette semaine seulement, deux directives\u00a0pondues par la tr\u00e8s bureaucratique Commission Europ\u00e9enne sont venues nous rappeler la propension de l\u2019administration continentale \u00e0 \u00e9touffer les libert\u00e9s individuelles: la premi\u00e8re impose aux conducteurs une visite m\u00e9dicale r\u00e9guli\u00e8re afin de conserver l\u2019indispensable permis. Apr\u00e8s le contr\u00f4le technique automobile, institu\u00e9 en 1992, une sorte de contr\u00f4le technique du conducteur \u00e0 caract\u00e8re obligatoire et suspensif.<\/p>\n<p>La seconde institue la fin du d\u00e9couvert bancaire automatique. Au-del\u00e0 d\u2019une limite fix\u00e9e\u00a0 \u00e0 200\u20ac, les banques pourront appliquer des r\u00e8gles traditionnelles de cr\u00e9dit \u00e0 partir de la fin 2026. Il est vrai que l\u2019on se trouvait jusque-l\u00e0 dans une sorte de zone grise, autorisant les \u00e9tablissements \u00e0 faire preuve de largesse et de compr\u00e9hension vis-\u00e0-vis de leurs clients.<\/p>\n<p>Exasp\u00e9ration<\/p>\n<p>Comment compliquer les choses lorsqu\u2019elles sont simples ? Comment cr\u00e9er un labyrinthe de normes, un d\u00e9dale de mesures et d\u2019obligations sous couvert d\u2019 \u00ab harmonisation \u00bb ? Comment exasp\u00e9rer les citoyens d\u00e9j\u00e0 us\u00e9s par les servitudes ? <a href=\"https:\/\/european-union.europa.eu\/principles-countries-history\/eu-countries_fr\" target=\"_blank\" rel=\"noopener\">L\u2019Europe<\/a>, pourtant connue jusqu\u2019ici pour \u00eatre un espace de libert\u00e9 et de cr\u00e9ativit\u00e9, en conna\u00eet assur\u00e9ment un rayon dans ce domaine. Et si elle \u00e9tait devenue, \u00e0 force d\u2019habitudes, la pire ennemie de l\u2019id\u00e9al europ\u00e9en ?<\/p>\n<p>Marc Fran\u00e7ois<\/p>\n<p><img loading=\"lazy\" decoding=\"async\" class=\"size-medium wp-image-2530046\" title=\"Marc-Francois format carr\u00e9\" src=\"https:\/\/www.europesays.com\/fr\/wp-content\/uploads\/2025\/11\/Marc-Francois-format-carre-300x257.jpg\" alt=\"Marc-Francois \/ Photo Fanny Raynaud\" width=\"300\" height=\"257\"  \/>Photo Fanny Raynaud<\/p>\n<p>\u00a0<\/p>\n<p>\t\t\t\t<a href=\"https:\/\/www.clermontmetropole.eu\/no-cache\/actualites-et-agendas\/toute-lactualite\/detail\/actualites\/exposition-lauvergne-de-la-modernite-au-marq\/\" target=\"_blank\" rel=\"nofollow noopener\"><img decoding=\"async\" src=\"https:\/\/www.europesays.com\/fr\/wp-content\/uploads\/2025\/10\/7-jours-728x90px.jpg\"\/><\/a><\/p>\n","protected":false},"excerpt":{"rendered":"L\u2019institution europ\u00e9enne, trop bureaucratique et technocratique, joue en d\u00e9faveur des aspirations communes \u00e0 l\u2019\u00e9chelle du continent. Quelle belle&hellip;\n","protected":false},"author":2,"featured_media":83264,"comment_status":"","ping_status":"","sticky":false,"template":"","format":"standard","meta":{"footnotes":""},"categories":[1586],"tags":[11,1777,674,1011,27,43080,424,12,6109,25,62948,17938],"class_list":{"0":"post-507765","1":"post","2":"type-post","3":"status-publish","4":"format-standard","5":"has-post-thumbnail","7":"category-europe","8":"tag-actualites","9":"tag-eu","10":"tag-europe","11":"tag-fr","12":"tag-france","13":"tag-ideal","14":"tag-institution","15":"tag-news","16":"tag-newsletter-lundi","17":"tag-republique-francaise","18":"tag-technocrates","19":"tag-valeurs"},"share_on_mastodon":{"url":"https:\/\/pubeurope.com\/@fr\/115482872796970505","error":""},"_links":{"self":[{"href":"https:\/\/www.europesays.com\/fr\/wp-json\/wp\/v2\/posts\/507765","targetHints":{"allow":["GET"]}}],"collection":[{"href":"https:\/\/www.europesays.com\/fr\/wp-json\/wp\/v2\/posts"}],"about":[{"href":"https:\/\/www.europesays.com\/fr\/wp-json\/wp\/v2\/types\/post"}],"author":[{"embeddable":true,"href":"https:\/\/www.europesays.com\/fr\/wp-json\/wp\/v2\/users\/2"}],"replies":[{"embeddable":true,"href":"https:\/\/www.europesays.com\/fr\/wp-json\/wp\/v2\/comments?post=507765"}],"version-history":[{"count":0,"href":"https:\/\/www.europesays.com\/fr\/wp-json\/wp\/v2\/posts\/507765\/revisions"}],"wp:featuredmedia":[{"embeddable":true,"href":"https:\/\/www.europesays.com\/fr\/wp-json\/wp\/v2\/media\/83264"}],"wp:attachment":[{"href":"https:\/\/www.europesays.com\/fr\/wp-json\/wp\/v2\/media?parent=507765"}],"wp:term":[{"taxonomy":"category","embeddable":true,"href":"https:\/\/www.europesays.com\/fr\/wp-json\/wp\/v2\/categories?post=507765"},{"taxonomy":"post_tag","embeddable":true,"href":"https:\/\/www.europesays.com\/fr\/wp-json\/wp\/v2\/tags?post=507765"}],"curies":[{"name":"wp","href":"https:\/\/api.w.org\/{rel}","templated":true}]}}