{"id":507766,"date":"2025-11-03T00:12:20","date_gmt":"2025-11-03T00:12:20","guid":{"rendered":"https:\/\/www.europesays.com\/fr\/507766\/"},"modified":"2025-11-03T00:12:20","modified_gmt":"2025-11-03T00:12:20","slug":"directive-de-lue-durcissant-les-decouverts-bancaires-lue-et-le-capitalisme-detruisent-les-travailleurs-macron-et-les-fausses-oppositions-approuvent","status":"publish","type":"post","link":"https:\/\/www.europesays.com\/fr\/507766\/","title":{"rendered":"Directive de l\u2019UE durcissant les d\u00e9couverts bancaires\u00a0: L\u2019UE et le capitalisme d\u00e9truisent les travailleurs, Macron et les fausses oppositions approuvent\u00a0!"},"content":{"rendered":"<p><img fetchpriority=\"high\" decoding=\"async\" width=\"1920\" height=\"1080\" src=\"https:\/\/www.europesays.com\/fr\/wp-content\/uploads\/2025\/05\/20250125-exploitation-banquier-patron-ouvrier.jpeg\" alt=\"\" class=\"wp-image-209465\" style=\"width:571px;height:auto\"  \/><\/p>\n<p><strong>31 octobre 2025<\/strong> \u2013 <strong>Coup de tonnerre et coup de bambou pour les dizaines de millions de travailleurs aux fins de mois difficiles et jonglant d\u00e9j\u00e0 difficilement avec les d\u00e9couverts bancaires. La Directive europ\u00e9enne 2023\/2225 sur le cr\u00e9dit \u00e0 la consommation, transpos\u00e9e en France par une ordonnance entrant en vigueur le 20 novembre 2026, assimile les d\u00e9couverts bancaires inf\u00e9rieurs \u00e0 200 \u20ac ou d\u2019une dur\u00e9e inf\u00e9rieure \u00e0 un mois au cr\u00e9dit conso. Elle impose aux banques une analyse syst\u00e9matique de la solvabilit\u00e9 des clients avant accord, similaire \u00e0 celle pour un pr\u00eat, soit disant pour \u00e9viter le surendettement. En r\u00e9alit\u00e9, c\u2019est un durcissement de l\u2019acc\u00e8s aux d\u00e9couverts pour les m\u00e9nages modestes (22 % des Fran\u00e7ais en d\u00e9pendent fin de mois), avec des refus potentiels et une r\u00e9duction de la flexibilit\u00e9 bancaire et une hausse des frais de dossiers et des taux. Le r\u00e9sultat direct c\u2019est aggravation de la pr\u00e9carit\u00e9 financi\u00e8re en limitant les solutions d\u2019urgence, selon les banques et associations. Cette mesure r\u00e9sulte du soutien au gouvernement Barnier et au r\u00e9gime Macron apport\u00e9 durant tout l\u2019automne 2024 par le RN de Le Pen Berdella, ces derniers refusant de le censurer et lui accordant durant de longs mois sa confiance, ce qu\u2019ils ont \u00e9galement fait avec Bayrou.<\/strong><\/p>\n<p><strong>\u00ab\u00a0Prot\u00e9ger les consommateurs\u00a0\u00bb \u2026 ou attaquer les travailleurs\u00a0?<\/strong><\/p>\n<p><strong>C\u2019est une bombe \u00e0 retardement pour des millions de travailleurs<\/strong>. Comme le rapporte le HuffPost, \u00e0 partir du 20 novembre 2026, \u00ab\u00a0le d\u00e9couvert bancaire, aujourd\u2019hui consid\u00e9r\u00e9 comme un cr\u00e9dit avec des \u00ab\u00a0exigences diff\u00e9rentes\u00a0\u00bb, sera encadr\u00e9 par davantage de limites et de conditions d\u2019acc\u00e8s. Seules les nouvelles demandes devront se conformer \u00e0 ces nouvelles r\u00e8gles.\u00a0\u00bb Cette information a \u00e9t\u00e9 confirm\u00e9e par la Banque de France.<\/p>\n<p>\u00a0\u00a0\u00a0\u00a0\u00a0\u00a0\u00a0\u00a0\u00a0\u00a0\u00a0 Tr\u00e8s concr\u00e8tement, comme le pr\u00e9cise le HuffPost : \u00ab\u00a0le conseiller bancaire devra mieux pr\u00e9venir son client des risques en lui fournissant\u00a0\u00ab\u00a0une pr\u00e9sentation claire des co\u00fbts, du taux annuel effectif global (TAEG, soit le co\u00fbt r\u00e9el d\u2019un pr\u00eat avec les frais compris) et des conditions de remboursement\u00a0\u00bb, explique la Banque de France \u00e0 nos confr\u00e8res. En plus, le profil du client sera scrut\u00e9 \u00e0 la loupe. Pour chaque demande de d\u00e9couvert, la banque devra notamment\u00a0\u00ab\u00a0\u00e9valuer la solvabilit\u00e9 du client, afin de s\u2019assurer qu\u2019il est en mesure de la rembourser\u00a0\u00bb. <strong>Si l\u2019\u00e9tude de la banque sera l\u00e9g\u00e8re pour des montants de d\u00e9couvert en dessous de 200\u00a0euros, elle sera bien plus fouill\u00e9e \u00ab\u00a0d\u00e8s 201\u00a0euros\u00a0\u00bb<\/strong>. \u00ab\u00a0La banque devra produire des justificatifs lors des contr\u00f4les\u00a0\u00bb, explique J\u00e9r\u00f4me Lasserre Capdeville, ma\u00eetre de conf\u00e9rences \u00e0 l\u2019Universit\u00e9 de Strasbourg, \u00e0 Money Vox. L\u2019objectif\u00a0affich\u00e9\u00a0: prot\u00e9ger les clients d\u2019emprunts trop cons\u00e9quents.\u00a0\u00bb Ce qui semble a priori un objectif louable cache une r\u00e9alit\u00e9 que r\u00e9sume Jean-Luc M\u00e9lenchon\u00a0: \u00ab 22\u00a0% des Fran\u00e7ais survivent \u00e0 partir du 16 du mois gr\u00e2ce au d\u00e9couvert autoris\u00e9. Cette privation a \u00e9t\u00e9 impos\u00e9e par l\u2019Europe. Macron s\u2019est couch\u00e9.\u00a0\u00bb<\/p>\n<p><strong>Il s\u2019agit donc d\u2019une nouvelle attaque de l\u2019UE du Capital qui strangule les travailleurs modestes<\/strong>, contraints \u00e0 recourir \u00e0 un d\u00e9couvert pour pallier les salaires de mis\u00e8re et le ch\u00f4mage. Et qui a \u00e9t\u00e9 transpos\u00e9e dans la loi \u00ab\u00a0n\u00b0 2025-391 du 30 avril 2025 portant diverses dispositions d\u2019adaptation au droit de l\u2019Union europ\u00e9enne en mati\u00e8re \u00e9conomique, financi\u00e8re, environnementale, \u00e9nerg\u00e9tique, de transport, de sant\u00e9 et de circulation des personnes\u00a0\u00bb. Loi adopt\u00e9e d\u00e8s le 2 avril 2025 par l\u2019Assembl\u00e9e nationale par 63 voix contre 42 et 54 abstentions (soit 159 voix exprim\u00e9es sur 577 d\u00e9put\u00e9s\u00a0: soit un peu plus de 20% des d\u00e9put\u00e9s de la Nation\u00a0!), promulgu\u00e9e le 30 avril et inscrit au Journal officiel le 2 mai.<\/p>\n<p>Et pour appliquer la loi, le Conseil des ministres a adopt\u00e9 le 3 septembre dernier, comme le pr\u00e9voit la loi, une ordonnance visant \u00e0 appliquer la loi. Comme le rapporte le HuffPost : \u00ab\u00a0Le ministre de l\u2019\u00c9conomie de l\u2019\u00e9poque est alors \u00c9ric Lombard et il insiste dans sa pr\u00e9sentation en Conseil des ministres sur le fait que \u00ab la directive laisse (\u2026) peu d\u2019options aux Etats-membres au stade de la transposition.\u00a0\u00bb\u00a0\u00bb Ultime \u00ab\u00a0cadeau\u00a0\u00bb du gouvernement Bayrou avant d\u2019\u00eatre renvers\u00e9 cinq jours plus tard\u2026<\/p>\n<p><strong>Macron et les fausses \u00ab\u00a0oppositions\u00a0\u00bb\u00a0: la capitulation\u00a0!<\/strong><\/p>\n<p><img loading=\"lazy\" decoding=\"async\" width=\"1920\" height=\"1080\" src=\"https:\/\/www.europesays.com\/fr\/wp-content\/uploads\/2025\/11\/macron-Von-der-leyen-faure-hollande.jpeg\" alt=\"\" class=\"wp-image-214007\" style=\"width:333px;height:auto\"  \/><\/p>\n<p><strong>Il serait cependant trop facile de taper sur la seule Macronie<\/strong>, VRP de \u00ab\u00a0l\u2019Etat f\u00e9d\u00e9ral europ\u00e9en\u00a0\u00bb qui transpose les directives de l\u2019UE \u00e0 tour de bras (et en m\u00e9langeant des tas de directives dans une seule loi\u2026), dans cette affaire comme le montre <strong>l\u2019analyse du scrutin \u00e0 l\u2019Assembl\u00e9e nationale<\/strong>[1]. Et pour commencer, comment se fait-il que si peu de d\u00e9put\u00e9s, des dites \u00ab\u00a0oppositions\u00a0\u00bb \u00e9taient pr\u00e9sents le jour du scrutin\u00a0? 37 d\u00e9put\u00e9s sur 123 (soit 30% des d\u00e9put\u00e9s) pour la fausse \u00ab\u00a0opposition\u00a0\u00bb du Rassemblement lep\u00e9niste\u00a0; 24 sur 71 (un tiers) pour LFI\u00a0; 12 sur 66 (moins de 20%) pour les \u00ab\u00a0socialistes\u00a0\u00bb\u00a0; 3 sur 17 (un sixi\u00e8me) pour la \u00ab\u00a0Gauche d\u00e9mocrate et r\u00e9publicaine\u00a0\u00bb, avec deux d\u00e9put\u00e9s PCF sur huit (25%). Dr\u00f4le de fa\u00e7on de faire tomber un texte sc\u00e9l\u00e9rat pour les travailleurs. Et encore plus s\u2019agissant du faussaire\u00a0\u00ab\u00a0RN\u00a0\u00bb et des \u00ab\u00a0socialistes\u00a0\u00bb qui se sont abstenus\u00a0!<\/p>\n<p><img loading=\"lazy\" decoding=\"async\" width=\"1200\" height=\"771\" src=\"https:\/\/www.europesays.com\/fr\/wp-content\/uploads\/2025\/11\/Trump-Von-Der-Leyen-Macron-Le-Pen-Bardella.jpeg\" alt=\"\" class=\"wp-image-212997\" style=\"width:470px;height:auto\"  \/><\/p>\n<p><strong>Cela rend encore plus savoureux les r\u00e9actions des pseudo \u00ab\u00a0opposants\u00a0\u00bb \u00e0 Macron<\/strong>\u00a0: entendre Laurent Wauquiez s\u2019offusquer que \u00ab L\u2019Union europ\u00e9enne ne trouve rien de mieux \u00e0 faire que d\u2019interdire les d\u00e9couverts bancaires automatiques\u00a0\u00bb ne manque pas d\u2019air lorsque l\u2019on sait que les huit d\u00e9put\u00e9s LR (sur 47) ont APPROUVE le texte le 2 avril dernier\u2026 et que le groupe LR \u2013 \u00e0 commencer par Fran\u00e7ois-Xavier Bellamy, chef du groupe LR \u2013 a adopt\u00e9 le 12 septembre 2023 la directive europ\u00e9enne au pr\u00e9tendu \u00ab\u00a0Parlement europ\u00e9en\u00a0\u00bb. Il en est de m\u00eame pour le faussaire Bardella qui, apr\u00e8s avoir initialement vot\u00e9 contre le texte, a finalement APPROUVE la funeste directive. Ne parlons pas des dits \u00ab\u00a0socialistes\u00a0\u00bb \u2026 mais \u00e9voquons le cas de LFI.<\/p>\n<p><strong>Le double\/trouble jeu de la direction de LFI<\/strong><\/p>\n<p>Jean-Luc M\u00e9lenchon peut temp\u00eater \u2013 \u00e0 raison \u2013 contre cette inf\u00e2me directive, il ne pourra cacher <strong>le vote de l\u2019euro-atlantique Manon Aubry qui a APPROUVE la directive<\/strong>. Cette derni\u00e8re s\u2019en est \u00ab\u00a0expliqu\u00e9e\u00a0\u00bb sur son site personnel le 21 septembre 2023\u00a0: \u00ab\u00a0Cet accord vise \u00e0 approuver l\u2019accord de trilogue sur la modification de la directive sur le cr\u00e9dit \u00e0 la consommation. Elle int\u00e8gre un droit \u00e0 l\u2019oubli pour les anciennes victimes de cancer demandant un cr\u00e9dit, un encadrement de la publicit\u00e9 pour \u00eatre transparent sur les conditions de cr\u00e9dit, un renforcement des obligations en mati\u00e8re d\u2019\u00e9valuation de la solvabilit\u00e9 des demandeurs, et une possibilit\u00e9 de r\u00e9tractation et de remboursement anticip\u00e9. J\u2019ai donc vot\u00e9 pour ce texte qui va dans le sens d\u2019une meilleure protection des consommateurs.\u00a0\u00bb[2]\u00a0Pas un mot en revanche sur les d\u00e9couverts bancaires\u2026<\/p>\n<p>A lire : <a href=\"https:\/\/www.initiative-communiste.fr\/articles\/europe-capital\/jean-luc-melenchon-budget-dausterite-union-europeenne-ou-budget-de-progres-pour-la-france-des-travailleurs-frexit-cest-lheure-du-choix\/\" rel=\"nofollow noopener\" target=\"_blank\">Jean-Luc M\u00e9lenchon, budget d\u2019aust\u00e9rit\u00e9 &amp; Union europ\u00e9enne, ou budget de progr\u00e8s pour la France des travailleurs &amp; Frexit, c\u2019est l\u2019heure du choix !<\/a><\/p>\n<p><strong>Mais faut-il \u00eatre encore surpris de la duplicit\u00e9 de la direction de LFI<\/strong>\u00a0qui, c\u00f4t\u00e9 pile, temp\u00eate contre la Macronie, et qui, c\u00f4t\u00e9 face, participe \u00e0 l\u2019essor de la vague r\u00e9actionnaire ambiante\u00a0? C\u2019est en tout cas \u00e9vident pour Manon Aubry qui, p\u00eale-m\u00eale\u00a0:<\/p>\n<\/p>\n<ul class=\"wp-block-list\">\n<li>Tombe dans les bras d\u2019Ursula von der Leyen en juillet 2024 apr\u00e8s que celle-ci a \u00e9t\u00e9 de nouveau nomm\u00e9e pr\u00e9sidente de la Commission europ\u00e9enne, pr\u00e9textant un \u00ab\u00a0geste r\u00e9publicain et institutionnel\u00a0\u00bb (comme si l\u2019UE du Capital \u00e9tait une \u00ab\u00a0R\u00e9publique\u00a0\u00bb\u00a0!)\u00a0;<\/li>\n<li>Affirme en avril 2024 qu\u2019en cas d\u2019attaque (fantasm\u00e9e) de la Russie contre un pays membre de l\u2019OTAN, \u00ab\u00a0il faudra faire preuve de solidarit\u00e9\u00a0\u00bb ;<\/li>\n<li>Explique en mai 2025 que \u00ab\u00a0l\u2019Union europ\u00e9enne doit reprendre son r\u00f4le\u00a0\u00bb dans le cadre d\u2019un soutien au r\u00e9gime pronazi de Kiev, apr\u00e8s avoir d\u00e9clar\u00e9 en \u00ab\u00a0avoir marre\u00a0\u00bb que LFI soit fustig\u00e9e pour son \u00ab\u00a0manque de soutien\u00a0\u00bb \u00e0 l\u2019Ukraine, appelant \u00e0 une \u00ab\u00a0une aide financi\u00e8re, militaire, logistique [\u00e0 l\u2019Ukraine]\u00a0\u00bb et rappelant qu\u2019elle a vot\u00e9\u2026 32 textes de soutien \u00e0 l\u2019Ukraine audit \u00ab\u00a0Parlement europ\u00e9en\u00a0\u00bb. Ou au pire s\u2019abstient comme sur la \u00ab\u00a0r\u00e9solution du Parlement europ\u00e9en du 19 septembre 2024 sur la p\u00e9rennit\u00e9 du soutien financier et militaire apport\u00e9 \u00e0 l\u2019Ukraine par les \u00c9tats membres de l\u2019Union\u00a0\u00bb<\/li>\n<li>Vote l\u2019inf\u00e2me r\u00e9solution du Parlement europ\u00e9en du 15 d\u00e9cembre 2022, affirmant qu\u2019il faut \u00ab\u00a0qualifier l\u2019extermination par la faim [en Ukraine en 1932-1933] de g\u00e9nocide\u00a0\u00bb, et que \u00ab\u00a0la guerre d\u2019agression men\u00e9e actuellement par la Russie contre l\u2019Ukraine, la destruction de ses infrastructures \u00e9nerg\u00e9tiques et agricoles, le blocage de l\u2019exportation de c\u00e9r\u00e9ales ukrainiennes et le vol de millions de tonnes de c\u00e9r\u00e9ales par la Russie ont refait na\u00eetre les craintes d\u2019une famine artificielle \u00e0 grande \u00e9chelle, en particulier dans le Sud, qui d\u00e9pend des c\u00e9r\u00e9ales ukrainiennes \u00e0 bas co\u00fbt\u00a0\u00bb. \u00ab\u00a0G\u00e9nocide\u00a0\u00bb en Ukraine, mais pas \u00e0 Gaza pour le pr\u00e9tendu \u00ab\u00a0Parlement europ\u00e9en\u00a0\u00bb \u2026<\/li>\n<li>Rend un hommage dithyrambique \u00e0\u2026 Robert Schuman, qui a vot\u00e9 les pleins pouvoirs au mar\u00e9chal P\u00e9tain (!), le 9 mai 2020 en d\u00e9clarant\u00a0: \u00ab\u00a0Il y a 70 ans Schuman construisait l\u2019Europe sur la solidarit\u00e9 de fait, aujourd\u2019hui s\u00e9rieusement remise en question, remplac\u00e9e par la concurrence, le libre-\u00e9change et l\u2019aust\u00e9rit\u00e9.\u00a0\u00bb<\/li>\n<\/ul>\n<p><strong>La vraie Alternative\u00a0: Rouge et Tricolore<\/strong>. <strong>La seule solution\u00a0: Frexit progressiste\u00a0!<\/strong><\/p>\n<p>Naturellement, \u00e0 l\u2019approche des \u00e9ch\u00e9ances \u00e9lectoral(ist)es et dans un contexte de totale d\u00e9l\u00e9gitimation de Macron \u2013 dont au moins 60% des Fran\u00e7ais souhaitent la d\u00e9mission, y compris \u00e0 pr\u00e9sent le tr\u00e8s r\u00e9actionnaire Retailleau \u2013, les dites \u00ab\u00a0oppositions\u00a0\u00bb ont beau jeu de se pr\u00e9senter en \u00ab\u00a0d\u00e9fenseurs des Fran\u00e7ais\u00a0\u00bb. L\u2019\u00e9tude des faits ne ment cependant pas et cette transformation majeure lourde de cons\u00e9quences pour des millions de travailleurs pr\u00e9caires r\u00e9v\u00e8le trois v\u00e9rit\u00e9s que ne cesse d\u2019\u00e9noncer le P\u00f4le de Renaissance communiste en France (PRCF) depuis des ann\u00e9es\u00a0:<\/p>\n<p><img loading=\"lazy\" decoding=\"async\" width=\"1686\" height=\"1200\" src=\"https:\/\/www.europesays.com\/fr\/wp-content\/uploads\/2025\/11\/affiche-UE-guerre-fascisme-1686x1200.jpeg\" alt=\"\" class=\"wp-image-213356\" style=\"width:636px;height:auto\"  \/><\/p>\n<ol start=\"1\" class=\"wp-block-list\">\n<li><strong>Le capitalisme d\u00e9truit progressivement les travailleurs<\/strong>. Car s\u2019il est scandaleux que des millions de travailleurs soient bient\u00f4t, dans les faits, interdits de d\u00e9couvert bancaire, <strong>il est encore plus inacceptable que les travailleurs ne puissent vivre dignement des revenus de leur travail<\/strong>\u00a0et soient contraints de se retrouver \u00e0 d\u00e9couvert. Soit la logique m\u00eame du capitalisme pour asservir totalement les travailleurs, confront\u00e9s \u00e0 l\u2019inflation exponentielle et \u00e0 la compression des salaires au profit de\u2026 l\u2019\u00e9conomie de guerre.<\/li>\n<\/ol>\n<ol start=\"2\" class=\"wp-block-list\">\n<li><strong>L\u2019UE est une dictature capitaliste, dont les directives aust\u00e9ritaires doivent s\u2019appliquer OBLIGATOIREMENT et dont il est VITAL ET URGENT de sortir <\/strong>; au lieu de faire croire qu\u2019il est possible de la \u00ab\u00a0r\u00e9former\u00a0\u00bb ou de lui \u00ab\u00a0d\u00e9sob\u00e9ir\u00a0\u00bb comme le font croire les \u00ab\u00a0euro-gauches\u00a0\u00bb, \u00e0 commencer par l\u2019ensemble des forces composant le \u00ab\u00a0Nouveau Front populaire\u00a0\u00bb (NFP) \u2013 dont le programme n\u2019\u00e9voque m\u00eame pas l\u2019euro, le FMI, la Banque centrale europ\u00e9enne, etc.<\/li>\n<\/ol>\n<ol start=\"3\" class=\"wp-block-list\">\n<li><strong>Les pr\u00e9tendues \u00ab\u00a0oppositions\u00a0\u00bb sont en r\u00e9alit\u00e9 au service de l\u2019ordre euro-atlantique, et d\u00e9j\u00e0 les LR et le RN et ses satellites<\/strong>\u00a0qui ont pr\u00eat\u00e9 serment au MEDEF \u2013 Jordan Bardella n\u2019a-t-il pas promis un plan de 100 milliards d\u2019euros d\u2019\u00e9conomies (soit deux fois que la Macronie\u00a0!) pour complaire au grand patronat\u00a0? \u2013, \u00e0 l\u2019UE du Capital, \u00e0 l\u2019OTAN et aux institutions financi\u00e8res internationales (FMI, Banque mondiale, OMC\u2026). Et que dire du d\u00e9funt NFP\u2026<\/li>\n<\/ol>\n<p><strong>Assez des mensonges des droites, des compromissions des socialistes et de la duplicit\u00e9 de la direction de LFI et, dans bien d\u2019autres domaines, du PCF\u00a0!<\/strong><\/p>\n<p><strong>Une seule v\u00e9ritable alternative s\u2019impose \u00e0 l\u2019heure o\u00f9 la Macronie est discr\u00e9dit\u00e9e et la \u00ab\u00a0Ve\u00a0R\u00e9publique\u00a0\u00bb au bout du rouleau\u00a0: Rouge et Tricolore\u00a0!<\/strong><\/p>\n<p><strong>Une Alternative mobilisant les travailleurs, les forces v\u00e9ritablement\u00a0communistes, insoumises, patriotiques et r\u00e9publicaines (donc antifascistes et anti-europ\u00e9istes) et populaires (syndicalistes de combat, gilets jaunes et travailleurs) dans un grand Front dont la seule ligne politique possible est la sortie de l\u2019euro, de l\u2019UE, de l\u2019OTAN ET du capitalisme exterministe, et d\u00e9j\u00e0 pour les travailleurs bient\u00f4t interdits de vivre en France<\/strong>.<\/p>\n<ul class=\"wp-block-list\">\n<li><strong>Par Martin Bonnefoi, responsable de la commission Economie du PRCF<\/strong><\/li>\n<li><strong>Georges Gastaud, responsable du secteur Id\u00e9ologie du PRCF<\/strong><\/li>\n<li><strong>Thomas Remmery, responsable de la commission Luttes du PRCF<\/strong><\/li>\n<li><strong>Fadi Kassem, secr\u00e9taire national du PRCF<\/strong><\/li>\n<\/ul>\n<p>[1]https:\/\/www.assemblee-nationale.fr\/dyn\/17\/scrutins\/1203<\/p>\n<p>[2]https:\/\/manonaubry.eu\/mes-combats\/vote\/credits-aux-consommateurs<\/p>\n","protected":false},"excerpt":{"rendered":"31 octobre 2025 \u2013 Coup de tonnerre et coup de bambou pour les dizaines de millions de travailleurs&hellip;\n","protected":false},"author":2,"featured_media":507767,"comment_status":"","ping_status":"","sticky":false,"template":"","format":"standard","meta":{"footnotes":""},"categories":[1586],"tags":[11,523,62949,1777,674,1779,12865,1011,27,7998,40435,27012,12,25,1778,364],"class_list":{"0":"post-507766","1":"post","2":"type-post","3":"status-publish","4":"format-standard","5":"has-post-thumbnail","7":"category-europe","8":"tag-actualites","9":"tag-banque","10":"tag-directives-europeennes","11":"tag-eu","12":"tag-europe","13":"tag-european-union","14":"tag-fadi-kassem","15":"tag-fr","16":"tag-france","17":"tag-lutte","18":"tag-lutte-des-classes","19":"tag-manon-aubry","20":"tag-news","21":"tag-republique-francaise","22":"tag-ue","23":"tag-union-europeenne"},"share_on_mastodon":{"url":"https:\/\/pubeurope.com\/@fr\/115482876225327039","error":""},"_links":{"self":[{"href":"https:\/\/www.europesays.com\/fr\/wp-json\/wp\/v2\/posts\/507766","targetHints":{"allow":["GET"]}}],"collection":[{"href":"https:\/\/www.europesays.com\/fr\/wp-json\/wp\/v2\/posts"}],"about":[{"href":"https:\/\/www.europesays.com\/fr\/wp-json\/wp\/v2\/types\/post"}],"author":[{"embeddable":true,"href":"https:\/\/www.europesays.com\/fr\/wp-json\/wp\/v2\/users\/2"}],"replies":[{"embeddable":true,"href":"https:\/\/www.europesays.com\/fr\/wp-json\/wp\/v2\/comments?post=507766"}],"version-history":[{"count":0,"href":"https:\/\/www.europesays.com\/fr\/wp-json\/wp\/v2\/posts\/507766\/revisions"}],"wp:featuredmedia":[{"embeddable":true,"href":"https:\/\/www.europesays.com\/fr\/wp-json\/wp\/v2\/media\/507767"}],"wp:attachment":[{"href":"https:\/\/www.europesays.com\/fr\/wp-json\/wp\/v2\/media?parent=507766"}],"wp:term":[{"taxonomy":"category","embeddable":true,"href":"https:\/\/www.europesays.com\/fr\/wp-json\/wp\/v2\/categories?post=507766"},{"taxonomy":"post_tag","embeddable":true,"href":"https:\/\/www.europesays.com\/fr\/wp-json\/wp\/v2\/tags?post=507766"}],"curies":[{"name":"wp","href":"https:\/\/api.w.org\/{rel}","templated":true}]}}