{"id":507779,"date":"2025-11-03T00:19:24","date_gmt":"2025-11-03T00:19:24","guid":{"rendered":"https:\/\/www.europesays.com\/fr\/507779\/"},"modified":"2025-11-03T00:19:24","modified_gmt":"2025-11-03T00:19:24","slug":"wta-finals-sabalenka-demarre-par-un-succes-contre-paolini-sports","status":"publish","type":"post","link":"https:\/\/www.europesays.com\/fr\/507779\/","title":{"rendered":"WTA Finals : Sabalenka d\u00e9marre par un succ\u00e8s contre Paolini : Sports"},"content":{"rendered":"<p class=\"date\">\n                                                            Mathieu Warnier, Media365, publi\u00e9 le dimanche 02 novembre 2025 \u00e0 16h45\n                                                    <\/p>\n<p>Aryna Sabalenka a lanc\u00e9 son parcours dans les WTA Finals par une victoire en deux manches s\u00e8ches face \u00e0 Jasmine Paolini, qui n&rsquo;\u00e9tait pas dans sa meilleure forme pour cette rencontre.<\/p>\n<p>Aryna Sabalenka est lanc\u00e9e \u00e0 Riyad. En qu\u00eate d&rsquo;un premier titre aux WTA Finals trois ans apr\u00e8s sa d\u00e9faite en finale contre Caroline Garcia, la num\u00e9ro 1 mondiale a su se d\u00e9faite de Jasmine Paolini pour son entr\u00e9e en lice dans le dernier rendez-vous de la saison. Face \u00e0 une adversaire qui n&rsquo;\u00e9tait pas au meilleur de sa forme apr\u00e8s avoir \u00e9t\u00e9 malade en d\u00e9but de semaine, la Bi\u00e9lorusse a d\u00e9marr\u00e9 tambour battant. Ainsi, apr\u00e8s avoir \u00e9t\u00e9 accroch\u00e9e sur son premier jeu de service, elle a tout de suite trouv\u00e9 la faille sur celui de la Transalpine avant de confirmer pour mener trois jeux \u00e0 rien. A l&rsquo;orgueil, Jasmine Paolini a d&rsquo;abord tenu t\u00eate \u00e0 Aryna Sabalenka.<\/p>\n<p>Paolini a essay\u00e9 de r\u00e9sister<\/p>\n<p>Elle a ensuite su profiter des errements de cette derni\u00e8re pour effacer son break de retard \u00e0 l&rsquo;issue du septi\u00e8me jeu. Une alerte \u00e0 laquelle la native de Minsk a imm\u00e9diatement r\u00e9pondu. Poussant la num\u00e9ro 8 mondiale \u00e0 la faute, elle a repris la main au tableau d&rsquo;affichage avant de conclure cette premi\u00e8re manche \u00e0 la deuxi\u00e8me occasion au bout de 36 minutes. Sur sa lanc\u00e9e et face \u00e0 une adversaire qui a visiblement baiss\u00e9 de pied, Aryna Sabalenka a mis un grand coup d&rsquo;acc\u00e9l\u00e9rateur. Non sans sauver deux balles de d\u00e9break entre-temps, la num\u00e9ro 1 mondiale a pris deux fois de suite le service de Jasmine Paolini sur trois balles de break obtenues.<\/p>\n<p>Sabalenka assure l&rsquo;essentiel<\/p>\n<p>Le r\u00e9sultat a \u00e9t\u00e9 un score de quatre jeux \u00e0 rien pour la Bi\u00e9lorusse de mani\u00e8re tr\u00e8s rapide. Si la Transalpine a alors trouv\u00e9 les ressources pour d\u00e9bloquer son compteur, cela ne lui aura servi qu&rsquo;\u00e0 sauver l&rsquo;honneur. Apr\u00e8s avoir \u00e0 son tour remport\u00e9 son service, Aryna Sabalenka a mis Jasmine Paolini pour la faire craquer. Sur une derni\u00e8re attaque de coup droit gagnante, la patronne du circuit WTA a scell\u00e9 le sort de cette rencontre (6-3, 6-1 en 1h10&prime;). Elle aura ainsi l&rsquo;opportunit\u00e9 de faire un grand pas vers le dernier carr\u00e9 d\u00e8s ce mardi contre la gagnante de l&rsquo;autre match comptant pour ce groupe Steffi Graf opposant Jessica Pegula \u00e0 Coco Gauff.<\/p>\n","protected":false},"excerpt":{"rendered":"Mathieu Warnier, Media365, publi\u00e9 le dimanche 02 novembre 2025 \u00e0 16h45 Aryna Sabalenka a lanc\u00e9 son parcours dans&hellip;\n","protected":false},"author":2,"featured_media":507780,"comment_status":"","ping_status":"","sticky":false,"template":"","format":"standard","meta":{"footnotes":""},"categories":[1415],"tags":[1011,27,60,1467],"class_list":{"0":"post-507779","1":"post","2":"type-post","3":"status-publish","4":"format-standard","5":"has-post-thumbnail","7":"category-tennis","8":"tag-fr","9":"tag-france","10":"tag-sports","11":"tag-tennis"},"share_on_mastodon":{"url":"https:\/\/pubeurope.com\/@fr\/115482903357726611","error":""},"_links":{"self":[{"href":"https:\/\/www.europesays.com\/fr\/wp-json\/wp\/v2\/posts\/507779","targetHints":{"allow":["GET"]}}],"collection":[{"href":"https:\/\/www.europesays.com\/fr\/wp-json\/wp\/v2\/posts"}],"about":[{"href":"https:\/\/www.europesays.com\/fr\/wp-json\/wp\/v2\/types\/post"}],"author":[{"embeddable":true,"href":"https:\/\/www.europesays.com\/fr\/wp-json\/wp\/v2\/users\/2"}],"replies":[{"embeddable":true,"href":"https:\/\/www.europesays.com\/fr\/wp-json\/wp\/v2\/comments?post=507779"}],"version-history":[{"count":0,"href":"https:\/\/www.europesays.com\/fr\/wp-json\/wp\/v2\/posts\/507779\/revisions"}],"wp:featuredmedia":[{"embeddable":true,"href":"https:\/\/www.europesays.com\/fr\/wp-json\/wp\/v2\/media\/507780"}],"wp:attachment":[{"href":"https:\/\/www.europesays.com\/fr\/wp-json\/wp\/v2\/media?parent=507779"}],"wp:term":[{"taxonomy":"category","embeddable":true,"href":"https:\/\/www.europesays.com\/fr\/wp-json\/wp\/v2\/categories?post=507779"},{"taxonomy":"post_tag","embeddable":true,"href":"https:\/\/www.europesays.com\/fr\/wp-json\/wp\/v2\/tags?post=507779"}],"curies":[{"name":"wp","href":"https:\/\/api.w.org\/{rel}","templated":true}]}}