{"id":507784,"date":"2025-11-03T00:25:14","date_gmt":"2025-11-03T00:25:14","guid":{"rendered":"https:\/\/www.europesays.com\/fr\/507784\/"},"modified":"2025-11-03T00:25:14","modified_gmt":"2025-11-03T00:25:14","slug":"michel-sardou-reagit-a-lutilisation-des-lacs-du-connemara-dans-les-meetings-du-rn","status":"publish","type":"post","link":"https:\/\/www.europesays.com\/fr\/507784\/","title":{"rendered":"Michel Sardou r\u00e9agit \u00e0 l&rsquo;utilisation des \u00ab\u00a0Lacs du Connemara\u00a0\u00bb dans les meetings du RN"},"content":{"rendered":"<ul class=\"jsx-862013697 ArticleChapo__List\">\n<li class=\"jsx-862013697 ArticleChapo__List_Item flex\">Dans \u00ab\u00a0Sept \u00e0 huit\u00a0\u00bb sur TF1, Michel Sardou est interrog\u00e9 sur l&rsquo;utilisation de sa chanson culte par le Rassemblement national.<\/li>\n<li class=\"jsx-862013697 ArticleChapo__List_Item flex\">Il dit ne pas avoir donn\u00e9 son autorisation et assure ne pas \u00eatre r\u00e9cup\u00e9r\u00e9, tout en livrant un regard inquiet sur le m\u00e9contentement ambiant.<\/li>\n<li class=\"jsx-862013697 ArticleChapo__List_Item flex\">Le chanteur recevait Audrey Crespo-Mara dans sa maison de Bormes-les-Mimosas (Var).<\/li>\n<\/ul>\n<p><a href=\"https:\/\/www.tf1info.fr\/emissions\/tf1\/sept-a-huit-10825\/\" rel=\"noopener\" class=\"jsx-484472199 Link jsx-1428418400 jsx-640816507\" target=\"_blank\"><\/p>\n<p style=\"font-weight:400\" class=\"jsx-1837267516\">Suivez la couverture compl\u00e8te<\/p>\n<p style=\"font-weight:800\" class=\"jsx-1837267516\">Sept \u00e0 huit<\/p>\n<p><\/a><\/p>\n<p data-module=\"article-paragraph\" class=\"jsx-3046738180 Paragraph Paragraph__End\">C&rsquo;est une chanson qui accompagne nos mariages, soir\u00e9es et d\u00e9sormais&#8230; les meetings du Rassemblement national. Les lacs du Connemara, chant\u00e9e il y a de cela plus de quarante ans par Michel Sardou, a \u00e9t\u00e9 reprise de nouveau en septembre dernier, en ouverture des rassemblements du parti \u00e0 la flamme. Une situation dont n&rsquo;avait aucune id\u00e9e Michel Sardou, qui s&rsquo;est confi\u00e9 dans \u00ab\u00a0Sept \u00e0 huit\u00a0\u00bb. \u00ab\u00a0Je ne savais pas\u00a0\u00bb, assure-t-il \u00e0 Audrey Crespo-Mara dans la vid\u00e9o visible en t\u00eate d&rsquo;article, assurant par que Marine Le Pen ne lui a \u00ab\u00a0pas demand\u00e9\u00a0\u00bb.<\/p>\n<p>Une r\u00e9cup\u00e9ration ?<\/p>\n<p data-module=\"article-paragraph\" class=\"jsx-3046738180 Paragraph Paragraph__End\">De quoi donner l&rsquo;impression pour beaucoup de voir le chanteur, qui n&rsquo;a jamais cach\u00e9 son engagement \u00e0 droite, d&rsquo;\u00eatre utilis\u00e9 par le parti de la derni\u00e8re finaliste de l&rsquo;\u00e9lection pr\u00e9sidentielle. \u00ab\u00a0Je ne suis pas r\u00e9cup\u00e9r\u00e9, quel que soit le parti, assure-t-il. Si j&rsquo;\u00e9tais r\u00e9cup\u00e9r\u00e9, je dirais &lsquo;votez untel ou untel&rsquo;.\u00a0\u00bb\u00a0<\/p>\n<blockquote class=\"jsx-2786790838 Quote__Text\"><p>Tout le monde est m\u00e9content.<\/p><\/blockquote>\n<p>Michel Sardou<\/p>\n<p data-module=\"article-paragraph\" class=\"jsx-3046738180 Paragraph Paragraph__End\">\u00ab\u00a0Je l&rsquo;ai fait pour Chirac, oui. Parce que je l&rsquo;aimais beaucoup. Je l&rsquo;ai fait pour Sarkozy, parce que j&rsquo;y croyais, (mais) pas pour les extr\u00eames\u00a0\u00bb, nuance le chanteur de 78 ans. Car s&rsquo;il reconna\u00eet que Marine Le Pen \u00ab\u00a0pla\u00eet beaucoup au peuple\u00a0\u00bb, il ne m\u00e2che pas ses mots contre elle. \u00ab\u00a0Elle dit beaucoup de conneries\u00a0\u00bb, tranche celui qui se revendique \u00ab\u00a0gaulliste\u00a0\u00bb.<\/p>\n<p><a href=\"https:\/\/www.tf1info.fr\/politique\/en-direct-streaming-video-marine-le-pen-invitee-emission-objectif-2027-sur-lci-2396887.html\" rel=\"noopener\" class=\"jsx-3308031228 Link flex\" target=\"_blank\"><img decoding=\"async\" src=\"https:\/\/www.europesays.com\/fr\/wp-content\/uploads\/2025\/11\/marine-le-pen-lci-25092025-aj-4fceda-0@1x.jpeg\" alt=\"LCI\" loading=\"lazy\" importance=\"low\" fetchpriority=\"low\" class=\"\" aria-hidden=\"true\"\/><\/p>\n<p class=\"jsx-3657663356 ReadMoreArticle__Title\">Lire aussi<\/p>\n<p class=\"jsx-3657663356\">\u00ab\u00a0Objectif 2027\u00a0\u00bb : censure, budget, pr\u00e9sidentielle&#8230; Les temps forts de Marine Le Pen sur LCI<\/p>\n<p><\/a><\/p>\n<p data-module=\"article-paragraph\" class=\"jsx-3046738180 Paragraph\">Cet entretien est aussi l&rsquo;occasion pour Michel Sardou de revenir sur la situation politique du pays. \u00ab\u00a0Je vois \u00e0 la t\u00e9l\u00e9, tout le monde est m\u00e9content de tout. Un coup c&rsquo;est les taxis, un coup c&rsquo;est les agriculteurs, un coup c&rsquo;est les m\u00e9decins, un coup c&rsquo;est les infirmi\u00e8res, un coup c&rsquo;est les artistes\u00a0\u00bb, \u00e9num\u00e8re-t-il. Une col\u00e8re qui pourrait, pour lui, mener \u00e0 un danger politique. \u00ab\u00a0Malheureusement, si on continue \u00e0 \u00eatre m\u00e9content comme \u00e7a, on accouchera d&rsquo;un extr\u00eame\u00a0\u00bb.<\/p>\n<p data-module=\"article-paragraph\" class=\"jsx-3046738180 Paragraph Paragraph__End\"><strong>Retrouvez l&rsquo;int\u00e9gralit\u00e9 de l&rsquo;entretien de Michel Sardou avec Audrey Crespo-Mara dans la vid\u00e9o en t\u00eate de cet article<\/strong>.<\/p>\n<p>La r\u00e9daction de TF1info | Propos recueillis par Audrey Crespo-Mara<\/p>\n","protected":false},"excerpt":{"rendered":"Dans \u00ab\u00a0Sept \u00e0 huit\u00a0\u00bb sur TF1, Michel Sardou est interrog\u00e9 sur l&rsquo;utilisation de sa chanson culte par le&hellip;\n","protected":false},"author":2,"featured_media":507785,"comment_status":"","ping_status":"","sticky":false,"template":"","format":"standard","meta":{"footnotes":""},"categories":[1359],"tags":[1111,11,1921,17979,58,59,1011,27,1922,3095,1077,430,500,2041,30040,873,3091,973,1078,17978,133,2040],"class_list":{"0":"post-507784","1":"post","2":"type-post","3":"status-publish","4":"format-standard","5":"has-post-thumbnail","7":"category-people","8":"tag-actu","9":"tag-actualites","10":"tag-article-video","11":"tag-audrey-crespo-mara","12":"tag-divertissement","13":"tag-entertainment","14":"tag-fr","15":"tag-france","16":"tag-info","17":"tag-jacques-chirac","18":"tag-jordan-bardella","19":"tag-marine-le-pen","20":"tag-medias","21":"tag-medias-et-divertissement","22":"tag-michel-sardou","23":"tag-musique","24":"tag-nicolas-sarkozy","25":"tag-people","26":"tag-rassemblement-national","27":"tag-sept-a-huit","28":"tag-video","29":"tag-video-culture"},"share_on_mastodon":{"url":"https:\/\/pubeurope.com\/@fr\/115482927707534590","error":""},"_links":{"self":[{"href":"https:\/\/www.europesays.com\/fr\/wp-json\/wp\/v2\/posts\/507784","targetHints":{"allow":["GET"]}}],"collection":[{"href":"https:\/\/www.europesays.com\/fr\/wp-json\/wp\/v2\/posts"}],"about":[{"href":"https:\/\/www.europesays.com\/fr\/wp-json\/wp\/v2\/types\/post"}],"author":[{"embeddable":true,"href":"https:\/\/www.europesays.com\/fr\/wp-json\/wp\/v2\/users\/2"}],"replies":[{"embeddable":true,"href":"https:\/\/www.europesays.com\/fr\/wp-json\/wp\/v2\/comments?post=507784"}],"version-history":[{"count":0,"href":"https:\/\/www.europesays.com\/fr\/wp-json\/wp\/v2\/posts\/507784\/revisions"}],"wp:featuredmedia":[{"embeddable":true,"href":"https:\/\/www.europesays.com\/fr\/wp-json\/wp\/v2\/media\/507785"}],"wp:attachment":[{"href":"https:\/\/www.europesays.com\/fr\/wp-json\/wp\/v2\/media?parent=507784"}],"wp:term":[{"taxonomy":"category","embeddable":true,"href":"https:\/\/www.europesays.com\/fr\/wp-json\/wp\/v2\/categories?post=507784"},{"taxonomy":"post_tag","embeddable":true,"href":"https:\/\/www.europesays.com\/fr\/wp-json\/wp\/v2\/tags?post=507784"}],"curies":[{"name":"wp","href":"https:\/\/api.w.org\/{rel}","templated":true}]}}