{"id":507788,"date":"2025-11-03T00:28:20","date_gmt":"2025-11-03T00:28:20","guid":{"rendered":"https:\/\/www.europesays.com\/fr\/507788\/"},"modified":"2025-11-03T00:28:20","modified_gmt":"2025-11-03T00:28:20","slug":"dorian-louvet-ancien-candidat-de-koh-lanta-entre-au-livre-des-records-apres-cet-exploit-au-marathon-2","status":"publish","type":"post","link":"https:\/\/www.europesays.com\/fr\/507788\/","title":{"rendered":"Dorian Louvet, ancien candidat de \u00ab Koh-Lanta \u00bb, entre au \u00ab Livre des Records \u00bb apr\u00e8s cet exploit au marathon"},"content":{"rendered":"<p class=\"mb-4 text-lg md:leading-8 break-words\">SPORT &#8211; Si la meilleure performance fran\u00e7aise, au marathon de <a data-i13n=\"cpos:1;pos:1\" href=\"https:\/\/fr.news.yahoo.com\/appel-entre-mamdani-obama-%C3%A0-095733868.html\" data-ylk=\"slk:New York;cpos:1;pos:1;elm:context_link;itc:0;sec:content-canvas;outcm:mb_qualified_link;_E:mb_qualified_link;ct:story;\" class=\"link  yahoo-link\" target=\"_blank\" rel=\"noopener\">New York<\/a> ce dimanche 2 novembre, est \u00e0 mettre au cr\u00e9dit d\u2019Emmanuel Levisse (16e en 2h13\u201905), ce n\u2019est pas le concurrent tricolore que l\u2019on retient de cette journ\u00e9e.<\/p>\n<p class=\"mb-4 text-lg md:leading-8 break-words\">Le Normand Dorian Louvet, \u00e2g\u00e9 de 36 ans, est bien la vedette du jour. En bouclant l\u2019\u00e9preuve new-yorkaise en 2h27\u201909, il est entr\u00e9 dans le Livre Guinness des Records apr\u00e8s avoir couru les sept marathons majeurs de l\u2019ann\u00e9e 2025 avec un temps moyen de moins de 2h30.<\/p>\n<p class=\"mb-4 text-lg md:leading-8 break-words\"><a data-i13n=\"cpos:2;pos:1\" href=\"https:\/\/fr.news.yahoo.com\/harry-styles-couru-marathon-tokyo-103615634.html\" data-ylk=\"slk:Harry Styles a couru le marathon de Tokyo avec un joli chrono;cpos:2;pos:1;elm:context_link;itc:0;sec:content-canvas;outcm:mb_qualified_link;_E:mb_qualified_link;ct:story;\" class=\"link  yahoo-link\" target=\"_blank\" rel=\"noopener\">Harry Styles a couru le marathon de Tokyo avec un joli chrono <\/a><\/p>\n<p class=\"mb-4 text-lg md:leading-8 break-words\">Avant cela, celui qui avait particip\u00e9 \u00e0 <a data-i13n=\"cpos:3;pos:1\" href=\"https:\/\/fr.news.yahoo.com\/sait-grand-gagnant-koh-lanta-034516859.html\" data-ylk=\"slk:Koh-Lanta;cpos:3;pos:1;elm:context_link;itc:0;sec:content-canvas;outcm:mb_qualified_link;_E:mb_qualified_link;ct:story;\" class=\"link  yahoo-link\" target=\"_blank\" rel=\"noopener\">Koh-Lanta<\/a> en 2020, et avait \u00e9t\u00e9 \u00e9limin\u00e9 lors de l\u2019\u00e9preuve d\u2019orientation, avait termin\u00e9 les six premiers marathons avec une moyenne de 2h28 : Tokyo (2h18\u201956), Boston (2h33\u201941), Londres (2h33\u201923), Sydney (2h28\u201908), Berlin (2h28\u201924) et Chicago (2h25\u201927).<\/p>\n<p class=\"mb-4 text-lg md:leading-8 break-words\">Sur ses r\u00e9seaux sociaux, Dorian Louvet donnait r\u00e9guli\u00e8rement des nouvelles de son projet baptis\u00e9 \u00ab Miles of Discovery \u00bb, dont il va en tirer un documentaire.<\/p>\n<p>Un documentaire<\/p>\n<p class=\"mb-4 text-lg md:leading-8 break-words\">\u00ab J\u2019ai tout donn\u00e9, corps et \u00e2me, pour conserver ce chrono \u00bb, a-t-il r\u00e9agi apr\u00e8s l\u2019arriv\u00e9e, <a data-i13n=\"cpos:4;pos:1\" href=\"https:\/\/www.lequipe.fr\/Athletisme\/Actualites\/Les-7-marathons-majeurs-de-l-annee-et-en-moins-de-2-h-30-de-moyenne-dorian-louvet-decroche-le-record-du-monde\/1606677\" rel=\"nofollow noopener\" target=\"_blank\" data-ylk=\"slk:comme le rapporte L\u2019\u00c9quipe;cpos:4;pos:1;elm:context_link;itc:0;sec:content-canvas\" class=\"link \">comme le rapporte L\u2019\u00c9quipe<\/a>. \u00ab Aujourd\u2019hui, j\u2019ai couru avec audace et panache, sans rien garder sous le pied. J\u2019ai tout l\u00e2ch\u00e9 sur les deux derniers kilom\u00e8tres, en me faisant mal, pour mieux savourer chaque seconde de la fin. \u00bb<\/p>\n<p class=\"mb-4 text-lg md:leading-8 break-words\">\u00ab Ce projet est une r\u00e9ussite totale, une aventure humaine dont je me souviendrai toute ma vie. Je ne remercierai jamais assez toutes celles et ceux qui m\u2019ont soutenu tout au long de cette ann\u00e9e \u00bb, a-t-il comment\u00e9 \u00e0 propos de son projet global. \u00ab J\u2019ai maintenant h\u00e2te que le documentaire sorte, pour vous montrer \u00e0 quel point on n\u2019a rien trich\u00e9, que tout ce qu\u2019on a fait, on l\u2019a fait avec le c\u0153ur. \u00bb<\/p>\n<p class=\"mb-4 text-lg md:leading-8 break-words\">\u00c0 noter que dans le m\u00eame style de d\u00e9fi, <a data-i13n=\"cpos:5;pos:1\" href=\"https:\/\/www.huffingtonpost.fr\/sport\/article\/eliud-kipchoge-court-un-marathon-sous-les-2-heures_153372.html\" rel=\"nofollow noopener\" target=\"_blank\" data-ylk=\"slk:le K\u00e9nyan Eliud Kipchoge;cpos:5;pos:1;elm:context_link;itc:0;sec:content-canvas\" class=\"link \">le K\u00e9nyan Eliud Kipchoge<\/a> va lui disputer sept marathons sur sept continents lors des deux prochaines ann\u00e9es, ont annonc\u00e9 ses agents ce dimanche apr\u00e8s son arriv\u00e9e au marathon de New York.<\/p>\n<p class=\"mb-4 text-lg md:leading-8 break-words\">Le plus grand marathonien de l\u2019histoire, double champion olympique et ex-d\u00e9tenteur du record du monde, va lancer le \u00ab Eliud Kipchoge World Tour \u00bb afin de r\u00e9colter des fonds pour sa fondation soutenant des projets dans \u00ab l\u2019\u00e9ducation et l\u2019environnement \u00bb, tout en continuant de courir en tant qu\u2019athl\u00e8te professionnel.<\/p>\n<p class=\"mb-4 text-lg md:leading-8 break-words\"><a data-i13n=\"cpos:6;pos:1\" href=\"https:\/\/fr.news.yahoo.com\/charles-coste-champion-olympique-porteur-182704569.html\" data-ylk=\"slk:Charles Coste, champion olympique et porteur de la flamme aux JO de Paris, est mort \u00e0 101 ans;cpos:6;pos:1;elm:context_link;itc:0;sec:content-canvas;outcm:mb_qualified_link;_E:mb_qualified_link;ct:story;\" class=\"link  yahoo-link\" target=\"_blank\" rel=\"noopener\"> Charles Coste, champion olympique et porteur de la flamme aux JO de Paris, est mort \u00e0 101 ans <\/a><\/p>\n<p class=\"mb-4 text-lg md:leading-8 break-words\"><a data-i13n=\"cpos:7;pos:1\" href=\"https:\/\/fr.news.yahoo.com\/transat-caf%C3%A9-l-or-contre-103647623.html\" data-ylk=\"slk:Transat Caf\u00e9 l\u2019Or : Le contre-r\u00e9cit de la Marine apr\u00e8s qu\u2019un voilier a \u00e9t\u00e9 endommag\u00e9;cpos:7;pos:1;elm:context_link;itc:0;sec:content-canvas;outcm:mb_qualified_link;_E:mb_qualified_link;ct:story;\" class=\"link  yahoo-link\" target=\"_blank\" rel=\"noopener\"> Transat Caf\u00e9 l\u2019Or : Le contre-r\u00e9cit de la Marine apr\u00e8s qu\u2019un voilier a \u00e9t\u00e9 endommag\u00e9 <\/a><\/p>\n","protected":false},"excerpt":{"rendered":"SPORT &#8211; Si la meilleure performance fran\u00e7aise, au marathon de New York ce dimanche 2 novembre, est \u00e0&hellip;\n","protected":false},"author":2,"featured_media":507789,"comment_status":"","ping_status":"","sticky":false,"template":"","format":"standard","meta":{"footnotes":""},"categories":[1356],"tags":[58,62952,59,1011,27,62954,62953,7178,62951,415,252,1364],"class_list":{"0":"post-507788","1":"post","2":"type-post","3":"status-publish","4":"format-standard","5":"has-post-thumbnail","7":"category-television","8":"tag-divertissement","9":"tag-dorian-louvet","10":"tag-entertainment","11":"tag-fr","12":"tag-france","13":"tag-le-normand-dorian-louvet","14":"tag-livre-guinness-des-records","15":"tag-marathon","16":"tag-marathon-de-new-york","17":"tag-new-york","18":"tag-television","19":"tag-tv"},"share_on_mastodon":{"url":"https:\/\/pubeurope.com\/@fr\/115482938946776544","error":""},"_links":{"self":[{"href":"https:\/\/www.europesays.com\/fr\/wp-json\/wp\/v2\/posts\/507788","targetHints":{"allow":["GET"]}}],"collection":[{"href":"https:\/\/www.europesays.com\/fr\/wp-json\/wp\/v2\/posts"}],"about":[{"href":"https:\/\/www.europesays.com\/fr\/wp-json\/wp\/v2\/types\/post"}],"author":[{"embeddable":true,"href":"https:\/\/www.europesays.com\/fr\/wp-json\/wp\/v2\/users\/2"}],"replies":[{"embeddable":true,"href":"https:\/\/www.europesays.com\/fr\/wp-json\/wp\/v2\/comments?post=507788"}],"version-history":[{"count":0,"href":"https:\/\/www.europesays.com\/fr\/wp-json\/wp\/v2\/posts\/507788\/revisions"}],"wp:featuredmedia":[{"embeddable":true,"href":"https:\/\/www.europesays.com\/fr\/wp-json\/wp\/v2\/media\/507789"}],"wp:attachment":[{"href":"https:\/\/www.europesays.com\/fr\/wp-json\/wp\/v2\/media?parent=507788"}],"wp:term":[{"taxonomy":"category","embeddable":true,"href":"https:\/\/www.europesays.com\/fr\/wp-json\/wp\/v2\/categories?post=507788"},{"taxonomy":"post_tag","embeddable":true,"href":"https:\/\/www.europesays.com\/fr\/wp-json\/wp\/v2\/tags?post=507788"}],"curies":[{"name":"wp","href":"https:\/\/api.w.org\/{rel}","templated":true}]}}