{"id":507790,"date":"2025-11-03T00:29:13","date_gmt":"2025-11-03T00:29:13","guid":{"rendered":"https:\/\/www.europesays.com\/fr\/507790\/"},"modified":"2025-11-03T00:29:13","modified_gmt":"2025-11-03T00:29:13","slug":"jul-sch-lauteur-dun-livre-enquete-decrit-sur-m6-comment-des-rappeurs-sont-menaces-par-le-grand-banditisme","status":"publish","type":"post","link":"https:\/\/www.europesays.com\/fr\/507790\/","title":{"rendered":"Jul, SCH\u2026 L&rsquo;auteur d&rsquo;un livre-enqu\u00eate d\u00e9crit sur M6 comment des rappeurs sont menac\u00e9s par le grand banditisme"},"content":{"rendered":"<p class=\"article-p mdl\">Un livre qui expose des liaisons dangereuses. Paul Deutschmann, co-auteur de L&#8217;empire, un livre-enqu\u00eate au c\u0153ur du rap fran\u00e7ais, revient dans le 20.10 d&rsquo;Anne-Sophie Lapix sur M6 sur les deux ans et demi de travail qui ont \u00e9t\u00e9 n\u00e9cessaires \u00e0 la r\u00e9alisation de cet ouvrage. Plus de <strong>200 entretiens<\/strong>, des milliers de documents confidentiels, des proc\u00e9dures judiciaires&#8230;\u00a0<\/p>\n<p class=\"article-p mdl\">Le livre, publi\u00e9 <strong>aux \u00e9ditions Flammarion<\/strong>, d\u00e9montre notamment comment certains rappeurs se sont retrouv\u00e9s pi\u00e9g\u00e9s dans les filets\u00a0<a class=\"link\" href=\"https:\/\/www.rtl.fr\/actu\/debats-societe\/des-individus-armes-equipes-aguerris-le-patron-du-raid-explique-pourquoi-son-unite-est-davantage-mobilisee-contre-le-grand-banditisme-7900546348\" title=\"&quot;Des individus arm\u00e9s, \u00e9quip\u00e9s, aguerris&quot; : le patron du RAID explique pourquoi son unit\u00e9 est davantage mobilis\u00e9e contre le grand banditisme\" target=\"_blank\" rel=\"noopener\">du grand banditisme<\/a>. Le milieu de la musique peut rapidement devenir tr\u00e8s sombre lorsque se m\u00ealent jeux d&rsquo;influence et pressions financi\u00e8res. Autant d&rsquo;\u00e9l\u00e9ments racont\u00e9s dans L&#8217;empire, pour lequel Paul Deutschmann et ses co-auteurs, Simon Piel et Joan Tilouine, ont respect\u00e9 une r\u00e8gle d&rsquo;or : garder l&rsquo;anonymat de leurs interlocuteurs.\u00a0<\/p>\n<p>            Un avant, et un apr\u00e8s SCH<\/p>\n<p class=\"article-p mdl\">Si ce livre est aujourd&rsquo;hui le r\u00e9sultat de deux ans et demi d&rsquo;enqu\u00eate, <strong>l&rsquo;affaire SCH<\/strong> a marqu\u00e9 un v\u00e9ritable tournant dans le travail de ses auteurs. Beaucoup ont encore en t\u00eate\u00a0<a class=\"link\" href=\"https:\/\/www.rtl.fr\/actu\/justice-faits-divers\/fusillade-a-la-grande-motte-des-proches-du-rappeur-sch-vises-pres-d-une-discotheque-un-mort-et-un-blesse-grave-7900411106\" title=\"Fusillade \u00e0 La Grande-Motte : des proches du rappeur SCH vis\u00e9s pr\u00e8s d&#039;une discoth\u00e8que, un mort et un bless\u00e9 grave\" target=\"_blank\" rel=\"noopener\">la fusillade mortelle<\/a>\u00a0qui a vis\u00e9 l&rsquo;entourage du rappeur marseillais \u00e0 l&rsquo;\u00e9t\u00e9 2025.\u00a0<\/p>\n<p class=\"article-p mdl\">\u00ab\u00a0On se rend compte que les rappeurs <strong>sont devenus la cible<\/strong> d&rsquo;\u00e9quipes quasiment militaires. Et on voit que dans l&rsquo;industrie aussi, tout le monde est sid\u00e9r\u00e9. Parce que tout le monde se dit que \u00e7a aurait pu \u00eatre, finalement, quelqu&rsquo;un de cette industrie qui aurait pu \u00eatre vis\u00e9\u00a0\u00bb, raconte Paul Deutschmann face \u00e0 Anne-Sophie Lapix.\u00a0<\/p>\n<p>        \u00c0 \u00e9couter<\/p>\n<p class=\"col-12 col-md-11\">\n<p>                                Ce qu&rsquo;il faut savoir sur la cellule \u00ab\u00a0anti-corruption\u00a0\u00bb, mise en place par le procureur de Marseille\n                        <\/p>\n<p class=\"article-p mdl\">Pour les enqu\u00eateurs \u00e0 l&rsquo;\u00e9poque,<a class=\"link\" href=\"https:\/\/www.rtl.fr\/actu\/justice-faits-divers\/fusillade-a-la-grande-motte-des-proches-du-rappeur-sch-vises-pres-d-une-discotheque-un-mort-et-un-blesse-grave-7900411106\" title=\"Fusillade \u00e0 La Grande-Motte : des proches du rappeur SCH vis\u00e9s pr\u00e8s d&#039;une discoth\u00e8que, un mort et un bless\u00e9 grave\" target=\"_blank\" rel=\"noopener\"> le mode op\u00e9ratoire de cette fusillade semble se rapprocher de celui des \u00ab\u00a0r\u00e8glements de comptes\u00a0\u00bb<\/a>\u00a0entre trafiquants et stup\u00e9fiants marseillais. Le procureur de la R\u00e9publique de Marseille avait par la suite annonc\u00e9 que le rappeur avait fait l&rsquo;objet de menaces de mort plusieurs mois avant les faits. Cette attaque portait alors la marque de la\u00a0<a class=\"link\" href=\"https:\/\/www.rtl.fr\/actu\/justice-faits-divers\/menace-principale-pour-le-pays-la-lutte-contre-la-dz-mafia-erigee-en-priorite-par-l-interieur-7900549089\" title=\"&quot;Menace principale&quot; pour le pays : la lutte contre la DZ Mafia \u00e9rig\u00e9e en priorit\u00e9 par l&#039;Int\u00e9rieur\" target=\"_blank\" rel=\"noopener\">DZ Mafia<\/a>, un \u00ab\u00a0clan\u00a0\u00bb du grand banditisme \u00e9tendu bien au-del\u00e0 de Marseille, et qui n&rsquo;h\u00e9site pas \u00e0 recruter des tueurs \u00e0 gages.\u00a0<\/p>\n<p class=\"article-p mdl\">Certains rappeurs sont parfois impliqu\u00e9s eux-m\u00eames dans des affaires criminelles, comme <strong>Koba LaD<\/strong>, mis en examen apr\u00e8s avoir \u00e9t\u00e9 soup\u00e7onn\u00e9 d&rsquo;avoir particip\u00e9 \u00e0 la cavale de Mohammed Amra.<\/p>\n<p>            Une motivation financi\u00e8re<\/p>\n<p class=\"article-p mdl\">Le livre explique les relations de pouvoir (et d&rsquo;argent) entre les rappeurs et l&rsquo;industrie musicale. Il \u00e9voque notamment le cas de\u00a0<a class=\"link\" href=\"https:\/\/www.rtl.fr\/culture\/musique\/le-rappeur-jul-denonce-la-reforme-des-retraites-dans-son-nouveau-single-entrainement-7900272819\" title=\"Le rappeur Jul d\u00e9nonce la r\u00e9forme des retraites dans son nouveau single &quot;Entra\u00eenement&quot;\" target=\"_blank\" rel=\"noopener\">Jul<\/a>, qui \u00e0 ses d\u00e9buts a travaill\u00e9 avec un label des quartiers nord de Marseille. Il collabore avec deux fr\u00e8res, ainsi que Karim, avec qui il entretient une relation assez sinc\u00e8re. Mais ce dernier <strong>se fait tuer<\/strong>, et la relation de Jul avec les deux fr\u00e8res de son labl devient assez compliqu\u00e9e.<\/p>\n<p class=\"article-p mdl\">S&rsquo;ensuit alors une cission, \u00e0 partir de laquelle Jul raconte avoir d\u00fb <strong>se cacher dans une cabane<\/strong> afin d&rsquo;enregistrer son album <strong>My World<\/strong>, qui est \u00e0 ce jour son plus gros succ\u00e8s en termes de vente. Le rappeur marseillais a \u00e9galement d\u00fb c\u00e9der les droits de ses premiers albums, sur lesquels il a touch\u00e9 une part en tant qu&rsquo;artiste, mais dont il n&rsquo;est pas officiellement propri\u00e9taire.\u00a0<\/p>\n<p>        \u00c0 \u00e9couter<\/p>\n<p class=\"col-12 col-md-11\">\n<p>                                \u00ab\u00a0Jul a d\u00fb se cacher pour enregistrer &lsquo;My World'\u00a0\u00bb : la face sombre du rap fran\u00e7ais d\u00e9voil\u00e9e dans le livre-enqu\u00eate \u00ab\u00a0L&rsquo;Empire\u00a0\u00bb\n                        <\/p>\n<p class=\"article-p mdl\">Le livre \u00e9voque aussi le cas de tranfiquants condamn\u00e9s \u00e0 la prison qui, exil\u00e9s, s&rsquo;improvisent producteurs. C&rsquo;est notamment le cas d&rsquo;un ancien producteur du rappeur\u00a0<a class=\"link\" href=\"https:\/\/www.rtl.fr\/culture\/musique\/mort-de-werenoi-son-dernier-album-numero-un-des-ventes-depuis-sa-disparition-7900508470\" title=\"Mort de Werenoi : son dernier album num\u00e9ro un des ventes depuis sa disparition\" target=\"_blank\" rel=\"noopener\">Werenoi<\/a>. On voit alors une l\u00e9galisation de l&rsquo;activit\u00e9 de certaines figures connues pour leurs actes illicites. \u00ab\u00a0Pas n\u00e9cessairement blanchir, mais plut\u00f4t toucher de l&rsquo;argent l\u00e9gal. On a des acteurs de l&rsquo;ill\u00e9gal qui vont op\u00e9rer <strong>une branche l\u00e9gale<\/strong>. Et c&rsquo;est en effet le cas de certains narcoproducteurs qui vont pouvoir cumuler ces deux facettes d&rsquo;une \u00e9conomie \u00e0 la fois l\u00e9gale et ill\u00e9gale\u00a0\u00bb, explique Paul Deutschmann.<\/p>\n<p>    \u00ab\u00a0Une forme d&rsquo;impunit\u00e9\u00a0\u00bb<\/p>\n<p class=\"article-p mdl\">Dans le monde du rap, <strong>\u00ab\u00a0les int\u00e9r\u00eats de pouvoir signer\u00a0\u00bb<\/strong> un artiste sont parfois tels \u00ab\u00a0qu&rsquo;on est pr\u00eat \u00e0 faire certains compromis et des compromissions\u00a0\u00bb, explique Paul Deutschmann. Y compris fermer les yeux sur les agissements de certains producteurs et figures du milieu qui franchissent les limites de la l\u00e9galit\u00e9. L&#8217;empire raconte ainsi comme les \u00ab\u00a0majors\u00a0\u00bb, c&rsquo;est-\u00e0-dire les entreprises qui dominent le domaine musical en poss\u00e9dant les labels, regardent de l&rsquo;autre c\u00f4t\u00e9 lorsque des actions ill\u00e9gales viennent ent\u00e2cher le c\u00f4t\u00e9 musical.\u00a0<\/p>\n<p>\u00ab\u00a0Pour certains secteurs, on voit qu&rsquo;il y a <strong>une forme d&rsquo;impunit\u00e9<\/strong> et qu&rsquo;il y a une forme de laisser-aller dans la mani\u00e8re de ne pas s&rsquo;interroger sur les b\u00e9n\u00e9ficiaires directs, alors m\u00eame que tous les indices sont devant leurs yeux. (&#8230;)\u00a0Il y en a qui ont d\u00fb rendre des comptes, \u00e9videmment, mais en tout cas, l&rsquo;aspect syst\u00e9mique de certains contrats n&rsquo;a pas, semble-t-il, encore pris une prise de conscience par les acteurs de l&rsquo;industrie\u00a0\u00bb, explique Paul Deutschmann.<\/p>\n<p>D&rsquo;autant que certains grands groupes de l&rsquo;industrie musicale ont aussi touch\u00e9 <strong>des aides financi\u00e8re<\/strong>s de la part de l&rsquo;Etat. \u00ab\u00a0Certains ont connu la bienveillance de l&rsquo;\u00c9tat, ont re\u00e7u de la part de la BPI, comme Believe, un certain nombre de flux financiers. Oui, la BPI, la banque de l&rsquo;\u00c9tat, a investi 25 millions d&rsquo;euros dans Believe.\u00a0\u00bb<\/p>\n<p>    Un jeu d&rsquo;influence<\/p>\n<p class=\"article-p mdl\">Aujourd&rsquo;hui, le succ\u00e8s des rappeurs fran\u00e7ais est tel qu&rsquo;ils sont parvenus \u00e0 inverser le rapport de force avec les maisons de disques et les fameux majors. Fini les contrats d&rsquo;artistes qui ne leur r\u00e9servaient que <strong>8% de b\u00e9n\u00e9fices<\/strong>. Aujourd&rsquo;hui, ils tournent en moyenne \u00ab\u00a0entre 70 et 90 pour des groupes comme PNL, qui ont r\u00e9ussi r\u00e9ellement \u00e0 prendre le dessus et \u00e0 \u00eatre propri\u00e9taires de leurs morceaux\u00a0\u00bb.\u00a0<\/p>\n<p>Un rappeur n&rsquo;est plus seulement un artiste musical, c&rsquo;est<a class=\"link\" href=\"https:\/\/www.rtl.fr\/culture\/musique\/jul-a-compris-son-epoque-comment-le-rappeur-marseillais-a-fait-plus-fort-que-johnny-au-stade-de-france-7900498569\" title=\"&quot;Jul a compris son \u00e9poque&quot; : comment le rappeur marseillais a fait plus fort que Johnny au Stade de France\" target=\"_blank\" rel=\"noopener\"> une arme d&rsquo;influence\u00a0<\/a>pour d&rsquo;autres grandes figures du monde \u00e9conomique. Rodolphe Saad\u00e9, patron de la CMA-CGM, est lui-m\u00eame all\u00e9 chercher Jul pour prendre un caf\u00e9. \u00ab\u00a0C&rsquo;est Rodolphe Saad\u00e9 qui demande cet entretien\u00a0\u00bb, raconte Paul Deutschmann. \u00ab\u00a0Il veut r\u00e9fl\u00e9chir \u00e0 travailler plus \u00e0 Marseille, il r\u00e9fl\u00e9chit notamment \u00e0 ce moment-l\u00e0 \u00e0 l&rsquo;OM, \u00e0 potentiellement avoir un nouveau partenariat. Et donc, sonder Jul, c&rsquo;\u00e9tait presque sonder le v\u00e9ritable maire de Marseille.\u00a0\u00bb<\/p>\n<p>Le livre \u00e9voque aussi les relations entre\u00a0<a class=\"link\" href=\"https:\/\/www.rtl.fr\/actu\/justice-faits-divers\/le-rappeur-booba-mis-en-examen-pour-harcelement-aggrave-sur-la-compagne-de-gims-7900554788\" title=\"Le rappeur Booba mis en examen pour harc\u00e8lement sur la compagne de Gims\" target=\"_blank\" rel=\"noopener\">Booba\u00a0<\/a>et <strong>Vincent Bollor\u00e9<\/strong>, posant tous les deux pour une photo depuis devenue c\u00e9l\u00e8bre. \u00ab\u00a0Il y a presque une forme de puissance en miroir o\u00f9 je pense que ces rappeurs se d\u00e9tournent pour en partie des acteurs politiques qui leur paraissent assez d\u00e9mon\u00e9tis\u00e9s. Ils se tournent vers de nouveaux d\u00e9tenteurs du pouvoir, particuli\u00e8rement <strong>les capitaines d&rsquo;industrie<\/strong>,\u00a0\u00bb analyse Paul Deutschmann. \u00ab\u00a0Peu importe leurs opinions politiques. On se dit bien qu&rsquo;un Bollor\u00e9 ne partage pas n\u00e9cessairement beaucoup avec un Booba, mais ce miroir de puissance financi\u00e8re leur parlait.\u00a0\u00bb<\/p>\n<p><strong>L&#8217;empire, Paul Deutschmann, Simon Piel et Joan Tilouine, \u00e9ditions Flammarion<\/strong>.\u00a0<\/p>\n<p>    La r\u00e9daction vous recommande<\/p>\n<p class=\"s-newsletter__title\">\n                L\u2019actualit\u00e9 par la r\u00e9daction de RTL dans votre bo\u00eete mail.\n            <\/p>\n<p class=\"s-newsletter__subtitle\">\n                Gr\u00e2ce \u00e0 votre compte RTL abonnez-vous \u00e0 la newsletter RTL info pour suivre toute l&rsquo;actualit\u00e9 au quotidien\n            <\/p>\n<p>\n                                    Lire la suite\n                                <\/p>\n","protected":false},"excerpt":{"rendered":"Un livre qui expose des liaisons dangereuses. Paul Deutschmann, co-auteur de L&#8217;empire, un livre-enqu\u00eate au c\u0153ur du rap&hellip;\n","protected":false},"author":2,"featured_media":507791,"comment_status":"","ping_status":"","sticky":false,"template":"","format":"standard","meta":{"footnotes":""},"categories":[1355],"tags":[2516,58,59,107,1011,27,1279,303,1351,1361,873,3616],"class_list":{"0":"post-507790","1":"post","2":"type-post","3":"status-publish","4":"format-standard","5":"has-post-thumbnail","7":"category-musique","8":"tag-banditisme","9":"tag-divertissement","10":"tag-entertainment","11":"tag-fil-info","12":"tag-fr","13":"tag-france","14":"tag-jul","15":"tag-justice","16":"tag-litterature","17":"tag-music","18":"tag-musique","19":"tag-rap"},"share_on_mastodon":{"url":"https:\/\/pubeurope.com\/@fr\/115482942979037313","error":""},"_links":{"self":[{"href":"https:\/\/www.europesays.com\/fr\/wp-json\/wp\/v2\/posts\/507790","targetHints":{"allow":["GET"]}}],"collection":[{"href":"https:\/\/www.europesays.com\/fr\/wp-json\/wp\/v2\/posts"}],"about":[{"href":"https:\/\/www.europesays.com\/fr\/wp-json\/wp\/v2\/types\/post"}],"author":[{"embeddable":true,"href":"https:\/\/www.europesays.com\/fr\/wp-json\/wp\/v2\/users\/2"}],"replies":[{"embeddable":true,"href":"https:\/\/www.europesays.com\/fr\/wp-json\/wp\/v2\/comments?post=507790"}],"version-history":[{"count":0,"href":"https:\/\/www.europesays.com\/fr\/wp-json\/wp\/v2\/posts\/507790\/revisions"}],"wp:featuredmedia":[{"embeddable":true,"href":"https:\/\/www.europesays.com\/fr\/wp-json\/wp\/v2\/media\/507791"}],"wp:attachment":[{"href":"https:\/\/www.europesays.com\/fr\/wp-json\/wp\/v2\/media?parent=507790"}],"wp:term":[{"taxonomy":"category","embeddable":true,"href":"https:\/\/www.europesays.com\/fr\/wp-json\/wp\/v2\/categories?post=507790"},{"taxonomy":"post_tag","embeddable":true,"href":"https:\/\/www.europesays.com\/fr\/wp-json\/wp\/v2\/tags?post=507790"}],"curies":[{"name":"wp","href":"https:\/\/api.w.org\/{rel}","templated":true}]}}