{"id":507798,"date":"2025-11-03T00:33:10","date_gmt":"2025-11-03T00:33:10","guid":{"rendered":"https:\/\/www.europesays.com\/fr\/507798\/"},"modified":"2025-11-03T00:33:10","modified_gmt":"2025-11-03T00:33:10","slug":"lanimatrice-cotentinoise-flavie-flament-signe-son-retour-a-la-television-pour-un-jeu-culte","status":"publish","type":"post","link":"https:\/\/www.europesays.com\/fr\/507798\/","title":{"rendered":"L\u2019animatrice cotentinoise Flavie Flament signe son retour \u00e0 la t\u00e9l\u00e9vision pour un jeu culte"},"content":{"rendered":"<p>            Par<br \/>\n        <strong><br \/>\n            <a href=\"https:\/\/actu.fr\/auteur\/thibault-delafosse\" title=\"Consulter tous les articles de Thibaud Delafosse\" target=\"_blank\" rel=\"noopener\">Thibaud Delafosse<\/a><br \/>\n        <\/strong><\/p>\n<p>        Publi\u00e9 le<\/p>\n<p>            2 nov. 2025 \u00e0 18h55        <\/p>\n<p>Elle avait disparu du petit \u00e9cran depuis le d\u00e9but du <b>mois de juillet\u00a02025<\/b> <a href=\"https:\/\/actu.fr\/societe\/flavie-flamand-et-julien-arnaud-evinces-de-telematin-voici-le-duo-qui-va-les-remplacer-sur-france-2_62882132.html\" target=\"_blank\" rel=\"noopener\">et son \u00e9viction de la pr\u00e9sentation de l\u2019\u00e9mission T\u00e9l\u00e9matin<\/a>, apr\u00e8s une saison pass\u00e9e sur <b>France 2 <\/b>aux c\u00f4t\u00e9s de Julien Arnaud.<\/p>\n<p class=\" wall-content\">Flavie Flament signe son grand retour \u00e0 la <b>t\u00e9l\u00e9vision <\/b>le <b>lundi 3\u00a0novembre<\/b>. Tous les jours <b>du lundi au vendredi<\/b>, l\u2019animatrice native de <a href=\"https:\/\/actu.fr\/normandie\/valognes_50615\" target=\"_blank\" rel=\"noopener\">Valognes <\/a>(Manche) sera aux manettes de 11\u2009h\u200920 \u00e0 12\u2009h sur France 3 de <a href=\"https:\/\/www.francetelevisions.fr\/et-vous\/notre-tele\/flavie-en-france-48386\" target=\"_blank\" rel=\"noopener\">Flavie en France<\/a>. \u00ab\u2009Elle nous embarque, semaine apr\u00e8s semaine, \u00e0 la rencontre des <b>plus belles villes fran\u00e7aises<\/b>\u2009\u00bb, r\u00e9sume la cha\u00eene.<\/p>\n<p>Des reportages et des t\u00e9moignages<\/p>\n<p class=\" wall-content\">Un plateau sera ainsi install\u00e9 dans un<b> lieu embl\u00e9matique <\/b>de la commune o\u00f9 la pr\u00e9sentatrice de 51\u00a0ans et son \u00e9quipe r\u00e9v\u00e9leront <b>les richesses du coin<\/b>. Au programme\u2009: des <b>reportages, <\/b>des <b>t\u00e9moignages <\/b> et des<b> invit\u00e9s locaux <\/b>pour parler de tous les aspects du territoire, comme le <b>patrimoine <\/b>ou la <b>gastronomie<\/b>.<\/p>\n<p class=\" wall-content\">La Manchoise pourra s\u2019appuyer sur<b> <\/b>Victor Dekyv\u00e8re en plateau, qui apportera un \u00e9clairage culturel, historique ou d\u00e9cal\u00e9 sur les sujets abord\u00e9s, et sur Valentine Sled. Globe-trotteuse de l\u2019\u00e9mission, cette derni\u00e8re partagera ses coups de c\u0153ur, <b>gourmands <\/b>pour la plupart.<\/p>\n<p>Un jeu revisit\u00e9<\/p>\n<p class=\" wall-content\">L\u2019un des moments forts de l\u2019\u00e9mission, diffus\u00e9e en in\u00e9dit du lundi au jeudi et en <b>best of <\/b>le vendredi, sera le <b>jeu culte<\/b> du Schmilblic.\u00a0\u00c0 l\u2019heure o\u00f9 les <b>anciens programmes<\/b> reviennent \u00e0 la mode,<a href=\"https:\/\/actu.fr\/loisirs-culture\/le-bigdil-de-retour-a-la-tele-avec-vincent-lagaf-sur-quelle-chaine-et-quand-voir-la-celebre-emission_61984754.html\" target=\"_blank\" rel=\"noopener\"> \u00e0 l\u2019image du <\/a><a href=\"https:\/\/actu.fr\/loisirs-culture\/le-bigdil-de-retour-a-la-tele-avec-vincent-lagaf-sur-quelle-chaine-et-quand-voir-la-celebre-emission_61984754.html\" target=\"_blank\" rel=\"noopener\">Bigdil<\/a>, les<b> plus nostalgiques <\/b>se rappelleront que<b> Guy Lux<\/b> pr\u00e9sentait l\u2019\u00e9mission<b> en\u00a01969 et\u00a01970<\/b>.<\/p>\n<p class=\" wall-content\">Produite par Jacques Antoine et Jacques Solness, elle \u00e9tait alors <b>diffus\u00e9e en direct <\/b>sur la<b> premi\u00e8re cha\u00eene<\/b> de l\u2019ORTF. La version concoct\u00e9e par Flavie Flament et ses acolytes a bien \u00e9videmment \u00e9t\u00e9 revisit\u00e9e, promettant <b>plus de rythme<\/b> mais toujours autant <b>d\u2019amusement <\/b>en d\u00e9but et fin d\u2019\u00e9mission. \u00ab\u2009Il ne s\u2019agira plus seulement de reconna\u00eetre<b> un objet myst\u00e9rieux<\/b>, mais aussi un son\u2009! Image tronqu\u00e9e, bruitage, enregistrement, extrait sonore ou bruit du quotidien, il faudra faire preuve de <b>perspicacit\u00e9<\/b>.\u2009\u00bb<\/p>\n<p>Vid\u00e9os : en ce moment sur Actu<\/p>\n<p class=\" wall-content\">Les participants auront le droit de ne poser qu\u2019<b>une seule question<\/b> \u00e0 la fois, celle-ci devant forc\u00e9ment amener <b>une r\u00e9ponse \u00ab\u2009oui\u2009\u00bb ou \u00ab\u2009non\u2009\u00bb<\/b>. \u00ab\u2009Si elle est pertinente, elle fait grimper de 10\u00a0\u20ac la <b>cagnotte <\/b>initiale de 50\u00a0\u20ac. Et surtout, elle donne le droit de proposer une r\u00e9ponse pour tenter de remporter la cagnotte.\u2009\u00bb Alors, qui fera avancer le schmilblick\u2009?<\/p>\n<p>Pour s\u2019inscrire au casting du\u00a0Schmilblic\u2009: <a href=\"http:\/\/actu.fr\/cdn-cgi\/l\/email-protection#aecdcfdddac7c0c9eedccbdac9dedcc1cadbcddac7c1c0dd80c8dc\" target=\"_blank\" rel=\"noopener\">[email\u00a0protected]<\/a><\/p>\n<p class=\" wall-content\">Personnalisez votre actualit\u00e9 en ajoutant vos villes et m\u00e9dias en favori avec <a href=\"https:\/\/moncompte.actu.fr\" title=\"D\u00e9couvez Mon Actu\" rel=\"nofollow noopener\" data-trk=\"{&quot;cta&quot;:{&quot;action&quot;:&quot;https:\\\/\\\/moncompte.actu.fr&quot;,&quot;category&quot;:&quot;mon compte&quot;,&quot;from&quot;:&quot;article footer&quot;,&quot;name&quot;:&quot;Mon actu&quot;,&quot;type&quot;:&quot;cta&quot;}}\" target=\"_blank\">Mon Actu<\/a>.<\/p>\n","protected":false},"excerpt":{"rendered":"Par Thibaud Delafosse Publi\u00e9 le 2 nov. 2025 \u00e0 18h55 Elle avait disparu du petit \u00e9cran depuis le&hellip;\n","protected":false},"author":2,"featured_media":507799,"comment_status":"","ping_status":"","sticky":false,"template":"","format":"standard","meta":{"footnotes":""},"categories":[8],"tags":[3168,58,59,1011,27,1652,252],"class_list":{"0":"post-507798","1":"post","2":"type-post","3":"status-publish","4":"format-standard","5":"has-post-thumbnail","7":"category-divertissement","8":"tag-cotentin","9":"tag-divertissement","10":"tag-entertainment","11":"tag-fr","12":"tag-france","13":"tag-loisirs-culture","14":"tag-television"},"share_on_mastodon":{"url":"https:\/\/pubeurope.com\/@fr\/115482958956419363","error":""},"_links":{"self":[{"href":"https:\/\/www.europesays.com\/fr\/wp-json\/wp\/v2\/posts\/507798","targetHints":{"allow":["GET"]}}],"collection":[{"href":"https:\/\/www.europesays.com\/fr\/wp-json\/wp\/v2\/posts"}],"about":[{"href":"https:\/\/www.europesays.com\/fr\/wp-json\/wp\/v2\/types\/post"}],"author":[{"embeddable":true,"href":"https:\/\/www.europesays.com\/fr\/wp-json\/wp\/v2\/users\/2"}],"replies":[{"embeddable":true,"href":"https:\/\/www.europesays.com\/fr\/wp-json\/wp\/v2\/comments?post=507798"}],"version-history":[{"count":0,"href":"https:\/\/www.europesays.com\/fr\/wp-json\/wp\/v2\/posts\/507798\/revisions"}],"wp:featuredmedia":[{"embeddable":true,"href":"https:\/\/www.europesays.com\/fr\/wp-json\/wp\/v2\/media\/507799"}],"wp:attachment":[{"href":"https:\/\/www.europesays.com\/fr\/wp-json\/wp\/v2\/media?parent=507798"}],"wp:term":[{"taxonomy":"category","embeddable":true,"href":"https:\/\/www.europesays.com\/fr\/wp-json\/wp\/v2\/categories?post=507798"},{"taxonomy":"post_tag","embeddable":true,"href":"https:\/\/www.europesays.com\/fr\/wp-json\/wp\/v2\/tags?post=507798"}],"curies":[{"name":"wp","href":"https:\/\/api.w.org\/{rel}","templated":true}]}}