{"id":50780,"date":"2025-04-25T03:33:23","date_gmt":"2025-04-25T03:33:23","guid":{"rendered":"https:\/\/www.europesays.com\/fr\/50780\/"},"modified":"2025-04-25T03:33:23","modified_gmt":"2025-04-25T03:33:23","slug":"la-region-ile-de-france-a-lorigine-dune-collecte-problematique-de-donnees-sur-des-collegiens","status":"publish","type":"post","link":"https:\/\/www.europesays.com\/fr\/50780\/","title":{"rendered":"La r\u00e9gion \u00cele-de-France \u00e0 l\u2019origine d\u2019une collecte probl\u00e9matique de donn\u00e9es sur des coll\u00e9giens"},"content":{"rendered":"<p>\u00ab Je suis estomaqu\u00e9e de la l\u00e9g\u00e8ret\u00e9 avec laquelle sont trait\u00e9es certaines donn\u00e9es.\u00a0\u00bb Si Noria Belgherri, agente \u00e0 la direction de l\u2019Education au conseil d\u00e9partemental de Seine-Saint-Denis, est en col\u00e8re, c\u2019est qu\u2019elle ne comprend pas le peu de cas fait \u00e0 ses multiples alertes. En novembre 2022, la femme d\u2019une quarantaine d\u2019ann\u00e9es est sollicit\u00e9e pour encadrer un appel \u00e0 projet de la r\u00e9gion \u00cele-de-France, qui cherche des subventions du fonds social europ\u00e9en (FSE). L\u2019id\u00e9e est de financer des projets \u00e9ducatifs destin\u00e9s \u00e0 des \u00e9l\u00e8ves exclus temporairement de leur \u00e9tablissement \u2013 notamment le dispositif ACTE, qui existe depuis 2008. Mais elle r\u00e9alise que la collectivit\u00e9 territoriale amasse des informations tr\u00e8s approfondies sur ces \u00e9l\u00e8ves de Seine-Saint-Denis via leur certificat de scolarit\u00e9\u00a0: leur nationalit\u00e9, celle de leurs parents, leur appartenance \u00e0 une \u00e9ventuelle minorit\u00e9 ethnique \u2013 <strong>il faut cocher une case pour indiquer si la personne est \u00ab\u00a0en situation de minorit\u00e9\u00a0\u00bb ou appartient \u00e0 \u00ab\u00a0une communaut\u00e9 marginalis\u00e9e\u00a0\u00bb<\/strong> \u2013 , leur comportement en classe, le fait d\u2019\u00eatre porteur de handicap ou non, leur absent\u00e9isme, leur niveau de fran\u00e7ais, leur environnement familial. Le tout nominativement. Des donn\u00e9es personnelles, et m\u00eame sensibles, qui n\u2019\u00e9taient pas demand\u00e9es avant cet appel \u00e0 projet en 2021.<\/p>\n<p>L\u2019affaire est s\u00e9rieuse et concentre de nombreuses probl\u00e9matiques\u00a0: celle d\u2019une collecte de donn\u00e9es sans consentement, aggrav\u00e9e par <strong>des risques multiples de fuites, qui auraient des cons\u00e9quences potentiellement lourdes pour ces enfants<\/strong>. Et ce, alors qu\u2019il est interdit en France de traiter des donn\u00e9es \u00ab\u00a0\u00e0 caract\u00e8re personnel qui r\u00e9v\u00e8lent la pr\u00e9tendue origine raciale ou l\u2019origine ethnique\u00a0\u00bb, selon la loi. Les alertes de Noria Belgherri posent \u00e9galement la responsabilit\u00e9 de la r\u00e9gion dirig\u00e9e par Val\u00e9rie P\u00e9cresse, bien emb\u00eat\u00e9e. Contact\u00e9s, les attach\u00e9s presse nous ont ironiquement adress\u00e9 par erreur leurs \u00e9changes internes, dont celui-ci\u00a0:<\/p>\n<blockquote>\n<p>\u00ab StreetPress, c\u2019est un peu poubelle mais on ne peut pas ne rien dire du tout. Qu\u2019est-ce qu\u2019on a \u00e0 dire sur le fond\u00a0?\u00a0\u00bb<\/p>\n<\/blockquote>\n<p>    <img decoding=\"async\" src=\"https:\/\/www.europesays.com\/fr\/wp-content\/uploads\/2025\/04\/befunky_2025-0-3_11-55-17_0.jpg\" class=\"img-responsive\" alt=\"https:\/\/www.europesays.com\/fr\/wp-content\/uploads\/2025\/04\/befunky_2025-0-3_11-55-17_0.jpg\"\/><\/p>\n<p class=\"credit\">\n            Les attach\u00e9s presse de Val\u00e9rie P\u00e9cresse, du conseil r\u00e9gional d&rsquo;\u00cele-de-France, nous ont ironiquement adress\u00e9 par erreur leurs \u00e9changes internes. \/<br \/>\n          Cr\u00e9dits : DR        <\/p>\n<p>Absence de consentement<\/p>\n<p><strong>\u00ab De 2021 \u00e0 2024, ces donn\u00e9es ont \u00e9t\u00e9 recueillies sans consentement\u00a0\u00bb<\/strong>, avance Noria Belgherri. Or, recueillir des donn\u00e9es personnelles sans le consentement des int\u00e9ress\u00e9s est un d\u00e9lit au regard du r\u00e8glement g\u00e9n\u00e9ral sur la protection des donn\u00e9es (RGPD). Contact\u00e9, le conseil d\u00e9partemental reconna\u00eet que, pendant cette p\u00e9riode\u00a0: <\/p>\n<blockquote>\n<p>\u00ab Le consentement des parents n\u2019a pas toujours \u00e9t\u00e9 demand\u00e9 de mani\u00e8re syst\u00e9matique ou explicite.\u00a0\u00bb<\/p>\n<\/blockquote>\n<p>    <img decoding=\"async\" src=\"https:\/\/www.europesays.com\/fr\/wp-content\/uploads\/2025\/04\/illu2_streetpress_v2_1.png\" class=\"img-responsive\" alt=\"https:\/\/www.europesays.com\/fr\/wp-content\/uploads\/2025\/04\/illu2_streetpress_v2_1.png\"\/><\/p>\n<p class=\"credit\">\n            Recueillir des donn\u00e9es personnelles sur des \u00e9l\u00e8ves sans le consentement des parents est un d\u00e9lit au regard du r\u00e8glement g\u00e9n\u00e9ral sur la protection des donn\u00e9es (RGPD). \/<br \/>\n          Cr\u00e9dits : Sh\u00e9rine Azoug        <\/p>\n<p>Ou il a \u00e9t\u00e9 recueilli par les \u00e9tablissements ou partenaires locaux \u00ab\u00a0sans qu\u2019un formulaire unique ou standardis\u00e9 ne formalise cette d\u00e9marche\u00a0\u00bb. Si d\u00e9sormais, apr\u00e8s avoir alert\u00e9 son service et d\u2019autres directions, une \u00ab\u00a0communication\u00a0\u00bb est exig\u00e9e aupr\u00e8s \u00ab\u00a0de leur public, de leurs partenaires et collaborateurs\u00a0\u00bb, comme le pr\u00e9cise la convention collective sign\u00e9e le 2 octobre 2024, c\u2019est sans aucune pr\u00e9cision des modalit\u00e9s. Boualem Hamadache, travailleur social et secr\u00e9taire g\u00e9n\u00e9ral du syndicat SUD, croit m\u00eame savoir que le \u00ab\u00a0consentement formalis\u00e9 des parents n\u2019est toujours pas recueilli\u00a0\u00bb. A sa connaissance, <strong>le CD93 aurait simplement formalis\u00e9 un courrier d\u2019information aux parents<\/strong>, mais impossible de savoir s\u2019il est envoy\u00e9 syst\u00e9matiquement.<\/p>\n<p>Au-del\u00e0 du consentement, Noria Belgherri a eu peur d\u2019une fuite des donn\u00e9es. Car ces informations ont \u00e9t\u00e9 stock\u00e9es un certain temps dans les dossiers partag\u00e9s de la collectivit\u00e9, et donc ont \u00e9t\u00e9 <strong>potentiellement accessibles \u00e0 des milliers de personnes<\/strong>, dans une cha\u00eene de transmission allant des \u00e9tablissements dont les \u00e9l\u00e8ves \u00e9taient exclus aux structures d\u2019accueil, avant de revenir vers le conseil d\u00e9partemental et la r\u00e9gion \u00cele-de-France, jusqu\u2019au FSE. Le 93 reconna\u00eet que la s\u00e9curit\u00e9 entourant ces donn\u00e9es a \u00e9t\u00e9 insuffisante. Cependant, il affirme que \u00ab\u00a0l\u2019acc\u00e8s aux donn\u00e9es concern\u00e9es a \u00e9t\u00e9 rapidement bloqu\u00e9\u00a0\u00bb. Noria Belgherri pointe en retour les 21 jours pass\u00e9s entre la d\u00e9couverte des fichiers \u2013 le 19 juin 2023 \u2013 et l\u2019acc\u00e8s coup\u00e9 le 13 juillet\u00a0: \u00ab\u00a0Ce n\u2019est pas ce qu\u2019on peut appeler \u201crapide\u201d.\u00a0\u00bb Devant la gravit\u00e9 des faits, le d\u00e9partement assure que \u00ab\u00a0les donn\u00e9es sont depuis transf\u00e9r\u00e9es et stock\u00e9es de mani\u00e8re s\u00e9curis\u00e9e, via des outils conformes aux normes actuelles\u00a0\u00bb. Des am\u00e9liorations qui \u00ab\u00a0garantissent une gestion conforme au RGPD\u00a0\u00bb.<\/p>\n<p>Confidentialit\u00e9 des informations<\/p>\n<p>\u00ab Que des donn\u00e9es aussi sensibles aient pu transiter \u00e0 travers diff\u00e9rentes institutions, avec les al\u00e9as que cela suppose, le risque qu\u2019elles soient divulgu\u00e9es et r\u00e9pandues, ce n\u2019est pas acceptable\u00a0\u00bb, s\u2019offusque Boualem Hamadache. \u00ab\u00a0En 2021-2022, nous avons atteint un paroxysme avec <strong>des cas de figure de jeunes filles entr\u00e9es dans des pratiques prostitutionnelles et dont les informations nominatives \u00e9taient accessibles<\/strong>. Si elles peuvent ressurgir dans des vies adultes \u00e0 l\u2019occasion d\u2019une faille informatique, cela peut briser des vies.\u00a0\u00bb Cette fois-ci, l\u2019existence de listes est fermement d\u00e9mentie par le d\u00e9partement. Pour autant, le soup\u00e7on de publics particuli\u00e8rement vuln\u00e9rables fait dire au syndicaliste qu\u2019il existe un \u00ab\u00a0deux poids deux mesures\u00a0\u00bb.<\/p>\n<blockquote>\n<p>\u00ab Imagine-t-on la m\u00eame collecte de donn\u00e9es dans des \u00e9tablissements du 7e arrondissement, sans le consentement clair des parents\u00a0?\u00a0\u00bb<\/p>\n<\/blockquote>\n<p>D\u2019ailleurs, \u00ab cette question est au c\u0153ur de notre indignation\u00a0: ce sont des parents qui n\u2019exercent pas toutes les voies de recours qui existent\u00a0\u00bb. <strong>En cause, le manque d\u2019informations, d\u2019acc\u00e8s aux outils juridiques<\/strong>, parfois m\u00eame \u00e0 la ma\u00eetrise de la langue fran\u00e7aise.<\/p>\n<p>    <img decoding=\"async\" src=\"https:\/\/www.europesays.com\/fr\/wp-content\/uploads\/2025\/04\/illu3_streetpress_v2_1.png\" class=\"img-responsive\" alt=\"https:\/\/www.europesays.com\/fr\/wp-content\/uploads\/2025\/04\/illu3_streetpress_v2_1.png\"\/><\/p>\n<p class=\"credit\">\n            Appartenance \u00e0 une minorit\u00e9 ethnique, environnement familial, handicap\u2026 Plusieurs donn\u00e9es sensibles concernant des coll\u00e9giens exclus de leur \u00e9tablissement en Seine-Saint-Denis ont \u00e9t\u00e9 collect\u00e9es par la r\u00e9gion \u00cele-de-France. \/<br \/>\n          Cr\u00e9dits : Sh\u00e9rine Azoug        <\/p>\n<p>Dans un contexte d\u2019extr\u00eame-droitisation croissante en France, comme en Europe, comment ne pas avoir renouvel\u00e9 d\u2019efforts pour que ces donn\u00e9es ne tombent pas entre de mauvaises mains\u00a0? \u00ab\u00a0<strong>Elles pourraient \u00eatre r\u00e9cup\u00e9r\u00e9es \u00e0 des fins \u00e9lectoralistes par des personnes ayant acc\u00e8s aux administrations<\/strong>, ou travaillant en lien avec le personnel administratif. Il existe un risque que les chiffres soient ainsi d\u00e9tourn\u00e9s de leur utilisation premi\u00e8re\u00a0\u00bb, met en garde Nadia El Mrabet, enseignante-chercheuse \u00e0 l\u2019Ecole des Mines de Saint-Etienne, notamment en cryptologie. Une inqui\u00e9tude partag\u00e9e par Corinne Henin, une experte en cybers\u00e9curit\u00e9\u00a0: <\/p>\n<blockquote>\n<p>\u00ab Certains groupes politiques pourraient se baser sur ces donn\u00e9es pour extraire des statistiques douteuses bas\u00e9es sur un lien entre leur origine et leur exclusion d\u2019un \u00e9tablissement scolaire.\u00a0\u00bb<\/p>\n<\/blockquote>\n<p>D\u2019autres risques, au long cours, sont possibles pour ces coll\u00e9giens et coll\u00e9giennes. \u00ab\u00a0La plupart des employeurs ne vont pas aller jusqu\u2019\u00e0 chercher des infos pr\u00e9cises sur un candidat sur Internet, ils vont se borner au pr\u00e9nom et au nom de famille. Mais <strong>il y a un risque pour les entreprises qui utilisent l\u2019intelligence artificielle, qui pourraient naviguer sur Internet et r\u00e9cup\u00e9rer ces infos<\/strong>. L\u2019algorithme est tout sauf neutre\u00a0\u00bb, met en garde Corinne Henin. Des donn\u00e9es qui, dans la nature, pourraient aussi int\u00e9resser des assureurs, des databrokers ou permettre de cibler des personnes en situation de \u00ab\u00a0pr\u00e9carit\u00e9, demande permis de s\u00e9jour ou leur faire croire qu\u2019elles peuvent gagner de l\u2019argent ou un iPhone\u00a0\u00bb.<\/p>\n<p>Une politique trop z\u00e9l\u00e9e<\/p>\n<p>\u00ab Le traitement des donn\u00e9es sensibles est interdit sauf d\u00e9rogation dans des cas tr\u00e8s pr\u00e9cis\u00a0\u00bb, pr\u00e9cise Corinne Henin, notamment quand elle s\u2019inscrit dans une id\u00e9e d\u2019utilit\u00e9 sociale. Noria Belgherri reconna\u00eet \u00ab\u00a0la pertinence de ces programmes\u00a0\u00bb, avec une \u00ab\u00a0intention vertueuse\u00a0\u00bb. Mais quand bien m\u00eame cette collecte s\u2019y inscrirait d\u2019un point de vue strictement r\u00e9glementaire, la quadra\u2019 reste convaincue que <strong>ces bonnes intentions ne peuvent pas se faire \u00ab\u00a0\u00e0 ce prix\u00a0\u00bb<\/strong>. Le conseil d\u00e9partemental affirme que collecter ces donn\u00e9es est une condition indispensable \u00ab\u00a0pour b\u00e9n\u00e9ficier du financement du FSE. L\u2019anonymisation des donn\u00e9es n\u2019est pas possible dans ce cadre, car elle emp\u00eacherait la v\u00e9rification demand\u00e9e par le FSE\u00a0\u00bb. Un avis que ne partage pas Boualem Hamadache :<\/p>\n<blockquote>\n<p>\u00ab Il est l\u00e9gitime que le FSE essaie de s\u2019assurer que les deniers publics europ\u00e9ens sont bien utilis\u00e9s mais des statistiques anonymis\u00e9es suffiraient s\u00fbrement.\u00a0\u00bb<\/p>\n<\/blockquote>\n<p>Au-del\u00e0 du d\u00e9partement, c\u2019est la position de la r\u00e9gion qui interpelle. Dans un courrier datant de juin 2024, le Conseil de l\u2019Europe explique que l\u2019initiative de collecter ces donn\u00e9es avec un tel degr\u00e9 de pr\u00e9cisions revient bien \u00e0 la r\u00e9gion. \u00ab\u00a0Il nous semble effectivement que certaines informations demand\u00e9es dans la fiche 4.a vont au-del\u00e0 des informations strictement n\u00e9cessaires \u00e0 la collecte de donn\u00e9es requises par la r\u00e9glementation europ\u00e9enne applicable\u00a0\u00bb, peut-on y lire. Alors <strong>pourquoi l\u2019institution dirig\u00e9e par Val\u00e9rie P\u00e9cresse aurait-elle fait du z\u00e8le<\/strong>\u00a0? Si ce n\u2019est par id\u00e9ologie, peut-\u00eatre par praticit\u00e9, imagine Corinne Henin. Puisqu\u2019il est \u00ab\u00a0co\u00fbteux en temps et en \u00e9nergie \u00e0 la fois pour la personne qui r\u00e9pond et pour la personne qui demande\u00a0\u00bb de r\u00e9aliser ces collectes, autant demander plus d\u2019informations d\u2019un coup, \u00ab\u00a0au cas o\u00f9\u00a0\u00bb, explique-t-elle.<\/p>\n<p>Contact\u00e9e \u00e0 maintes reprises, <strong>la r\u00e9gion n\u2019a r\u00e9pondu que quelques lignes \u00e0 StreetPress apr\u00e8s leur bourde initiale<\/strong>. Cette derni\u00e8re a simplement assur\u00e9 que \u00ab\u00a0la collecte, la conservation et l\u2019utilisation des donn\u00e9es sont encadr\u00e9es par des r\u00e8gles strictes pour garantir la protection des donn\u00e9es personnelles des enfants en difficult\u00e9 scolaire\u00a0\u00bb. Tant pis pour \u00ab\u00a0le fond\u00a0\u00bb, leurs motivations, les questions soulev\u00e9es et les inqui\u00e9tudes de Noria Belgherri. Pour Boualem Hamadache\u00a0: <\/p>\n<blockquote>\n<p>\u00ab De la part d\u2019une puissance publique importante comme la r\u00e9gion \u00cele-de-France, la situation est \u00e9difiante alors que la s\u00e9curit\u00e9 informatique devrait \u00eatre une priorit\u00e9.\u00a0\u00bb<\/p>\n<\/blockquote>\n<p>La lenteur des r\u00e9actions<\/p>\n<p>Gr\u00e2ce au travail de longue haleine men\u00e9 par Noria Belgherri et son syndicat, quelques am\u00e9liorations ont \u00e9t\u00e9 apport\u00e9es en Seine-Saint-Denis. \u00ab\u00a0Le conseil d\u00e9partemental reconna\u00eet que les exigences initiales du FSE incluaient des champs non pertinents pour le dispositif ACTE\u00a0\u00bb, nous glisse le service de communication. <strong>\u00ab\u00a0Depuis septembre 2023, un effort a \u00e9t\u00e9 fait pour limiter les donn\u00e9es transmises au strict n\u00e9cessaire.\u00a0\u00bb<\/strong> Le d\u00e9partement est \u00e9galement en discussion avec la r\u00e9gion \u00cele-de-France, autorit\u00e9 de gestion des fonds, pour simplifier les exigences, notamment en rempla\u00e7ant les certificats de scolarit\u00e9 par d\u2019autres documents. \u00c0 partir de l\u2019ann\u00e9e scolaire 2024-2025, un nouveau formulaire d\u2019information sera mis en \u0153uvre. \u00ab\u00a0En attendant, la protection des donn\u00e9es est assur\u00e9e via un coffre-fort num\u00e9rique avec un acc\u00e8s limit\u00e9, et des mesures d\u2019anonymisation sont en cours, en particulier pour les donn\u00e9es concernant des mineurs\u00a0\u00bb, continue le conseil d\u00e9partemental.<\/p>\n<p>Noria Belgherri confirme que certaines informations ne sont plus demand\u00e9es dans le cadre du programme ACTE. Sur les formulaires, des cases ont \u00e9t\u00e9 gris\u00e9es. Mais \u00ab\u00a0quid des enfants des autres d\u00e9partements\u00a0?\u00a0\u00bb \u00c0 sa connaissance, celui de Seine-Saint-Denis est le seul \u00ab\u00a0\u00e0 avoir r\u00e9agi\u00a0\u00bb\u00a0: <\/p>\n<blockquote>\n<p>\u00ab Ailleurs, les collectes peuvent continuer sans nuance.\u00a0\u00bb<\/p>\n<\/blockquote>\n<p>La quadrag\u00e9naire regrette la ti\u00e9deur des r\u00e9actions face \u00e0 ces manquements aux droits de l\u2019enfant, notamment de la D\u00e9fenseuse des droits. L\u2019organisation a r\u00e9pondu \u00e0 StreetPress qu\u2019elle se positionnera une fois que la CNIL \u2013 le gendarme des donn\u00e9es personnelles fran\u00e7ais \u2013 rendra ses conclusions. En mai 2024, apr\u00e8s que la CNIL a \u00e9t\u00e9 saisie, une d\u00e9l\u00e9gation se rend dans les locaux du conseil d\u00e9partemental. D\u2019apr\u00e8s Boualem Hamadache, \u00ab\u00a0elle est venue faire des contr\u00f4les informatiques pour mesurer l\u2019ampleur des failles, face \u00e0 des dossiers consultables par des centaines de personnes\u00a0\u00bb. <strong>Contact\u00e9e, l\u2019autorit\u00e9 a confirm\u00e9 ce contr\u00f4le<\/strong>, sans pouvoir en dire plus\u00a0: \u00ab\u00a0Le dossier est toujours en cours d\u2019instruction.\u00a0\u00bb <\/p>\n<p>Le conseil d\u00e9partemental avance une version beaucoup plus rassurante\u00a0: la visite de la CNIL aurait permis de confirmer leurs bonnes pratiques, notamment gr\u00e2ce \u00e0 l\u2019utilisation d\u2019un canal s\u00e9curis\u00e9, utilis\u00e9 depuis fin 2023. Une r\u00e9ponse qui ne r\u00e8gle pas le principal probl\u00e8me selon Noria Belgherri\u00a0:<\/p>\n<blockquote>\n<p>\u00ab C\u2019est la nature m\u00eame des donn\u00e9es qui pose question.\u00a0\u00bb<\/p>\n<\/blockquote>\n<p>L\u2019agente est \u00ab\u00a0\u00e9puis\u00e9e\u00a0\u00bb par ce combat. Elle s\u2019inqui\u00e8te d\u2019autant plus que, <strong>face \u00e0 la baisse des dotations de l\u2019\u00c9tat, les communes et les d\u00e9partements qui financent les programmes de lutte contre le d\u00e9crochage scolaire vont \u00eatre tent\u00e9s d\u2019aller \u00ab\u00a0chercher le FSE g\u00e9r\u00e9 par la r\u00e9gion\u00a0\u00bb<\/strong>, envisage-t-elle. Au risque de mettre \u00e0 nouveau sous le tapis toute pr\u00e9caution concernant les donn\u00e9es personnelles.<\/p>\n<p>Illustration en Une et dans l\u2019article de <a href=\"https:\/\/oversherine.com\/\" target=\"_blank\" rel=\"noopener\">Sh\u00e9rine Azoug<\/a> .<\/p>\n","protected":false},"excerpt":{"rendered":"\u00ab Je suis estomaqu\u00e9e de la l\u00e9g\u00e8ret\u00e9 avec laquelle sont trait\u00e9es certaines donn\u00e9es.\u00a0\u00bb Si Noria Belgherri, agente \u00e0&hellip;\n","protected":false},"author":2,"featured_media":50781,"comment_status":"","ping_status":"","sticky":false,"template":"","format":"standard","meta":{"footnotes":""},"categories":[1592],"tags":[1111,47,11,3625,1777,674,1011,27,662,1922,5180,12,626,316,25,5181,104,5179,5178],"class_list":{"0":"post-50780","1":"post","2":"type-post","3":"status-publish","4":"format-standard","5":"has-post-thumbnail","7":"category-ile-de-france","8":"tag-actu","9":"tag-actualite","10":"tag-actualites","11":"tag-banlieue","12":"tag-eu","13":"tag-europe","14":"tag-fr","15":"tag-france","16":"tag-ile-de-france","17":"tag-info","18":"tag-magazine-urbain","19":"tag-news","20":"tag-paris","21":"tag-politique","22":"tag-republique-francaise","23":"tag-site-participatif","24":"tag-societe","25":"tag-street-press","26":"tag-streetpress"},"share_on_mastodon":{"url":"https:\/\/pubeurope.com\/@fr\/114396502714982426","error":""},"_links":{"self":[{"href":"https:\/\/www.europesays.com\/fr\/wp-json\/wp\/v2\/posts\/50780","targetHints":{"allow":["GET"]}}],"collection":[{"href":"https:\/\/www.europesays.com\/fr\/wp-json\/wp\/v2\/posts"}],"about":[{"href":"https:\/\/www.europesays.com\/fr\/wp-json\/wp\/v2\/types\/post"}],"author":[{"embeddable":true,"href":"https:\/\/www.europesays.com\/fr\/wp-json\/wp\/v2\/users\/2"}],"replies":[{"embeddable":true,"href":"https:\/\/www.europesays.com\/fr\/wp-json\/wp\/v2\/comments?post=50780"}],"version-history":[{"count":0,"href":"https:\/\/www.europesays.com\/fr\/wp-json\/wp\/v2\/posts\/50780\/revisions"}],"wp:featuredmedia":[{"embeddable":true,"href":"https:\/\/www.europesays.com\/fr\/wp-json\/wp\/v2\/media\/50781"}],"wp:attachment":[{"href":"https:\/\/www.europesays.com\/fr\/wp-json\/wp\/v2\/media?parent=50780"}],"wp:term":[{"taxonomy":"category","embeddable":true,"href":"https:\/\/www.europesays.com\/fr\/wp-json\/wp\/v2\/categories?post=50780"},{"taxonomy":"post_tag","embeddable":true,"href":"https:\/\/www.europesays.com\/fr\/wp-json\/wp\/v2\/tags?post=50780"}],"curies":[{"name":"wp","href":"https:\/\/api.w.org\/{rel}","templated":true}]}}