{"id":507800,"date":"2025-11-03T00:34:21","date_gmt":"2025-11-03T00:34:21","guid":{"rendered":"https:\/\/www.europesays.com\/fr\/507800\/"},"modified":"2025-11-03T00:34:21","modified_gmt":"2025-11-03T00:34:21","slug":"8k-4k-full-hd-cet-outil-mathematique-revele-les-vraies-limites-de-notre-perception-visuelle","status":"publish","type":"post","link":"https:\/\/www.europesays.com\/fr\/507800\/","title":{"rendered":"8K, 4K, Full HD : cet outil math\u00e9matique r\u00e9v\u00e8le les vraies limites de notre perception visuelle"},"content":{"rendered":"<p>Pourquoi acheter une t\u00e9l\u00e9vision 8K plut\u00f4t qu\u2019une 4K ou Full HD\u00a0? La question revient souvent, tant l\u2019offre technologique semble avancer plus vite que nos besoins. Plus de pixels, plus de nettet\u00e9\u2026 mais jusqu\u2019\u00e0 quel point notre \u0153il est-il capable de percevoir la diff\u00e9rence\u00a0? Derri\u00e8re cette interrogation se cache un outil math\u00e9matique puissant utilis\u00e9 en traitement du signal et en optique\u00a0: l\u2019analyse de Fourier.<\/p>\n<p>Une <a href=\"https:\/\/www.numerama.com\/tech\/1762432-quelle-tv-4k-choisir.html\" target=\"_blank\" rel=\"noopener\">t\u00e9l\u00e9vision 4K<\/a> affiche environ 8\u00a0millions de pixels, contre 33\u00a0millions pour la 8K. Sur le papier, c\u2019est une avalanche de d\u00e9tails suppl\u00e9mentaires.<\/p>\n<p>Mais l\u2019\u0153il humain n\u2019est pas un capteur parfait\u00a0: sa capacit\u00e9 \u00e0 distinguer des d\u00e9tails d\u00e9pend de la distance de visionnage et de l\u2019acuit\u00e9 visuelle. Autrement dit, si vous \u00eates trop loin de l\u2019\u00e9cran, les pixels suppl\u00e9mentaires deviennent invisibles. Un <a href=\"https:\/\/www.numerama.com\/tech\/414319-on-a-vu-la-8k-de-tres-pres-a-lifa-2018-a-quoi-ca-sert.html\" target=\"_blank\" rel=\"noopener\">\u00e9cran 8K<\/a> de 55 pouces vu \u00e0 trois m\u00e8tres sera per\u00e7u\u2026 presque comme un <a href=\"https:\/\/www.numerama.com\/tech\/1150528-quest-ce-que-la-4k.html\" data-popover-target=\"definition\" data-tag=\"Qu\u2019est-ce que la d\u00e9finition 4K\u00a0?\" data-chapo=\"La 4K est une d\u00e9finition d\u2019image dont la taille minimale est th\u00e9oriquement de 4 096 pixels. Par abus de langage, on qualifie d\u00e9sormais les \u00e9crans proposant une d\u00e9finition minimale de 3 840 x 2 160 pixels de t\u00e9l\u00e9viseurs 4K.\" data-image=\"https:\/\/c0.lestechnophiles.com\/www.numerama.com\/wp-content\/uploads\/2022\/10\/chauhan-moniz-3a0bs74t8zc-unsplash-1024x576.jpg?key=601d780f\" target=\"_blank\" rel=\"noopener\">\u00e9cran 4K<\/a>.<\/p>\n<p>Les limites de notre perception visuelle<\/p>\n<p>Il existe des m\u00e9thodes qui permettent de d\u00e9composer un signal (une image ou un son, par exemple) en ses fr\u00e9quences spatiales ou temporelles. Pour une image, comme celles affich\u00e9es par les t\u00e9l\u00e9visions dont nous parlons, les basses fr\u00e9quences correspondent aux grandes zones uniformes (un ciel bleu, un mur lisse) tandis que les hautes fr\u00e9quences traduisent les d\u00e9tails fins (les brins d\u2019herbe, le grain de la peau).<\/p>\n<p>Nos yeux, comme un appareil photo, n\u2019ont qu\u2019une capacit\u00e9 limit\u00e9e \u00e0 percevoir ces hautes fr\u00e9quences. Cette capacit\u00e9 d\u00e9pend encore plus de l\u2019acuit\u00e9 visuelle de chacun. Ainsi, <a href=\"https:\/\/www.webvision.pitt.edu\/book\/part-viii-psychophysics-of-vision\/visual-acuity\/\" target=\"_blank\" rel=\"noreferrer noopener\">l\u2019\u0153il humain a une r\u00e9solution maximale<\/a> proche de 120\u00a0pixels par degr\u00e9 angulaire.<\/p>\n<p>Cette acuit\u00e9 correspond \u00e0 la facult\u00e9 de discerner un objet de quinze\u00a0centim\u00e8tres \u00e0 une distance d\u2019un\u00a0kilom\u00e8tre, ou un grain de poussi\u00e8re \u00e0 trois\u00a0m\u00e8tres\u00a0: il est clair que la majorit\u00e9 des personnes ont une acuit\u00e9 visuelle moindre\u00a0!<\/p>\n<p>Sur une image, cette limite s\u2019appelle la \u00ab\u00a0fr\u00e9quence de coupure\u00a0\u00bb\u00a0: au-del\u00e0, les d\u00e9tails sont trop fins pour \u00eatre distingu\u00e9s, quelle que soit la richesse de l\u2019image.<\/p>\n<p>Si l\u2019on applique cette logique, la 8K ne devient vraiment utile que si\u00a0:<\/p>\n<ul class=\"wp-block-list\">\n<li>l\u2019\u00e9cran est tr\u00e8s grand,<\/li>\n<li>ou que l\u2019on s\u2019assoit tr\u00e8s pr\u00e8s,<\/li>\n<li>ou encore si l\u2019on zoome dans l\u2019image (par exemple en retouche professionnelle).<\/li>\n<\/ul>\n<p>Sinon, la fr\u00e9quence maximale que peut capter notre \u0153il est d\u00e9j\u00e0 atteinte avec la 4K. En d\u2019autres termes, la 8K \u00ab\u00a0code\u00a0\u00bb des d\u00e9tails\u2026 que notre syst\u00e8me visuel ne peut pas lire.<\/p>\n<p>Un outil math\u00e9matique puissant, la \u00ab\u00a0transform\u00e9e de Fourier\u00a0\u00bb, <a href=\"https:\/\/lejournal.cnrs.fr\/articles\/joseph-fourier-transforme-toujours-la-science\" target=\"_blank\" rel=\"noreferrer noopener\">invent\u00e9e par Joseph Fourier en 1817,<\/a> permet de quantifier cet effet.<\/p>\n<p>Une transform\u00e9e de Fourier r\u00e9v\u00e8le le \u00ab\u00a0contenu fr\u00e9quentiel\u00a0\u00bb d\u2019un signal, autrement dit sa r\u00e9partition entre les diff\u00e9rentes bandes de fr\u00e9quence. Reposons donc notre question, mais math\u00e9matiquement cette fois\u00a0: \u00ab\u00a0Est-ce que ces pixels additionnels correspondent encore \u00e0 des fr\u00e9quences spatiales perceptibles\u00a0?\u00a0\u00bb<\/p>\n<p>Ce que dit la transform\u00e9e de Fourier<\/p>\n<p>Illustrons cela avec un exemple visuel d\u2019une image et son spectre de Fourier. Si pour un son ou pour un signal radio, la transform\u00e9e de Fourier est elle-m\u00eame un signal unidimensionnel, pour une image en deux dimensions, le spectre de Fourier est lui-m\u00eame en deux dimensions avec des fr\u00e9quences dans chacune des directions de l\u2019espace.<\/p>\n<p><a href=\"https:\/\/www.numerama.com\/wp-content\/uploads\/2025\/10\/file-20251019-64-1urops.jpg\" target=\"_blank\" rel=\"noopener\"><img decoding=\"async\" width=\"1000\" height=\"1025\" loading=\"lazy\" alt=\"Une image affich\u00e9e avec deux r\u00e9solutions diff\u00e9rentes, et les transform\u00e9es de Fourier correspondantes. USC-SIPI Image Database pour la photo \/\/ Source : Saad Benjelloun\" title=\"Une image affich\u00e9e avec deux r\u00e9solutions diff\u00e9rentes, et les transform\u00e9es de Fourier correspondantes. USC-SIPI Image Database pour la photo \/\/ Source : Saad Benjelloun\" class=\"wp-image-2105561 placeholder-default wp-image\" src=\"https:\/\/www.europesays.com\/fr\/wp-content\/uploads\/2025\/11\/file-20251019-64-1urops.jpg\" \/><\/a>Une image affich\u00e9e avec deux r\u00e9solutions diff\u00e9rentes, et les transform\u00e9es de Fourier correspondantes. \/\/ Source : <a href=\"https:\/\/theconversation.com\/maths-au-quotidien-full-hd-4k-8k-ou-pourquoi-il-nest-pas-toujours-utile-daugmenter-la-resolution-de-sa-television-266414\" target=\"_blank\" rel=\"noopener\">Saad Benjelloun<\/a><\/p>\n<p>Nous voyons dans l\u2019exemple une image basse r\u00e9solution (HD simul\u00e9e) et son spectre de Fourier, ainsi qu\u2019une version haute r\u00e9solution (4K simul\u00e9e) et son spectre. Le centre du carr\u00e9 correspond aux faibles fr\u00e9quences, autour de la valeur (0,0).<\/p>\n<p>Dans la version haute r\u00e9solution (4K simul\u00e9e), le spectre contient plus de hautes fr\u00e9quences (zones color\u00e9es vers les bords, contrairement aux zones noires pour le spectre de la version Full HD), ce qui correspond aux d\u00e9tails suppl\u00e9mentaires visibles dans l\u2019image.<\/p>\n<p>Utiliser des filtres pour couper les hautes et basses fr\u00e9quences<\/p>\n<p>Regardons de plus pr\u00e8s ce qui se passe en manipulant ce spectre. On parle alors de <a href=\"https:\/\/perso.ensta-paris.fr\/%7Emanzaner\/Cours\/IAD\/AM_Filtrage.pdf\" target=\"_blank\" rel=\"noreferrer noopener\">filtres<\/a>.<\/p>\n<p><a href=\"https:\/\/www.numerama.com\/wp-content\/uploads\/2025\/10\/file-20251027-56-6omm98.png\" target=\"_blank\" rel=\"noopener\"><img decoding=\"async\" width=\"1000\" height=\"489\" loading=\"lazy\" alt=\"On filtre l\u2019image originale en supprimant les hautes fr\u00e9quences et en ne laissant passer que les basses fr\u00e9quences (on parle de \u00ab filtre passe-bas \u00bb). \/\/ Source : Saad Benjelloun\" title=\"On filtre l\u2019image originale en supprimant les hautes fr\u00e9quences et en ne laissant passer que les basses fr\u00e9quences (on parle de \u00ab filtre passe-bas \u00bb). \/\/ Source : Saad Benjelloun\" class=\"wp-image-2105569 placeholder-default wp-image\" src=\"https:\/\/www.europesays.com\/fr\/wp-content\/uploads\/2025\/11\/file-20251027-56-6omm98.png\" \/><\/a>On filtre l\u2019image originale en supprimant les hautes fr\u00e9quences et en ne laissant passer que les basses fr\u00e9quences (on parle de \u00ab filtre passe-bas \u00bb). \/\/ Source : <a target=\"_blank\" href=\"https:\/\/theconversation.com\/maths-au-quotidien-full-hd-4k-8k-ou-pourquoi-il-nest-pas-toujours-utile-daugmenter-la-resolution-de-sa-television-266414\" rel=\"noopener\">Saad Benjelloun<\/a><\/p>\n<p>Alors que l\u2019image originale est nette et contient beaucoup de d\u00e9tails, on voit que l\u2019image filtr\u00e9e, avec les hautes fr\u00e9quences supprim\u00e9es, devient floue, les contours fins disparaissent. On le voit ainsi sur le nouveau spectre de Fourier apr\u00e8s filtrage\u00a0: seules les basses fr\u00e9quences au centre ont \u00e9t\u00e9 gard\u00e9es, les hautes fr\u00e9quences (d\u00e9tails) sont supprim\u00e9es.<\/p>\n<p>C\u2019est exactement ce qui se passe quand on compresse trop une image ou quand on affiche une image HD sur un grand \u00e9cran 4K\u00a0: les hautes fr\u00e9quences sont limit\u00e9es. D\u2019ailleurs, c\u2019est pour cette raison que les t\u00e9l\u00e9viseurs 4K et 8K utilisent des techniques de \u00ab\u00a0sur\u00e9chantillonnage\u00a0\u00bb (upscaling, en anglais) et d\u2019am\u00e9lioration d\u2019image pour tenter de reconstituer et de renforcer ces hautes fr\u00e9quences manquantes et offrir ainsi une meilleure qualit\u00e9 visuelle.<\/p>\n<p><a href=\"https:\/\/www.numerama.com\/wp-content\/uploads\/2025\/10\/file-20251027-56-bt6cvg.jpg\" target=\"_blank\" rel=\"noopener\"><img decoding=\"async\" width=\"1000\" height=\"488\" loading=\"lazy\" alt=\"On filtre l\u2019image originale en supprimant les basses fr\u00e9quences et en ne laissant passer que les hautes fr\u00e9quences (on parle de \u00ab filtre passe-haut \u00bb). \/\/ Source : Saad Benjelloun\" title=\"On filtre l\u2019image originale en supprimant les basses fr\u00e9quences et en ne laissant passer que les hautes fr\u00e9quences (on parle de \u00ab filtre passe-haut \u00bb). \/\/ Source : Saad Benjelloun\" class=\"wp-image-2105571 placeholder-default wp-image\" src=\"https:\/\/www.europesays.com\/fr\/wp-content\/uploads\/2025\/11\/file-20251027-56-bt6cvg.jpg\" \/><\/a>On filtre l\u2019image originale en supprimant les basses fr\u00e9quences et en ne laissant passer que les hautes fr\u00e9quences (on parle de \u00ab filtre passe-haut \u00bb). \/\/ Source : <a target=\"_blank\" href=\"https:\/\/theconversation.com\/maths-au-quotidien-full-hd-4k-8k-ou-pourquoi-il-nest-pas-toujours-utile-daugmenter-la-resolution-de-sa-television-266414\" rel=\"noopener\">Saad Benjelloun<\/a><\/p>\n<p>Inversement, sur l\u2019image filtr\u00e9e avec les basses fr\u00e9quences supprim\u00e9es, il ne reste que les contours et d\u00e9tails fins, comme un d\u00e9tecteur de bords. Dans le spectre de Fourier, le centre (basses fr\u00e9quences) est supprim\u00e9, seules les hautes fr\u00e9quences autour des bords subsistent.<\/p>\n<p>Alors, faut-il absolument acheter une 8K pour suivre votre prochaine comp\u00e9tition sportive pr\u00e9f\u00e9r\u00e9e\u00a0? Pas forc\u00e9ment. \u00c0 moins d\u2019avoir un tr\u00e8s grand salon\u00a0!<\/p>\n<p><a href=\"https:\/\/www.numerama.com\/wp-content\/uploads\/2021\/12\/the-conversation-logo.jpg\" target=\"_blank\" rel=\"noopener\"><img decoding=\"async\" width=\"350\" height=\"40\" loading=\"lazy\" alt=\"The conversation logo\" title=\"The conversation logo\" class=\"wp-image-785861 placeholder-default wp-image\" src=\"https:\/\/www.europesays.com\/fr\/wp-content\/uploads\/2025\/11\/the-conversation-logo.jpg\" \/><\/a><\/p>\n<p><a href=\"https:\/\/theconversation.com\/profiles\/saad-benjelloun-2493494\" target=\"_blank\" rel=\"noreferrer noopener\">Saad Benjelloun<\/a>, Responsable du d\u00e9partement de math\u00e9matiques, <a href=\"https:\/\/theconversation.com\/institutions\/pole-leonard-de-vinci-2391\" target=\"_blank\" rel=\"noreferrer noopener\">P\u00f4le L\u00e9onard de Vinci<\/a><\/p>\n<p>Cet article est republi\u00e9 \u00e0 partir de <a href=\"https:\/\/theconversation.com\" target=\"_blank\" rel=\"noreferrer noopener\">The Conversation<\/a> sous licence Creative Commons. Lire l\u2019<a href=\"https:\/\/theconversation.com\/maths-au-quotidien-full-hd-4k-8k-ou-pourquoi-il-nest-pas-toujours-utile-daugmenter-la-resolution-de-sa-television-266414\" target=\"_blank\" rel=\"noreferrer noopener\">article original<\/a>.<\/p>\n<p>            <img decoding=\"async\" src=\"https:\/\/www.europesays.com\/fr\/wp-content\/uploads\/2025\/04\/iPhone-16-pro.png\" alt=\"Toute l'actu tech en un clien d'oeil\"\/><\/p>\n<p class=\"card-install-pwa__title\">Toute l&rsquo;actu tech en un clin d&rsquo;\u0153il<\/p>\n<p class=\"card-install-pwa__description\">Ajoutez Numerama \u00e0 votre \u00e9cran d&rsquo;accueil et restez connect\u00e9s au futur !<\/p>\n<p>            <img decoding=\"async\" src=\"https:\/\/www.numerama.com\/wp-content\/themes\/numerama-next\/assets\/images\/premium\/logo-card-pwa-coupe.svg\" alt=\"Logo PWA\"\/><\/p>\n<p>       Installer Numerama<\/p>\n","protected":false},"excerpt":{"rendered":"Pourquoi acheter une t\u00e9l\u00e9vision 8K plut\u00f4t qu\u2019une 4K ou Full HD\u00a0? La question revient souvent, tant l\u2019offre technologique&hellip;\n","protected":false},"author":2,"featured_media":507801,"comment_status":"","ping_status":"","sticky":false,"template":"","format":"standard","meta":{"footnotes":""},"categories":[7],"tags":[1406,62955,1011,27,43,40,41,39,42,44,10280,252,14962],"class_list":{"0":"post-507800","1":"post","2":"type-post","3":"status-publish","4":"format-standard","5":"has-post-thumbnail","7":"category-sciences-et-technologies","8":"tag-4k","9":"tag-8k","10":"tag-fr","11":"tag-france","12":"tag-science","13":"tag-science-and-technology","14":"tag-sciences","15":"tag-sciences-et-technologies","16":"tag-technologies","17":"tag-technology","18":"tag-televiseur","19":"tag-television","20":"tag-the-conversation"},"share_on_mastodon":{"url":"https:\/\/pubeurope.com\/@fr\/115482963318399186","error":""},"_links":{"self":[{"href":"https:\/\/www.europesays.com\/fr\/wp-json\/wp\/v2\/posts\/507800","targetHints":{"allow":["GET"]}}],"collection":[{"href":"https:\/\/www.europesays.com\/fr\/wp-json\/wp\/v2\/posts"}],"about":[{"href":"https:\/\/www.europesays.com\/fr\/wp-json\/wp\/v2\/types\/post"}],"author":[{"embeddable":true,"href":"https:\/\/www.europesays.com\/fr\/wp-json\/wp\/v2\/users\/2"}],"replies":[{"embeddable":true,"href":"https:\/\/www.europesays.com\/fr\/wp-json\/wp\/v2\/comments?post=507800"}],"version-history":[{"count":0,"href":"https:\/\/www.europesays.com\/fr\/wp-json\/wp\/v2\/posts\/507800\/revisions"}],"wp:featuredmedia":[{"embeddable":true,"href":"https:\/\/www.europesays.com\/fr\/wp-json\/wp\/v2\/media\/507801"}],"wp:attachment":[{"href":"https:\/\/www.europesays.com\/fr\/wp-json\/wp\/v2\/media?parent=507800"}],"wp:term":[{"taxonomy":"category","embeddable":true,"href":"https:\/\/www.europesays.com\/fr\/wp-json\/wp\/v2\/categories?post=507800"},{"taxonomy":"post_tag","embeddable":true,"href":"https:\/\/www.europesays.com\/fr\/wp-json\/wp\/v2\/tags?post=507800"}],"curies":[{"name":"wp","href":"https:\/\/api.w.org\/{rel}","templated":true}]}}