{"id":507806,"date":"2025-11-03T00:37:10","date_gmt":"2025-11-03T00:37:10","guid":{"rendered":"https:\/\/www.europesays.com\/fr\/507806\/"},"modified":"2025-11-03T00:37:10","modified_gmt":"2025-11-03T00:37:10","slug":"pour-alger-la-denonciation-de-laccord-de-1968-a-lassemblee-nationale-est-une-affaire-franco-francaise","status":"publish","type":"post","link":"https:\/\/www.europesays.com\/fr\/507806\/","title":{"rendered":"Pour Alger, la d\u00e9nonciation de l&rsquo;accord de 1968 \u00e0 l\u2019Assembl\u00e9e nationale est \u00abune affaire franco-fran\u00e7aise\u00bb"},"content":{"rendered":"<p>\n    \u00abC\u2019est attristant de voir un pays aussi grand que la France faire de l\u2019histoire d\u2019un autre pays, ind\u00e9pendant, souverain, l\u2019objet d\u2019une comp\u00e9tition \u00e9lectorale anticip\u00e9e\u00bb, a d\u00e9clar\u00e9 le ministre alg\u00e9rien des Affaires \u00e9trang\u00e8res.<\/p>\n<p class=\"fig-paragraph\">Le ministre alg\u00e9rien des Affaires \u00e9trang\u00e8res Ahmed Attaf a affirm\u00e9 dimanche que\u00a0<a href=\"http:\/\/www.lefigaro.fr\/politique\/france-algerie-le-rn-fait-adopter-a-l-assemblee-la-denonciation-des-accords-de-1968-20251030\" target=\"_blank\" data-fig-type=\"Article\" rel=\"noopener\" data-gtm-custom-categorie=\"navigation\" data-gtm-custom-action=\"crossclick\" data-gtm-custom-label=\"Contextuel\" data-gtm-event=\"customEventSPE\" data-fig-domain=\"LEFIGARO\">l&rsquo;adoption \u00e0 l&rsquo;Assembl\u00e9e nationale fran\u00e7aise d&rsquo;une r\u00e9solution visant \u00e0 d\u00e9noncer l&rsquo;accord franco-alg\u00e9rien de 1968<\/a>\u00a0\u00e9tait, pour le moment, une affaire \u00abfranco-fran\u00e7aise\u00bb. \u00abC&rsquo;est attristant de voir un pays aussi grand que la France faire de l&rsquo;histoire d&rsquo;un autre pays, ind\u00e9pendant, souverain, l&rsquo;objet d&rsquo;une comp\u00e9tition \u00e9lectorale anticip\u00e9e en France\u00bb, a dit M. Attaf dans un entretien \u00e0 la cha\u00eene d&rsquo;information alg\u00e9rienne AL24.<\/p>\n<p class=\"fig-paragraph\">\u00abTr\u00e8s sinc\u00e8rement, j&rsquo;ai beaucoup de respect pour l&rsquo;Assembl\u00e9e nationale fran\u00e7aise, mais lorsque j&rsquo;ai vu ce vote (&#8230;), la premi\u00e8re pens\u00e9e qui m&rsquo;est venue \u00e0 l&rsquo;esprit (est) \u201cla course \u00e0 l&rsquo;\u00e9chalote se poursuit\u201d\u00bb, a-t-il d\u00e9clar\u00e9.<\/p>\n<p>                                    <a class=\"fig-a11y-skip a11y-hidden\" href=\"#fig-a11y-skip-main-inarticle\"><br \/>\n        Passer la publicit\u00e9<br \/>\n    <\/a><\/p>\n<p class=\"fig-paragraph\">Jeudi, les d\u00e9put\u00e9s fran\u00e7ais ont adopt\u00e9 une proposition de r\u00e9solution du Rassemblement national (RN, extr\u00eame droite) visant \u00e0 \u00abd\u00e9noncer\u00bb l&rsquo;accord franco-alg\u00e9rien de 1968, dans un geste symbolique. Ce texte, non contraignant, a \u00e9t\u00e9 adopt\u00e9 \u00e0 une majorit\u00e9 d&rsquo;une voix par la chambre basse du Parlement fran\u00e7ais, gr\u00e2ce \u00e0 l&rsquo;appui de d\u00e9put\u00e9s des partis de droite LR et Horizons.<\/p>\n<p>\u00abC\u2019est une affaire int\u00e9rieure\u00bb<\/p>\n<p class=\"fig-paragraph\">\u00abSur le fond, cette affaire est une affaire entre l&rsquo;Assembl\u00e9e nationale fran\u00e7aise et le gouvernement fran\u00e7ais. C&rsquo;est une affaire int\u00e9rieure, c&rsquo;est une affaire franco-fran\u00e7aise. Elle ne nous concerne pas pour le moment\u00bb, a soulign\u00e9 le chef de la diplomatie alg\u00e9rienne. M. Attaf a toutefois pr\u00e9cis\u00e9 qu&rsquo;\u00abelle pourrait nous concerner si \u00e7a devient une affaire de gouvernement \u00e0 gouvernement parce que l&rsquo;accord de 68 est un accord intergouvernemental. C&rsquo;est un accord international et le gouvernement fran\u00e7ais ne nous a rien dit \u00e0 ce sujet et donc sur le fond, nous ne r\u00e9agissons pas.\u00bb \u00abNous n&rsquo;avons rien vu venir et nous esp\u00e9rons ne rien voir venir\u00bb, a conclu le ministre alg\u00e9rien.<\/p>\n<p class=\"fig-paragraph\">Cet accord, sign\u00e9 six ans apr\u00e8s la fin de la guerre d&rsquo;Alg\u00e9rie (1954-1962), cr\u00e9e un r\u00e9gime d&rsquo;immigration favorable pour les Alg\u00e9riens, qui n&rsquo;ont pas besoin de visa sp\u00e9cifique pour rester plus de 3 mois en France et acc\u00e8dent plus rapidement que les autres \u00e9trangers aux titres de s\u00e9jour pour 10 ans, y compris dans le cadre du regroupement familial.<\/p>\n<p class=\"fig-paragraph\"><a href=\"http:\/\/www.lefigaro.fr\/politique\/le-degel-deja-menace-entre-paris-et-alger-20251030\" target=\"_blank\" data-fig-type=\"Article\" rel=\"noopener\" data-gtm-custom-categorie=\"navigation\" data-gtm-custom-action=\"crossclick\" data-gtm-custom-label=\"Contextuel\" data-gtm-event=\"customEventSPE\" data-fig-domain=\"LEFIGARO\">Paris et Alger sont emp\u00eatr\u00e9s depuis plus d&rsquo;un an dans une crise diplomatique<\/a>, \u00e0 la suite de la reconnaissance \u00e0 l&rsquo;\u00e9t\u00e9 2024 par la France d&rsquo;un plan d&rsquo;autonomie \u00absous souverainet\u00e9 marocaine\u00bb pour le Sahara occidental.<\/p>\n","protected":false},"excerpt":{"rendered":"\u00abC\u2019est attristant de voir un pays aussi grand que la France faire de l\u2019histoire d\u2019un autre pays, ind\u00e9pendant,&hellip;\n","protected":false},"author":2,"featured_media":507807,"comment_status":"","ping_status":"","sticky":false,"template":"","format":"standard","meta":{"footnotes":""},"categories":[4],"tags":[11,15,1011,27,12,25],"class_list":{"0":"post-507806","1":"post","2":"type-post","3":"status-publish","4":"format-standard","5":"has-post-thumbnail","7":"category-france","8":"tag-actualites","9":"tag-algerie","10":"tag-fr","11":"tag-france","12":"tag-news","13":"tag-republique-francaise"},"share_on_mastodon":{"url":"https:\/\/pubeurope.com\/@fr\/115482974259958289","error":""},"_links":{"self":[{"href":"https:\/\/www.europesays.com\/fr\/wp-json\/wp\/v2\/posts\/507806","targetHints":{"allow":["GET"]}}],"collection":[{"href":"https:\/\/www.europesays.com\/fr\/wp-json\/wp\/v2\/posts"}],"about":[{"href":"https:\/\/www.europesays.com\/fr\/wp-json\/wp\/v2\/types\/post"}],"author":[{"embeddable":true,"href":"https:\/\/www.europesays.com\/fr\/wp-json\/wp\/v2\/users\/2"}],"replies":[{"embeddable":true,"href":"https:\/\/www.europesays.com\/fr\/wp-json\/wp\/v2\/comments?post=507806"}],"version-history":[{"count":0,"href":"https:\/\/www.europesays.com\/fr\/wp-json\/wp\/v2\/posts\/507806\/revisions"}],"wp:featuredmedia":[{"embeddable":true,"href":"https:\/\/www.europesays.com\/fr\/wp-json\/wp\/v2\/media\/507807"}],"wp:attachment":[{"href":"https:\/\/www.europesays.com\/fr\/wp-json\/wp\/v2\/media?parent=507806"}],"wp:term":[{"taxonomy":"category","embeddable":true,"href":"https:\/\/www.europesays.com\/fr\/wp-json\/wp\/v2\/categories?post=507806"},{"taxonomy":"post_tag","embeddable":true,"href":"https:\/\/www.europesays.com\/fr\/wp-json\/wp\/v2\/tags?post=507806"}],"curies":[{"name":"wp","href":"https:\/\/api.w.org\/{rel}","templated":true}]}}