{"id":507812,"date":"2025-11-03T00:43:11","date_gmt":"2025-11-03T00:43:11","guid":{"rendered":"https:\/\/www.europesays.com\/fr\/507812\/"},"modified":"2025-11-03T00:43:11","modified_gmt":"2025-11-03T00:43:11","slug":"la-prime-air-bois-de-la-metropole-du-grand-nancy","status":"publish","type":"post","link":"https:\/\/www.europesays.com\/fr\/507812\/","title":{"rendered":"La Prime Air Bois de la M\u00e9tropole du Grand Nancy"},"content":{"rendered":"<p style=\"text-align: justify;\">Cette prime s\u2019adresse aux propri\u00e9taires d\u2019un logement situ\u00e9 dans l\u2019une des 20\u00a0communes de l\u2019agglom\u00e9ration. Elle\u00a0permet de remplacer un po\u00eale, une chaudi\u00e8re \u00e0 bois, un insert ou un foyer ouvert, datant d\u2019avant 2005, par un appareil labellis\u00e9 Flamme Verte ou \u00e9quivalent.<\/p>\n<p>Un air plus sain, des logements mieux isol\u00e9s et des factures all\u00e9g\u00e9es\u00a0!<\/p>\n<p style=\"text-align: justify;\">Le montant de l\u2019aide s\u2019\u00e9l\u00e8ve \u00e0 1\u00a0500\u00a0\u20ac, avec une bonification de 1\u00a0000\u00a0\u20ac suppl\u00e9mentaire pour les m\u00e9nages aux revenus modestes. La Prime Air Bois est cumulable avec MaPrimeR\u00e9nov\u2019, l\u2019\u00e9co-pr\u00eat \u00e0 taux z\u00e9ro et la TVA \u00e0 5,5\u00a0%, pouvant couvrir jusqu\u2019\u00e0 60\u00a0% de la facture finale.<\/p>\n<p style=\"text-align: justify;\">Selon l\u2019ADEME, remplacer un ancien appareil par un mod\u00e8le performant permet de diviser par\u00a010 les \u00e9missions de particules fines et de r\u00e9duire de moiti\u00e9 les co\u00fbts de chauffage. Depuis janvier 2024, 360\u00a0dossiers ont d\u00e9j\u00e0 \u00e9t\u00e9 accompagn\u00e9s par l\u2019ALEC Nancy Grands Territoires (Agence locale de l\u2019\u00c9nergie et du Climat), \u00e9vitant l\u2019\u00e9mission de plus de huit tonnes de particules fines.<\/p>\n<p>Des d\u00e9marches facilit\u00e9es<\/p>\n<p style=\"text-align: justify;\">Prenez rendez-vous avec un conseiller de l\u2019ALEC pour d\u00e9finir votre projet et b\u00e9n\u00e9ficier d\u2019un accompagnement technique et administratif, gratuit et neutre. D\u00e9posez votre demande d\u2019aide avant le d\u00e9but des travaux, avec les pi\u00e8ces justificatives et un ou plusieurs devis de professionnels RGE. Une fois l\u2019aide valid\u00e9e, les travaux peuvent \u00eatre r\u00e9alis\u00e9s et la prime est vers\u00e9e, par la M\u00e9tropole du Grand Nancy, sur pr\u00e9sentation des factures.<\/p>\n<p>&#13;<br \/>\n                                            Contenu con\u00e7u et propos\u00e9 par EBRA inspirations&#13;<br \/>\n                        avec ALEC Nancy Grands Territoires&#13;\n                                    <\/p>\n","protected":false},"excerpt":{"rendered":"Cette prime s\u2019adresse aux propri\u00e9taires d\u2019un logement situ\u00e9 dans l\u2019une des 20\u00a0communes de l\u2019agglom\u00e9ration. Elle\u00a0permet de remplacer un&hellip;\n","protected":false},"author":2,"featured_media":507813,"comment_status":"","ping_status":"","sticky":false,"template":"","format":"standard","meta":{"footnotes":""},"categories":[9635],"tags":[1111,11,7884,1777,674,1011,27,775,1702,12,25],"class_list":{"0":"post-507812","1":"post","2":"type-post","3":"status-publish","4":"format-standard","5":"has-post-thumbnail","7":"category-nancy","8":"tag-actu","9":"tag-actualites","10":"tag-articles-partenaires","11":"tag-eu","12":"tag-europe","13":"tag-fr","14":"tag-france","15":"tag-grand-est","16":"tag-nancy","17":"tag-news","18":"tag-republique-francaise"},"share_on_mastodon":{"url":"https:\/\/pubeurope.com\/@fr\/115482997964226825","error":""},"_links":{"self":[{"href":"https:\/\/www.europesays.com\/fr\/wp-json\/wp\/v2\/posts\/507812","targetHints":{"allow":["GET"]}}],"collection":[{"href":"https:\/\/www.europesays.com\/fr\/wp-json\/wp\/v2\/posts"}],"about":[{"href":"https:\/\/www.europesays.com\/fr\/wp-json\/wp\/v2\/types\/post"}],"author":[{"embeddable":true,"href":"https:\/\/www.europesays.com\/fr\/wp-json\/wp\/v2\/users\/2"}],"replies":[{"embeddable":true,"href":"https:\/\/www.europesays.com\/fr\/wp-json\/wp\/v2\/comments?post=507812"}],"version-history":[{"count":0,"href":"https:\/\/www.europesays.com\/fr\/wp-json\/wp\/v2\/posts\/507812\/revisions"}],"wp:featuredmedia":[{"embeddable":true,"href":"https:\/\/www.europesays.com\/fr\/wp-json\/wp\/v2\/media\/507813"}],"wp:attachment":[{"href":"https:\/\/www.europesays.com\/fr\/wp-json\/wp\/v2\/media?parent=507812"}],"wp:term":[{"taxonomy":"category","embeddable":true,"href":"https:\/\/www.europesays.com\/fr\/wp-json\/wp\/v2\/categories?post=507812"},{"taxonomy":"post_tag","embeddable":true,"href":"https:\/\/www.europesays.com\/fr\/wp-json\/wp\/v2\/tags?post=507812"}],"curies":[{"name":"wp","href":"https:\/\/api.w.org\/{rel}","templated":true}]}}