{"id":507826,"date":"2025-11-03T00:55:12","date_gmt":"2025-11-03T00:55:12","guid":{"rendered":"https:\/\/www.europesays.com\/fr\/507826\/"},"modified":"2025-11-03T00:55:12","modified_gmt":"2025-11-03T00:55:12","slug":"le-bastion-14-cherche-de-nouveaux-artistes-pour-2026","status":"publish","type":"post","link":"https:\/\/www.europesays.com\/fr\/507826\/","title":{"rendered":"le Bastion 14 cherche de nouveaux artistes pour 2026"},"content":{"rendered":"<p>Cette ann\u00e9e, la collectivit\u00e9 strasbourgeoise lance un appel \u00e0 candidatures en vue de l\u2019attribution de onze places au Bastion 14 pour une installation en juin\u00a02026. R\u00e9serv\u00e9s aux artistes professionnels des arts visuels du territoire strasbourgeois, les ateliers sont mis \u00e0 disposition pour une dur\u00e9e initiale de deux ans, renouvelable une fois.<\/p>\n<p>Avant le 30 novembre 2025<\/p>\n<p>Un jury compos\u00e9 d\u2019experts et d\u2019artistes examinera les candidatures et s\u00e9lectionnera les laur\u00e9ats en janvier\u00a02026. Les conditions d\u2019acc\u00e8s, la description des espaces, ainsi que les modalit\u00e9s de candidature et de s\u00e9lection <a href=\"https:\/\/www.dna.fr\/culture-loisirs\/2025\/11\/02\/culture.strasbourg.eu\/pro\/discipline-domaine\/arts-visuels\/ateliers-artistes\/\" target=\"_blank\" rel=\"nofollow noopener\">sont consultables sur le site de la Ville<\/a>. Les dossiers complets sont \u00e0 d\u00e9poser en ligne sur le Portail des Aides, avant le 30\u00a0novembre 2025.<\/p>\n<p>Cinq autres ateliers<\/p>\n<p>Par ailleurs, cinq autres ateliers, les Ateliers Bois, sont ouverts depuis 2019 \u00e0 La Virgule-Coop, dans le quartier du Port du Rhin, en lien avec d\u2019autres cr\u00e9ateurs et cr\u00e9atrices r\u00e9unis en associations \u00e0 vocation artistique et culturelle sur ce site municipal (Les Ateliers \u00c9clair\u00e9s, Cric et Garage Coop).<br \/>En 2025, la Ville accompagne, dans le cadre de sa politique de soutien \u00e0 la cr\u00e9ation, 52 artistes install\u00e9s dans ses 27 ateliers municipaux.<\/p>\n","protected":false},"excerpt":{"rendered":"Cette ann\u00e9e, la collectivit\u00e9 strasbourgeoise lance un appel \u00e0 candidatures en vue de l\u2019attribution de onze places au&hellip;\n","protected":false},"author":2,"featured_media":507827,"comment_status":"","ping_status":"","sticky":false,"template":"","format":"standard","meta":{"footnotes":""},"categories":[2820],"tags":[1111,11,1687,2880,1777,674,107,1011,27,775,12,25,640],"class_list":{"0":"post-507826","1":"post","2":"type-post","3":"status-publish","4":"format-standard","5":"has-post-thumbnail","7":"category-strasbourg","8":"tag-actu","9":"tag-actualites","10":"tag-culture-loisirs","11":"tag-edition-strasbourg","12":"tag-eu","13":"tag-europe","14":"tag-fil-info","15":"tag-fr","16":"tag-france","17":"tag-grand-est","18":"tag-news","19":"tag-republique-francaise","20":"tag-strasbourg"},"share_on_mastodon":{"url":"https:\/\/pubeurope.com\/@fr\/115483045022866495","error":""},"_links":{"self":[{"href":"https:\/\/www.europesays.com\/fr\/wp-json\/wp\/v2\/posts\/507826","targetHints":{"allow":["GET"]}}],"collection":[{"href":"https:\/\/www.europesays.com\/fr\/wp-json\/wp\/v2\/posts"}],"about":[{"href":"https:\/\/www.europesays.com\/fr\/wp-json\/wp\/v2\/types\/post"}],"author":[{"embeddable":true,"href":"https:\/\/www.europesays.com\/fr\/wp-json\/wp\/v2\/users\/2"}],"replies":[{"embeddable":true,"href":"https:\/\/www.europesays.com\/fr\/wp-json\/wp\/v2\/comments?post=507826"}],"version-history":[{"count":0,"href":"https:\/\/www.europesays.com\/fr\/wp-json\/wp\/v2\/posts\/507826\/revisions"}],"wp:featuredmedia":[{"embeddable":true,"href":"https:\/\/www.europesays.com\/fr\/wp-json\/wp\/v2\/media\/507827"}],"wp:attachment":[{"href":"https:\/\/www.europesays.com\/fr\/wp-json\/wp\/v2\/media?parent=507826"}],"wp:term":[{"taxonomy":"category","embeddable":true,"href":"https:\/\/www.europesays.com\/fr\/wp-json\/wp\/v2\/categories?post=507826"},{"taxonomy":"post_tag","embeddable":true,"href":"https:\/\/www.europesays.com\/fr\/wp-json\/wp\/v2\/tags?post=507826"}],"curies":[{"name":"wp","href":"https:\/\/api.w.org\/{rel}","templated":true}]}}