{"id":507846,"date":"2025-11-03T01:07:39","date_gmt":"2025-11-03T01:07:39","guid":{"rendered":"https:\/\/www.europesays.com\/fr\/507846\/"},"modified":"2025-11-03T01:07:39","modified_gmt":"2025-11-03T01:07:39","slug":"angers-sco-ce-quon-a-aime-et-pas-aime-du-match-a-lille","status":"publish","type":"post","link":"https:\/\/www.europesays.com\/fr\/507846\/","title":{"rendered":"Angers Sco. Ce qu&rsquo;on a aim\u00e9 et pas aim\u00e9 du match \u00e0 Lille"},"content":{"rendered":"<p><img decoding=\"async\" class=\"\" style=\"width:100%\" src=\"https:\/\/www.europesays.com\/fr\/wp-content\/uploads\/2025\/11\/G4xCMDRWMAAdM9s1762107362944.jpg\" alt=\"Haris Belkebla et les Angevins n'ont pas r\u00e9ussi \u00e0 \u00eatre dangereux \u00e0 Lille.\"\/><\/p>\n<p>Haris Belkebla et les Angevins n&rsquo;ont pas r\u00e9ussi \u00e0 \u00eatre dangereux \u00e0 Lille.<\/p>\n<p>Cr\u00e9dit : Angers Sco<\/p>\n<p>Angers Sco n&rsquo;a pas r\u00e9ussi \u00e0 faire un nouveau coup face \u00e0 une formation europ\u00e9enne de Ligue 1. Face au Losc, les Angevins n&rsquo;ont pas \u00e9t\u00e9 assez incisifs en attaque pour pouvoir revenir au score (1-0).<\/p>\n<p><strong>Ce qu&rsquo;on a aim\u00e9 : le jeu dos au but de Sidiki Ch\u00e9rif<\/strong><\/p>\n<p>De match en match, le jeune attaquant angevin progresse dans des registres diff\u00e9rents. Align\u00e9 \u00e0 la pointe de l&rsquo;attaque, il a su g\u00e9rer beaucoup de ballon ingrats en d\u00e9viation. D&rsquo;abord musel\u00e9, il est peu \u00e0 peu sorti de son marquage pour d\u00e9vier, prendre appui sur son vis-\u00e0-vis et montrer de la puissance. Son jeu dos au but a permis de remonter plusieurs ballons pour le Sco mais l&rsquo;a, en revanche, priv\u00e9 de certaines courses plus instinctives vers l&rsquo;avant.<\/p>\n<p><strong>Ce qu&rsquo;on n&rsquo;a pas aim\u00e9 : les mauvais choix en attaque<\/strong><\/p>\n<p>Sur une rencontre o\u00f9 l&rsquo;\u00e9quipe adverse, il fallait \u00eatre irr\u00e9prochable dans les choix de passes ou de frappes devant. Dans ce domaine, et malgr\u00e9 une \u00e9norme d\u00e9bauche d&rsquo;\u00e9nergie, Amine Sba\u00ef n&rsquo;a pas toujours fait le geste juste pour servir le bon partenaire. \u00ab\u00a0Ces joeuurs l\u00e0 on ne peut pas les brider, il faut accepter le d\u00e9chet\u00a0\u00bb, a dit Alexandre Dujeux apr\u00e8s la rencontre. Certaines actions auraient m\u00e9rit\u00e9 d&rsquo;\u00eatre mieux d\u00e9velopp\u00e9es, jou\u00e9es plus rapidement vers l&rsquo;avant pour contrer les Lillois. Mais l&rsquo;encha\u00eenement des rencontres a \u00e9videmment jou\u00e9 sur la capacit\u00e9 \u00e0 animer la rencontre.<\/p>\n","protected":false},"excerpt":{"rendered":"Haris Belkebla et les Angevins n&rsquo;ont pas r\u00e9ussi \u00e0 \u00eatre dangereux \u00e0 Lille. Cr\u00e9dit : Angers Sco Angers&hellip;\n","protected":false},"author":2,"featured_media":507847,"comment_status":"","ping_status":"","sticky":false,"template":"","format":"standard","meta":{"footnotes":""},"categories":[2815],"tags":[1111,11,1438,460,18314,1777,674,2257,63,1011,27,811,66,1307,13291,12,25,17981,517],"class_list":{"0":"post-507846","1":"post","2":"type-post","3":"status-publish","4":"format-standard","5":"has-post-thumbnail","7":"category-lille","8":"tag-actu","9":"tag-actualites","10":"tag-angers","11":"tag-angers-sco","12":"tag-anjou","13":"tag-eu","14":"tag-europe","15":"tag-foot","16":"tag-football","17":"tag-fr","18":"tag-france","19":"tag-hauts-de-france","20":"tag-ligue-1","21":"tag-lille","22":"tag-maine-et-loire","23":"tag-news","24":"tag-republique-francaise","25":"tag-sco","26":"tag-sport"},"share_on_mastodon":{"url":"https:\/\/pubeurope.com\/@fr\/115483093191399356","error":""},"_links":{"self":[{"href":"https:\/\/www.europesays.com\/fr\/wp-json\/wp\/v2\/posts\/507846","targetHints":{"allow":["GET"]}}],"collection":[{"href":"https:\/\/www.europesays.com\/fr\/wp-json\/wp\/v2\/posts"}],"about":[{"href":"https:\/\/www.europesays.com\/fr\/wp-json\/wp\/v2\/types\/post"}],"author":[{"embeddable":true,"href":"https:\/\/www.europesays.com\/fr\/wp-json\/wp\/v2\/users\/2"}],"replies":[{"embeddable":true,"href":"https:\/\/www.europesays.com\/fr\/wp-json\/wp\/v2\/comments?post=507846"}],"version-history":[{"count":0,"href":"https:\/\/www.europesays.com\/fr\/wp-json\/wp\/v2\/posts\/507846\/revisions"}],"wp:featuredmedia":[{"embeddable":true,"href":"https:\/\/www.europesays.com\/fr\/wp-json\/wp\/v2\/media\/507847"}],"wp:attachment":[{"href":"https:\/\/www.europesays.com\/fr\/wp-json\/wp\/v2\/media?parent=507846"}],"wp:term":[{"taxonomy":"category","embeddable":true,"href":"https:\/\/www.europesays.com\/fr\/wp-json\/wp\/v2\/categories?post=507846"},{"taxonomy":"post_tag","embeddable":true,"href":"https:\/\/www.europesays.com\/fr\/wp-json\/wp\/v2\/tags?post=507846"}],"curies":[{"name":"wp","href":"https:\/\/api.w.org\/{rel}","templated":true}]}}