{"id":50786,"date":"2025-04-25T03:37:18","date_gmt":"2025-04-25T03:37:18","guid":{"rendered":"https:\/\/www.europesays.com\/fr\/50786\/"},"modified":"2025-04-25T03:37:18","modified_gmt":"2025-04-25T03:37:18","slug":"richard-avedon-ses-photographies-iconiques-exposees-a-paris","status":"publish","type":"post","link":"https:\/\/www.europesays.com\/fr\/50786\/","title":{"rendered":"Richard Avedon : ses photographies iconiques expos\u00e9es \u00e0 Paris"},"content":{"rendered":"<p>L&rsquo;ouvrage embl\u00e9matique In the American West de <strong>Richard Avedon<\/strong> f\u00eate son 40\u00e8me anniversaire cette ann\u00e9e. \u00c0 cette occasion, certains de ses plus beaux clich\u00e9s sont expos\u00e9s \u00e0 la <a href=\"https:\/\/www.vogue.fr\/article\/weegee-exposition-photo-fondation-henri-cartier-bresson\" target=\"_blank\" rel=\"nofollow noopener\">Fondation Henri Cartier-Bresson<\/a>, \u00e0 Paris, en collaboration avec la Richard Avedon Foundation. Une belle fa\u00e7on de (re)d\u00e9couvrir les photographies mythiques de celui qui a parcouru, et captur\u00e9, l&rsquo;Ouest am\u00e9ricain des ann\u00e9es 1980.<\/p>\n<p>De la photographie de guerre \u00e0 la photographie de mode<\/p>\n<p>N\u00e9 en 1923, <a href=\"https:\/\/www.vogue.fr\/dossier\/richard-avedon\" target=\"_blank\" rel=\"nofollow noopener\"><strong>Richard Avedon<\/strong><\/a> se passionne pour la photographie d\u00e8s l&rsquo;\u00e2ge de 12 ans, lorsqu&rsquo;il rejoint le YMHA Camera Club, une association pour les communaut\u00e9s juives qui offre un large programme \u00e9ducatif et culturel. Lors de la Seconde Guerre mondiale, il s\u2019engage dans les forces arm\u00e9es et sert comme compagnon de photographe de deuxi\u00e8me classe dans la marine. Apr\u00e8s deux ans de service, il perfectionne sa ma\u00eetrise de la photographie, avant de quitter son travail pour se concentrer uniquement sur les clich\u00e9s de mode. Par la suite, il part se former aupr\u00e8s du directeur artistique <strong>Alexey Brodovitch<\/strong> au Design Laboratory de la New School for Social Research. En 1945, il fait ses d\u00e9buts en tant que photographe ind\u00e9pendant pour plusieurs magazines de mode, d&rsquo;art et de soci\u00e9t\u00e9, dont Harper&rsquo;s Bazaar.<\/p>\n<p>Apr\u00e8s 20 ans de collaboration avec la revue am\u00e9ricaine, il se tourne vers Vogue \u2013 un titre avec lequel il collabore jusqu&rsquo;\u00e0 l&rsquo;arriv\u00e9e d&rsquo;<strong>Anna Wintour<\/strong> en 1988. Durant cette p\u00e9riode, on lui doit plusieurs shootings et couvertures m\u00e9morables, dont une avec le mannequin <a href=\"https:\/\/www.vogue.fr\/mode\/galerie\/twiggy-style-ete-essentiels\" target=\"_blank\" rel=\"nofollow noopener\"><strong>Twiggy<\/strong><\/a> r\u00e9alis\u00e9e pour le num\u00e9ro de juillet 1967. <strong>Avedon<\/strong> continue ensuite \u00e0 photographier dans son studio, o\u00f9 il r\u00e9alise des campagnes publicitaires <strong>Calvin Klein<\/strong>, <strong>Versace<\/strong> ou encore <strong>Revlon<\/strong>, lorsque le top <strong>Brooke Shields<\/strong> \u00e9tait \u00e9g\u00e9rie. En plus de poursuivre ses photographies de mode, l&rsquo;artiste am\u00e9ricain explore son usage des portraits aupr\u00e8s de d\u00e9fenseurs des droits civiques, d&rsquo;hommes politiques et de figures culturelles majeures des \u00c9tats-Unis.<\/p>\n<p>Petra Alvarado, factory worker, on her birthday, El Paso, Texas, April 22, 1982.\u00a9 Richard Avedon<\/p>\n<p>Jesse Kleinsasser, pig man, Hutterite Colony, Harlowton, Montana, June 23, 1983.\u00a9 Richard Avedon<\/p>\n<p>Une nouvelle repr\u00e9sentation de l&rsquo;Ouest am\u00e9ricain<\/p>\n<p>C&rsquo;est en 1979 que tout commence. Le directeur du mus\u00e9e Amon Carter Museum of American Art, <strong>Mitchell A. Wilder<\/strong>, appelle le photographe <strong>Richard Avedon<\/strong> \u00e0 immortaliser l&rsquo;Ouest am\u00e9ricain. Intrigu\u00e9 par la demande, celui-ci se lance pendant les six prochaines ann\u00e9es de sa vie, de 1979 \u00e0 1984, dans un grand road trip, parcourant 17 \u00c9tats et pas moins de 189 villes. Sur sa route, <strong>Richard Avedon<\/strong> effectue 752 s\u00e9ances, exposant pr\u00e8s de 17 000 feuilles de film avec son appareil photo grand format. Or, au lieu de photographier des c\u00e9l\u00e9brit\u00e9s, des mannequins et des hommes politiques comme il avait l&rsquo;habitude d&rsquo;accueillir devant son objectif, <strong>Avedon<\/strong> capture des gens ordinaires, dont beaucoup sont confront\u00e9s aux difficult\u00e9s \u00e9conomiques et sociales de la vie am\u00e9ricaine. Mineurs, bouviers, forains, d\u00e9tenus, vendeurs, passants, en groupe ou individuel, tous se sont pr\u00eat\u00e9s au jeu du portrait. De cette fa\u00e7on, le photographe d\u00e9mant\u00e8le le mythe de l&rsquo;Ouest am\u00e9ricain en lui redonnant une nouvelle repr\u00e9sentation certes plus dure, mais surtout plus concr\u00e8te, soulignant l&rsquo;humanit\u00e9 de chaque personne. Il rassemble ces tirages dans un beau livre, intitul\u00e9 In the American West, qui parach\u00e8ve le statut de <strong>Richard Avedon<\/strong> en tant que ma\u00eetre du portrait photographique. Une s\u00e9rie \u00e0 (re)d\u00e9couvrir en int\u00e9gralit\u00e9 \u2013 pour la premi\u00e8re fois en Europe \u2013 sur les murs de la Fondation Henri Cartier-Bresson.<\/p>\n<p>Ruby Mercer, publicist, Frontier Days, Cheyenne, Wyoming, July 31, 1982.\u00a9 Richard Avedon<\/p>\n<p>Boyd Fortin, thirteen-year-old, Sweetwater, Texas, March 10, 1979.\u00a9 Richard Avedon<\/p>\n<p>In the American West de <strong>Richard Avedon<\/strong>, une exposition \u00e0 d\u00e9couvrir du 30 avril au 12 octobre 2025, \u00e0 la Fondation Henri Cartier-Bresson, 79, rue des archives, 75003, Paris.<\/p>\n<p><strong>Plus de <a href=\"https:\/\/www.vogue.fr\/dossier\/culture\" rel=\"nofollow noopener\" target=\"_blank\">culture<\/a> sur Vogue.fr :<\/strong><br \/><a href=\"https:\/\/www.vogue.fr\/article\/suzanne-valadon-centre-pompidou-exposition-2025\" rel=\"nofollow noopener\" target=\"_blank\">Suzanne Valadon \u00e0 l&rsquo;honneur d&rsquo;une exposition<\/a> d&rsquo;envergure au <a href=\"https:\/\/www.vogue.fr\/dossier\/centre-pompidou\" rel=\"nofollow noopener\" target=\"_blank\">Centre Pompidou<\/a><br \/><a href=\"https:\/\/www.vogue.fr\/article\/colette-exposition-paris-2025-bibliotheque-nationale-de-france\" rel=\"nofollow noopener\" target=\"_blank\">Une grande exposition d\u00e9di\u00e9e \u00e0 Colette<\/a> aura lieu cet <a href=\"https:\/\/www.vogue.fr\/dossier\/automne\" rel=\"nofollow noopener\" target=\"_blank\">automne<\/a><br \/><a href=\"https:\/\/www.vogue.fr\/article\/paul-poiret-la-mode-est-une-fete-exposition-paris-musee-des-arts-decoratifs\" rel=\"nofollow noopener\" target=\"_blank\">Paul Poiret<\/a>, figure embl\u00e9matique de la haute couture, aura bient\u00f4t sa premi\u00e8re exposition \u00e0 Paris<\/p>\n","protected":false},"excerpt":{"rendered":"L&rsquo;ouvrage embl\u00e9matique In the American West de Richard Avedon f\u00eate son 40\u00e8me anniversaire cette ann\u00e9e. \u00c0 cette occasion,&hellip;\n","protected":false},"author":2,"featured_media":50787,"comment_status":"","ping_status":"","sticky":false,"template":"","format":"standard","meta":{"footnotes":""},"categories":[1888],"tags":[11,1777,674,1349,1011,27,12,626,1756,25],"class_list":{"0":"post-50786","1":"post","2":"type-post","3":"status-publish","4":"format-standard","5":"has-post-thumbnail","7":"category-paris","8":"tag-actualites","9":"tag-eu","10":"tag-europe","11":"tag-expositions","12":"tag-fr","13":"tag-france","14":"tag-news","15":"tag-paris","16":"tag-photographie","17":"tag-republique-francaise"},"share_on_mastodon":{"url":"https:\/\/pubeurope.com\/@fr\/114396518310740877","error":""},"_links":{"self":[{"href":"https:\/\/www.europesays.com\/fr\/wp-json\/wp\/v2\/posts\/50786","targetHints":{"allow":["GET"]}}],"collection":[{"href":"https:\/\/www.europesays.com\/fr\/wp-json\/wp\/v2\/posts"}],"about":[{"href":"https:\/\/www.europesays.com\/fr\/wp-json\/wp\/v2\/types\/post"}],"author":[{"embeddable":true,"href":"https:\/\/www.europesays.com\/fr\/wp-json\/wp\/v2\/users\/2"}],"replies":[{"embeddable":true,"href":"https:\/\/www.europesays.com\/fr\/wp-json\/wp\/v2\/comments?post=50786"}],"version-history":[{"count":0,"href":"https:\/\/www.europesays.com\/fr\/wp-json\/wp\/v2\/posts\/50786\/revisions"}],"wp:featuredmedia":[{"embeddable":true,"href":"https:\/\/www.europesays.com\/fr\/wp-json\/wp\/v2\/media\/50787"}],"wp:attachment":[{"href":"https:\/\/www.europesays.com\/fr\/wp-json\/wp\/v2\/media?parent=50786"}],"wp:term":[{"taxonomy":"category","embeddable":true,"href":"https:\/\/www.europesays.com\/fr\/wp-json\/wp\/v2\/categories?post=50786"},{"taxonomy":"post_tag","embeddable":true,"href":"https:\/\/www.europesays.com\/fr\/wp-json\/wp\/v2\/tags?post=50786"}],"curies":[{"name":"wp","href":"https:\/\/api.w.org\/{rel}","templated":true}]}}