{"id":507863,"date":"2025-11-03T01:20:36","date_gmt":"2025-11-03T01:20:36","guid":{"rendered":"https:\/\/www.europesays.com\/fr\/507863\/"},"modified":"2025-11-03T01:20:36","modified_gmt":"2025-11-03T01:20:36","slug":"charles-coste-le-dernier-relayeur-de-la-flamme-est-mort-a-101-ans-liberation","status":"publish","type":"post","link":"https:\/\/www.europesays.com\/fr\/507863\/","title":{"rendered":"Charles Coste, le dernier relayeur de la flamme, est mort \u00e0 101 ans \u2013 Lib\u00e9ration"},"content":{"rendered":"<p class=\"sc-cPiKLX AiZTS text-element\">On l\u2019avait d\u00e9couvert sur son fauteuil roulant un soir de juillet 2024, tout de blanc v\u00eatu et tremp\u00e9 de la t\u00eate aux pieds. Dans le jardin des Tuileries, en conclusion de pr\u00e8s de quatre heures d\u2019une grandiose et pluvieuse <a href=\"https:\/\/www.liberation.fr\/idees-et-debats\/editorial\/ceremonie-douverture-des-jo-un-paris-de-carte-postale-sous-la-pluie-20240726_JBLUVLZ2HFGPTMQ45DB4NTMPPU\/\" target=\"_blank\" rel=\"noreferrer noopener\" title=\"https:\/\/www.liberation.fr\/idees-et-debats\/editorial\/ceremonie-douverture-des-jo-un-paris-de-carte-postale-sous-la-pluie-20240726_JBLUVLZ2HFGPTMQ45DB4NTMPPU\/\">c\u00e9r\u00e9monie d\u2019ouverture<\/a> des Jeux olympiques, <a href=\"https:\/\/www.liberation.fr\/sports\/jeux-olympiques\/jo-de-paris-2024-charles-coste-le-pistard-centenaire-doyen-des-porteurs-de-flamme-20240726_RVAYLN4OKBFGFFCT6OCVXWN5AA\/\" target=\"_blank\" rel=\"noreferrer noopener\" title=\"https:\/\/www.liberation.fr\/sports\/jeux-olympiques\/jo-de-paris-2024-charles-coste-le-pistard-centenaire-doyen-des-porteurs-de-flamme-20240726_RVAYLN4OKBFGFFCT6OCVXWN5AA\/\">Charles Coste<\/a> \u00e9tait apparu sur nos \u00e9crans de t\u00e9l\u00e9vision. Doyen de ce show XXL dans les rues de Paris, le centenaire avait re\u00e7u la flamme olympique des mains de <a href=\"https:\/\/www.liberation.fr\/sports\/2017\/05\/17\/laura-flessel-a-qui-profite-l-escrime_1570141\/\" target=\"_blank\" rel=\"noreferrer noopener\" title=\"https:\/\/www.liberation.fr\/sports\/2017\/05\/17\/laura-flessel-a-qui-profite-l-escrime_1570141\/\">Laura Flessel<\/a>, pour ensuite transmettre le flambeau \u00e0 <a href=\"https:\/\/www.liberation.fr\/sports\/jeux-olympiques\/marie-jose-perec-je-dis-aux-filles-quil-faut-defoncer-le-plafond-20240307_DHAN5PRFN5GZHKNAOOA56KSJ3Q\/\" target=\"_blank\" rel=\"noreferrer noopener\" title=\"https:\/\/www.liberation.fr\/sports\/jeux-olympiques\/marie-jose-perec-je-dis-aux-filles-quil-faut-defoncer-le-plafond-20240307_DHAN5PRFN5GZHKNAOOA56KSJ3Q\/\">Marie-Jos\u00e9 P\u00e9rec<\/a> et Teddy Riner. Charles Coste avait ensuite regard\u00e9 la vasque s\u2019envoler dans le ciel et entendu au loin C\u00e9line Dion chanter <a href=\"https:\/\/www.liberation.fr\/sports\/jeux-olympiques\/jo-de-paris-2024-lhymne-a-lamour-et-gojira-champions-des-ecoutes-20240727_FX44MMQGZBCOZC5OG6OGCYIQTM\/\" target=\"_blank\" rel=\"noreferrer noopener\" title=\"https:\/\/www.liberation.fr\/sports\/jeux-olympiques\/jo-de-paris-2024-lhymne-a-lamour-et-gojira-champions-des-ecoutes-20240727_FX44MMQGZBCOZC5OG6OGCYIQTM\/\">l\u2019Hymne \u00e0 l\u2019amour<\/a>. L\u2019avant-dernier relayeur de la flamme est mort jeudi 30 octobre, a annonc\u00e9 la ministre des Sports Marina Ferrari, reprenant une information publi\u00e9e ce dimanche par <a href=\"https:\/\/www.leparisien.fr\/sports\/cyclisme\/le-champion-olympique-charles-coste-avant-dernier-relayeur-des-jo-de-paris-2024-est-mort-a-101-ans-02-11-2025-GT6MYLQ3ZJGANJ6BGN57SYZLUA.php?ts=1762105367464\" target=\"_blank\" rel=\"noreferrer noopener\" title=\"https:\/\/www.leparisien.fr\/sports\/cyclisme\/le-champion-olympique-charles-coste-avant-dernier-relayeur-des-jo-de-paris-2024-est-mort-a-101-ans-02-11-2025-GT6MYLQ3ZJGANJ6BGN57SYZLUA.php?ts=1762105367464\">le Parisien<\/a>. Le plus vieux champion olympique encore vivant (depuis la mort de la hongroise Agnes Keleti en janvier) avait 101 ans.<\/p>\n<p class=\"sc-cPiKLX AiZTS text-element\">Avant de briller en mondovision, Charles Coste avait connu le succ\u00e8s dans un quasi-anonymat. N\u00e9 en 1924 dans une famille de vignerons du Var, <a href=\"https:\/\/www.liberation.fr\/sports\/jeux-olympiques\/quand-on-leur-dit-quil-y-a-eu-les-jo-ici-les-gens-sont-surpris-de-colombes-a-vincennes-sur-les-traces-des-jeux-de-1924-20240322_PHBRY7X6VFDNRA3O3USOORITHE\/\" target=\"_blank\" rel=\"noreferrer noopener\" title=\"https:\/\/www.liberation.fr\/sports\/jeux-olympiques\/quand-on-leur-dit-quil-y-a-eu-les-jo-ici-les-gens-sont-surpris-de-colombes-a-vincennes-sur-les-traces-des-jeux-de-1924-20240322_PHBRY7X6VFDNRA3O3USOORITHE\/\">ann\u00e9e o\u00f9 Paris accueillait d\u00e9j\u00e0 les JO<\/a>, il s\u2019\u00e9tait pris de passion pour le v\u00e9lo. Solide sur la route, le Varois l\u2019\u00e9tait plus encore sur la piste. De tous les formats qu\u2019offre la longue courbe ovale inclin\u00e9e, il y en avait un en particulier o\u00f9 il excellait : la poursuite.<\/p>\n<p class=\"sc-cPiKLX AiZTS text-element\">Champion national de la discipline en 1947, Charles Coste avait logiquement \u00e9t\u00e9 nomm\u00e9 capitaine des quatre cyclistes tricolores envoy\u00e9s sur le v\u00e9lodrome de Londres en 1948 pour repr\u00e9senter la France aux premiers JO post-Seconde Guerre mondiale. Sur la piste de Herne Hill, au sud de la capitale anglaise, la bande avait r\u00e9alis\u00e9 le coup parfait, effa\u00e7ant chez eux les favoris Anglais sous l\u2019\u0153il de 15 000 spectateurs, avant d\u2019\u00e9craser les Italiens en finale le lendemain.<\/p>\n<p class=\"sc-cPiKLX AiZTS text-element\">Bien qu\u2019en pleine croissance, les Jeux, \u00e0 l\u2019\u00e9poque r\u00e9serv\u00e9s aux amateurs, n\u2019\u00e9taient pas encore l\u2019\u00e9norme raout quadriennal qu\u2019ils sont devenus, et l\u2019exploit du quatuor n\u2019\u00e9tait pas revenu aux oreilles de tous les Fran\u00e7ais. \u00abLe podium, c\u2019\u00e9tait plut\u00f4t un petit plot, il a fallu qu\u2019on se serre tous les quatre pour ne pas tomber\u00bb, racontait-il \u00e0 <a href=\"https:\/\/www.lequipe.fr\/Cyclisme-sur-piste\/Article\/Charles-coste-plus-vieux-champion-olympique-francais\/1276913\" target=\"_blank\" rel=\"noopener\">l\u2019Equipe<\/a>, en 2021. Les m\u00e9dailles ? \u00abElles ne brillaient pas trop, elles n\u2019\u00e9taient qu\u2019en plaqu\u00e9 or, c\u2019\u00e9tait apr\u00e8s la guerre\u2026\u00bb Pas de Marseillaise non plus : \u00abIls n\u2019ont pas d\u00fb trouver le disque\u2026\u00bb La bande avait tout de m\u00eame \u00e9t\u00e9 re\u00e7ue \u00e0 l\u2019Elys\u00e9e, avec tous les m\u00e9daill\u00e9s fran\u00e7ais, par le pr\u00e9sident Vincent Auriol.<\/p>\n<p class=\"sc-cPiKLX AiZTS text-element\">Au sortir des JO, Charles Coste \u00e9tait pass\u00e9 professionnel. Il avait remport\u00e9 le Grand prix des Nations (l\u2019anc\u00eatre des championnats du monde de contre-la-montre), sign\u00e9 quelques places de choix sur des courses en ligne et pris part \u00e0 deux Tour de France (en 1952 et 1957, pour deux abandons). Les ann\u00e9es passant, le cycliste avait fini par laisser son v\u00e9lo de c\u00f4t\u00e9 pour mener une plus reposante carri\u00e8re de commercial. Longtemps rest\u00e9 dans l\u2019oubli, son exploit avait \u00e9t\u00e9 d\u00e9poussi\u00e9r\u00e9 \u00e0 l\u2019approche des Jeux de Paris. Charles Coste avait \u00e9t\u00e9 d\u00e9cor\u00e9 de la L\u00e9gion d\u2019honneur en 2022 avant d\u2019endosser le surv\u00eatement de plus vieux relayeur de la flamme olympique.<\/p>\n<p class=\"sc-cPiKLX AiZTS text-element\">Depuis, le centenaire star s\u2019\u00e9tait fait discret, fatigu\u00e9 par \u00abla cohue\u00bb v\u00e9cue \u00e0 Paris et la venue de journalistes du monde entier dans son appartement de Bois-Colombes, dans les Hauts-de-Seine. De ce moment privil\u00e9gi\u00e9 pass\u00e9 dans le jardin des Tuileries, au milieu d\u2019une capitale confin\u00e9e, Charles Coste avait malgr\u00e9 tout gard\u00e9 un paquet de souvenirs et il en parlait toujours avec des \u00e9toiles plein les yeux. \u00abVoir cette flamme s\u2019\u00e9lever a \u00e9t\u00e9 une des plus belles choses de ma longue vie\u00bb, avait-il racont\u00e9 au Parisien apr\u00e8s la c\u00e9r\u00e9monie. La sienne s\u2019est \u00e9teinte cette semaine.<\/p>\n","protected":false},"excerpt":{"rendered":"On l\u2019avait d\u00e9couvert sur son fauteuil roulant un soir de juillet 2024, tout de blanc v\u00eatu et tremp\u00e9&hellip;\n","protected":false},"author":2,"featured_media":507864,"comment_status":"","ping_status":"","sticky":false,"template":"","format":"standard","meta":{"footnotes":""},"categories":[1888],"tags":[11,1777,674,1011,27,7941,12,626,25],"class_list":{"0":"post-507863","1":"post","2":"type-post","3":"status-publish","4":"format-standard","5":"has-post-thumbnail","7":"category-paris","8":"tag-actualites","9":"tag-eu","10":"tag-europe","11":"tag-fr","12":"tag-france","13":"tag-jo-paris-2024","14":"tag-news","15":"tag-paris","16":"tag-republique-francaise"},"share_on_mastodon":{"url":"https:\/\/pubeurope.com\/@fr\/115483143565865963","error":""},"_links":{"self":[{"href":"https:\/\/www.europesays.com\/fr\/wp-json\/wp\/v2\/posts\/507863","targetHints":{"allow":["GET"]}}],"collection":[{"href":"https:\/\/www.europesays.com\/fr\/wp-json\/wp\/v2\/posts"}],"about":[{"href":"https:\/\/www.europesays.com\/fr\/wp-json\/wp\/v2\/types\/post"}],"author":[{"embeddable":true,"href":"https:\/\/www.europesays.com\/fr\/wp-json\/wp\/v2\/users\/2"}],"replies":[{"embeddable":true,"href":"https:\/\/www.europesays.com\/fr\/wp-json\/wp\/v2\/comments?post=507863"}],"version-history":[{"count":0,"href":"https:\/\/www.europesays.com\/fr\/wp-json\/wp\/v2\/posts\/507863\/revisions"}],"wp:featuredmedia":[{"embeddable":true,"href":"https:\/\/www.europesays.com\/fr\/wp-json\/wp\/v2\/media\/507864"}],"wp:attachment":[{"href":"https:\/\/www.europesays.com\/fr\/wp-json\/wp\/v2\/media?parent=507863"}],"wp:term":[{"taxonomy":"category","embeddable":true,"href":"https:\/\/www.europesays.com\/fr\/wp-json\/wp\/v2\/categories?post=507863"},{"taxonomy":"post_tag","embeddable":true,"href":"https:\/\/www.europesays.com\/fr\/wp-json\/wp\/v2\/tags?post=507863"}],"curies":[{"name":"wp","href":"https:\/\/api.w.org\/{rel}","templated":true}]}}