{"id":50788,"date":"2025-04-25T03:38:08","date_gmt":"2025-04-25T03:38:08","guid":{"rendered":"https:\/\/www.europesays.com\/fr\/50788\/"},"modified":"2025-04-25T03:38:08","modified_gmt":"2025-04-25T03:38:08","slug":"un-homme-ivre-retrouve-mort-dans-une-cellule-dun-commissariat","status":"publish","type":"post","link":"https:\/\/www.europesays.com\/fr\/50788\/","title":{"rendered":"Un homme ivre retrouv\u00e9 mort dans une cellule d\u2019un commissariat"},"content":{"rendered":"<p>La <a href=\"https:\/\/www.20minutes.fr\/justice\/\" target=\"_blank\" class=\"color-ultramarine c-link\" rel=\"noopener\">justice<\/a> va tenter de comprendre les raisons d\u2019un d\u00e9c\u00e8s mercredi soir dans un commissariat parisien. Une enqu\u00eate a en effet \u00e9t\u00e9 ouverte apr\u00e8s qu\u2019un homme de 41 ans a \u00e9t\u00e9 retrouv\u00e9 mort dans une cellule apr\u00e8s un passage \u00e0 l\u2019h\u00f4pital.<\/p>\n<p>\u00ab\u00a0Le parquet de <a href=\"https:\/\/www.20minutes.fr\/paris\/\" target=\"_blank\" class=\"color-ultramarine c-link\" rel=\"noopener\">Paris<\/a> a ouvert une enqu\u00eate en recherche des causes de la mort apr\u00e8s le d\u00e9c\u00e8s d\u2019un individu plac\u00e9 en cellule de d\u00e9grisement dans les locaux du commissariat de police du 18e\u00a0arrondissement. Cette enqu\u00eate a \u00e9t\u00e9 confi\u00e9e au commissariat du 15e\u00a0arrondissement\u00a0\u00bb, a pr\u00e9cis\u00e9 jeudi le minist\u00e8re public.<\/p>\n<p>L\u2019homme \u00ab\u00a0plac\u00e9 en position lat\u00e9rale de s\u00e9curit\u00e9\u00a0\u00bb<\/p>\n<p>Mercredi \u00ab\u00a0\u00e0 18h25, Adrian B., n\u00e9 en octobre\u00a01983 en <a href=\"https:\/\/www.20minutes.fr\/dossier\/roumanie\" target=\"_blank\" class=\"color-ultramarine c-link\" rel=\"noopener\">Roumanie<\/a>, a \u00e9t\u00e9 pris en charge en \u00e9tat d\u2019ivresse publique et manifeste par les services de police sur la voie publique rue Doudeauville. Il a \u00e9t\u00e9 directement conduit \u00e0 l\u2019h\u00f4pital Bichat \u00e0 18h50, o\u00f9 un bulletin de non-admission et un certificat de compatibilit\u00e9 avec une mesure de garde \u00e0 vue (mesure dont il ne faisait d\u2019ailleurs pas l\u2019objet) ont \u00e9t\u00e9 d\u00e9livr\u00e9s\u00a0\u00bb, a indiqu\u00e9 le parquet.<\/p>\n<\/p>\n<p>\u00ab\u00a0Il a ensuite \u00e9t\u00e9 ramen\u00e9 au commissariat du 18e\u00a0arrondissement \u00e0 20h10, o\u00f9 il a \u00e9t\u00e9 plac\u00e9 en cellule de d\u00e9grisement munie de cam\u00e9ras, et plac\u00e9 en position lat\u00e9rale de s\u00e9curit\u00e9 du fait de son \u00e9tat d\u2019alcoolisation encore tr\u00e8s avanc\u00e9\u00a0\u00bb, selon la m\u00eame source. \u00ab\u00a0Des rondes ont ensuite \u00e9t\u00e9 effectu\u00e9es toutes les 30 minutes. A 22h15, le chef de poste a constat\u00e9 que l\u2019individu ne ronflait plus et semblait en arr\u00eat cardio-respiratoire. Il lui a prodigu\u00e9 un massage cardiaque et fait usage du d\u00e9fibrillateur. Les sapeurs-pompiers sont intervenus \u00e0 22h30 et ont poursuivi le massage cardiaque pendant un quart d\u2019heure avant de d\u00e9clarer le d\u00e9c\u00e8s\u00a0\u00bb.<\/p>\n<p>\u00ab\u00a0Pas de trace de blessures\u00a0\u00bb<\/p>\n<p>\u00ab\u00a0Le corps du d\u00e9funt ne pr\u00e9sentait pas de trace de blessures en dehors des signes de r\u00e9animation. Dans les poches d\u2019Adrian B. ont \u00e9t\u00e9 retrouv\u00e9s des documents m\u00e9dicaux indiquant un suivi en h\u00e9patologie et la prise de m\u00e9thadone\u00a0\u00bb, un m\u00e9dicament de substitution aux <a href=\"https:\/\/www.20minutes.fr\/dossier\/drogue\" target=\"_blank\" class=\"color-ultramarine c-link\" rel=\"noopener\">opio\u00efdes<\/a>, \u00ab\u00a0et diaz\u00e9pam\u00a0\u00bb, un anxiolytique. L\u2019Assistance publique-Hopitaux de Paris n\u2019a pour sa part pas comment\u00e9, invoquant le secret m\u00e9dical.<\/p>\n<p><a href=\"https:\/\/www.20minutes.fr\/faits_divers\/faits-divers-paris\/\" target=\"_blank\" class=\"c-link c-btn c-btn--primary\" rel=\"noopener\">Notre dossier Faits divers \u00e0 Paris<\/a><\/p>\n<p>Sur le site du minist\u00e8re de la Sant\u00e9, la proc\u00e9dure pour l\u2019admission d\u2019un patient en \u00e9tat d\u2019\u00e9bri\u00e9t\u00e9 est d\u00e9taill\u00e9e. Il est pr\u00e9cis\u00e9 ainsi que \u00ab\u00a0seuls les policiers et les gendarmes sont habilit\u00e9s \u00e0 conduire une personne en \u00e9tat d\u2019\u00e9bri\u00e9t\u00e9 \u00e0 l\u2019\u00e9tablissement de sant\u00e9 pour obtenir le certificat de non-admission indispensable avant son placement en chambre de d\u00e9grisement\u00a0\u00bb. Est alors r\u00e9alis\u00e9 un \u00ab\u00a0examen m\u00e9dical standard\u00a0\u00bb. \u00ab\u00a0Si l\u2019hospitalisation n\u2019appara\u00eet pas n\u00e9cessaire, un certificat de non-admission doit \u00eatre remis aux services de police. Si un traitement est d\u00e9cid\u00e9 par les m\u00e9decins, celui-ci doit \u00eatre int\u00e9gralement r\u00e9alis\u00e9 \u00e0 l\u2019\u00e9tablissement de sant\u00e9. Aucun soin ne peut \u00eatre continu\u00e9 dans les locaux de la police\u00a0\u00bb.<\/p>\n","protected":false},"excerpt":{"rendered":"La justice va tenter de comprendre les raisons d\u2019un d\u00e9c\u00e8s mercredi soir dans un commissariat parisien. Une enqu\u00eate&hellip;\n","protected":false},"author":2,"featured_media":50789,"comment_status":"","ping_status":"","sticky":false,"template":"","format":"standard","meta":{"footnotes":""},"categories":[1888],"tags":[47,11,5702,14367,1777,674,118,658,1011,27,662,303,12,626,1072,25,133],"class_list":{"0":"post-50788","1":"post","2":"type-post","3":"status-publish","4":"format-standard","5":"has-post-thumbnail","7":"category-paris","8":"tag-actualite","9":"tag-actualites","10":"tag-alcool","11":"tag-commissariat","12":"tag-eu","13":"tag-europe","14":"tag-faits-divers","15":"tag-faits-divers-paris","16":"tag-fr","17":"tag-france","18":"tag-ile-de-france","19":"tag-justice","20":"tag-news","21":"tag-paris","22":"tag-police","23":"tag-republique-francaise","24":"tag-video"},"share_on_mastodon":{"url":"","error":""},"_links":{"self":[{"href":"https:\/\/www.europesays.com\/fr\/wp-json\/wp\/v2\/posts\/50788","targetHints":{"allow":["GET"]}}],"collection":[{"href":"https:\/\/www.europesays.com\/fr\/wp-json\/wp\/v2\/posts"}],"about":[{"href":"https:\/\/www.europesays.com\/fr\/wp-json\/wp\/v2\/types\/post"}],"author":[{"embeddable":true,"href":"https:\/\/www.europesays.com\/fr\/wp-json\/wp\/v2\/users\/2"}],"replies":[{"embeddable":true,"href":"https:\/\/www.europesays.com\/fr\/wp-json\/wp\/v2\/comments?post=50788"}],"version-history":[{"count":0,"href":"https:\/\/www.europesays.com\/fr\/wp-json\/wp\/v2\/posts\/50788\/revisions"}],"wp:featuredmedia":[{"embeddable":true,"href":"https:\/\/www.europesays.com\/fr\/wp-json\/wp\/v2\/media\/50789"}],"wp:attachment":[{"href":"https:\/\/www.europesays.com\/fr\/wp-json\/wp\/v2\/media?parent=50788"}],"wp:term":[{"taxonomy":"category","embeddable":true,"href":"https:\/\/www.europesays.com\/fr\/wp-json\/wp\/v2\/categories?post=50788"},{"taxonomy":"post_tag","embeddable":true,"href":"https:\/\/www.europesays.com\/fr\/wp-json\/wp\/v2\/tags?post=50788"}],"curies":[{"name":"wp","href":"https:\/\/api.w.org\/{rel}","templated":true}]}}